{"id":1447,"date":"2018-08-09T14:31:55","date_gmt":"2018-08-09T12:31:55","guid":{"rendered":"http:\/\/nettop.guru\/wordpress\/?p=1447"},"modified":"2018-08-27T15:22:57","modified_gmt":"2018-08-27T13:22:57","slug":"atferdsokonomi-motivasjon-psykologi-og-beslutningsfeller","status":"publish","type":"post","link":"https:\/\/nettop.guru\/wordpress\/atferdsokonomi-motivasjon-psykologi-og-beslutningsfeller\/","title":{"rendered":"Atferds\u00f8konomi: Motivasjon, psykologi og beslutningsfeller"},"content":{"rendered":"<p>Hva er det som ligger til grunn n\u00e5r vi skal gj\u00f8re et \u00f8konomisk valg? Er vi sikre p\u00e5 at vi alltid handler rasjonelt, eller kan det v\u00e6re flere faktorer som spiller inn? Professor Ola Kval\u00f8y forteller om hvilke psykologiske mekanismer som virker inn p\u00e5 beslutninger, og hvilke feller det er vanlig \u00e5 g\u00e5 i.<\/p>\n<div class=\"powerpress_player\" id=\"powerpress_player_4488\"><audio class=\"wp-audio-shortcode\" id=\"audio-1447-1\" preload=\"none\" style=\"width: 100%;\" controls=\"controls\"><source type=\"audio\/mpeg\" src=\"https:\/\/media.blubrry.com\/erasmus_enfermera_espaola\/dts.podtrac.com\/redirect.mp3\/podcast.uis.no\/media\/ONS\/Ola_Kvaloey.mp3?_=1\" \/><a href=\"https:\/\/media.blubrry.com\/erasmus_enfermera_espaola\/dts.podtrac.com\/redirect.mp3\/podcast.uis.no\/media\/ONS\/Ola_Kvaloey.mp3\">https:\/\/media.blubrry.com\/erasmus_enfermera_espaola\/dts.podtrac.com\/redirect.mp3\/podcast.uis.no\/media\/ONS\/Ola_Kvaloey.mp3<\/a><\/audio><\/div><p class=\"powerpress_links powerpress_links_mp3\" style=\"margin-bottom: 1px !important;\">Podcast: <a href=\"https:\/\/media.blubrry.com\/erasmus_enfermera_espaola\/dts.podtrac.com\/redirect.mp3\/podcast.uis.no\/media\/ONS\/Ola_Kvaloey.mp3\" class=\"powerpress_link_pinw\" target=\"_blank\" title=\"Play in new window\" onclick=\"return powerpress_pinw('https:\/\/nettop.guru\/wordpress\/?powerpress_pinw=1447-podcast');\" rel=\"nofollow\">Play in new window<\/a> | <a href=\"https:\/\/media.blubrry.com\/erasmus_enfermera_espaola\/dts.podtrac.com\/redirect.mp3\/podcast.uis.no\/media\/ONS\/Ola_Kvaloey.mp3\" class=\"powerpress_link_d\" title=\"Download\" rel=\"nofollow\" download=\"Ola_Kvaloey.mp3\">Download<\/a> (Duration: 10:09 &#8212; 9.3MB) | <a href=\"#\" class=\"powerpress_link_e\" title=\"Embed\" onclick=\"return powerpress_show_embed('1447-podcast');\" rel=\"nofollow\">Embed<\/a><\/p><p class=\"powerpress_embed_box\" id=\"powerpress_embed_1447-podcast\" style=\"display: none;\"><input id=\"powerpress_embed_1447-podcast_t\" type=\"text\" value=\"&lt;iframe width=&quot;320&quot; height=&quot;30&quot; src=&quot;https:\/\/nettop.guru\/wordpress\/?powerpress_embed=1447-podcast&amp;amp;powerpress_player=mediaelement-audio&quot; title=&quot;Blubrry Podcast Player&quot; frameborder=&quot;0&quot; scrolling=&quot;no&quot;&gt;&lt;\/iframe&gt;\" onclick=\"javascript: this.select();\" onfocus=\"javascript: this.select();\" style=\"width: 70%;\" readOnly><\/p><p class=\"powerpress_links powerpress_subscribe_links\">Subscribe: <a href=\"https:\/\/subscribebyemail.com\/nettop.guru\/wordpress\/feed\/podcast\/\" class=\"powerpress_link_subscribe powerpress_link_subscribe_email\" target=\"_blank\" title=\"Subscribe by Email\" rel=\"nofollow\">Email<\/a> | <a href=\"https:\/\/nettop.guru\/wordpress\/feed\/podcast\/\" class=\"powerpress_link_subscribe powerpress_link_subscribe_rss\" target=\"_blank\" title=\"Subscribe via RSS\" rel=\"nofollow\">RSS<\/a> | <a href=\"https:\/\/nettop.guru\/wordpress\/\" class=\"powerpress_link_subscribe powerpress_link_subscribe_more\" target=\"_blank\" title=\"More\" rel=\"nofollow\">More<\/a><\/p><!--powerpress_player-->","protected":false},"excerpt":{"rendered":"<p>Hva er det som ligger til grunn n\u00e5r vi skal gj\u00f8re et \u00f8konomisk valg? Er vi sikre p\u00e5 at vi alltid handler rasjonelt, eller kan det v\u00e6re flere faktorer som spiller inn? Professor Ola Kval\u00f8y forteller om hvilke psykologiske mekanismer <span class=\"readmore\"><a href=\"https:\/\/nettop.guru\/wordpress\/atferdsokonomi-motivasjon-psykologi-og-beslutningsfeller\/\">Les mer &#8230;<\/a><\/span><\/p>\n","protected":false},"author":5,"featured_media":1450,"comment_status":"closed","ping_status":"closed","sticky":false,"template":"","format":"standard","meta":{"jetpack_post_was_ever_published":false,"_jetpack_newsletter_access":"","_jetpack_dont_email_post_to_subs":false,"_jetpack_newsletter_tier_id":0,"_jetpack_memberships_contains_paywalled_content":false,"_jetpack_memberships_contains_paid_content":false,"footnotes":"","jetpack_publicize_message":"","jetpack_publicize_feature_enabled":true,"jetpack_social_post_already_shared":true,"jetpack_social_options":{"image_generator_settings":{"template":"highway","default_image_id":0,"font":"","enabled":false},"version":2}},"categories":[115],"tags":[],"class_list":["post-1447","post","type-post","status-publish","format-standard","has-post-thumbnail","hentry","category-sound-of-science"],"jetpack_publicize_connections":[],"jetpack_featured_media_url":"https:\/\/i0.wp.com\/nettop.guru\/wordpress\/wp-content\/uploads\/2018\/08\/ons_post_engelsklogo_440.jpg?fit=440%2C300&ssl=1","jetpack_sharing_enabled":true,"jetpack_shortlink":"https:\/\/wp.me\/p7OAJ5-nl","jetpack-related-posts":[{"id":3358,"url":"https:\/\/nettop.guru\/wordpress\/robust-og-sosial-og-emosjonell-kompetanse\/","url_meta":{"origin":1447,"position":0},"title":"ROBUST og sosial og emosjonell kompetanse","author":"NettOp UiS","date":"23\/11\/2022","format":false,"excerpt":"I samtale med professor Terje Ogden fra NUBU reflekterer f\u00f8rsteamanuensis Kjersti Tharaldsen over viktigheten av sosial og emosjonell kompetanse i en fremtidsrettet skolekontekst. Podkastepisoden retter seg mot l\u00e6rere p\u00e5 ungdomstrinnet og andre som jobber i eller med skole. Ogden mener undervisningsopplegget ROBUST har klart \u00e5 ta innover seg det viktigste\u2026","rel":"","context":"In &quot;ROBUST&quot;","block_context":{"text":"ROBUST","link":"https:\/\/nettop.guru\/wordpress\/category\/robust\/"},"img":{"alt_text":"","src":"https:\/\/i0.wp.com\/nettop.guru\/wordpress\/wp-content\/uploads\/2022\/11\/ROBUST-podkast-440x300-px.jpg?fit=440%2C300&ssl=1&resize=350%2C200","width":350,"height":200},"classes":[]},{"id":2837,"url":"https:\/\/nettop.guru\/wordpress\/forsker-pa-biologiske-mekanismer-involvert-i-fatigue\/","url_meta":{"origin":1447,"position":1},"title":"Forsker p\u00e5 biologiske mekanismer involvert i fatigue.","author":"NettOp UiS","date":"04\/11\/2021","format":false,"excerpt":"\u00a0I denne episoden er Live Egeland Eidem gjest i studio. Live Egeland Eidem jobber som stipendiat ved Stavanger universitetssjukehus, og er del av en forskningsgruppe som forsker p\u00e5 hvilke biologiske mekanismer som kan for\u00e5rsake fatigue \u2013 et fenomen som kan defineres som en overveldende f\u00f8lelse av tr\u00f8tthet, mangel p\u00e5 energi\u2026","rel":"","context":"In &quot;Labsnakk&quot;","block_context":{"text":"Labsnakk","link":"https:\/\/nettop.guru\/wordpress\/category\/labsnakk\/"},"img":{"alt_text":"","src":"https:\/\/i0.wp.com\/nettop.guru\/wordpress\/wp-content\/uploads\/2020\/05\/labsnakk_post_440.jpg?fit=440%2C300&ssl=1&resize=350%2C200","width":350,"height":200},"classes":[]},{"id":4522,"url":"https:\/\/nettop.guru\/wordpress\/hvordan-integrere-seg-i-det-nye-studielivet\/","url_meta":{"origin":1447,"position":2},"title":"Hvordan integrere seg i det nye studielivet","author":"NettOp UiS","date":"31\/10\/2024","format":false,"excerpt":"I denne episoden har vi med oss Anne Marit Aspenes, som er studieveileder p\u00e5 veiledningstjenesten her p\u00e5 universitetet i Stavanger. Vi tar for oss hvordan det kan v\u00e6re som ny student i byen, b\u00e5de det positive og negative. Samtidig som vi, med hjelp av studieveileder, kommer med nyttige tips og\u2026","rel":"","context":"In &quot;R\u00f8d\/Gr\u00f8nn sone&quot;","block_context":{"text":"R\u00f8d\/Gr\u00f8nn sone","link":"https:\/\/nettop.guru\/wordpress\/category\/rod-gronn-sone\/"},"img":{"alt_text":"","src":"https:\/\/i0.wp.com\/nettop.guru\/wordpress\/wp-content\/uploads\/2022\/02\/UiS_logo_Podcast_440x300px_RodGronnSone.png?fit=440%2C300&ssl=1&resize=350%2C200","width":350,"height":200},"classes":[]},{"id":4274,"url":"https:\/\/nettop.guru\/wordpress\/et-positivt-omdomme-en-ressurs-i-mote-med-arbeidsoppgaver-og-personer\/","url_meta":{"origin":1447,"position":3},"title":"Et positivt omd\u00f8mme \u2013 en ressurs i m\u00f8te med arbeidsoppgaver og personer","author":"NettOp UiS","date":"13\/01\/2025","format":false,"excerpt":"Denne episoden viser frem hvilke dilemmaer vi kan komme opp i n\u00e5r vi h\u00f8rer rykter og sladder. Skal vi tro p\u00e5 det vi h\u00f8rer om andre personer sine gj\u00f8rem\u00e5l og handlinger? Vi b\u00f8r tenke over hva som er intensjonen med rykter og sosial informasjon. Episoden peker p\u00e5 hvilke r\u00e5d retorikk\u2026","rel":"","context":"In &quot;Omd\u00f8mme, rykte og sladder&quot;","block_context":{"text":"Omd\u00f8mme, rykte og sladder","link":"https:\/\/nettop.guru\/wordpress\/category\/omdomme-rykte-og-sladder\/"},"img":{"alt_text":"","src":"https:\/\/i0.wp.com\/nettop.guru\/wordpress\/wp-content\/uploads\/2024\/12\/Podcast_OmdommeNarveDolve_440x300px.png?fit=440%2C300&ssl=1&resize=350%2C200","width":350,"height":200},"classes":[]},{"id":4595,"url":"https:\/\/nettop.guru\/wordpress\/guds-forelegger-et-intervju-om-hvordan-norges-viktigste-bibel-blir-til\/","url_meta":{"origin":1447,"position":4},"title":"Episode 13:  Hvordan Norges viktigste bibel blir til","author":"NettOp UiS","date":"18\/08\/2025","format":false,"excerpt":"Hvordan oversetter man egentlig Bibelen \u2013 og hvorfor gj\u00f8r man det igjen og igjen? I denne episoden av\u00a0Refill\u00a0m\u00f8ter vi Julian Kirkeby Lysvik, seniorr\u00e5dgiver for bibeloversettelse ved Det Norske Bibelselskap. Han tar oss med bak kulissene i arbeidet med den nyeste revisjonen av Bibelen, som ble lansert i fjor. Hva ligger\u2026","rel":"","context":"In &quot;Refill&quot;","block_context":{"text":"Refill","link":"https:\/\/nettop.guru\/wordpress\/category\/refill-en-podkast-om-religion-filosofi-og-livssyn\/"},"img":{"alt_text":"","src":"https:\/\/i0.wp.com\/nettop.guru\/wordpress\/wp-content\/uploads\/2024\/12\/UiS_REFILL_Podcast_440x300px.png?fit=440%2C300&ssl=1&resize=350%2C200","width":350,"height":200},"classes":[]},{"id":3342,"url":"https:\/\/nettop.guru\/wordpress\/robust-og-mestringsressurser\/","url_meta":{"origin":1447,"position":5},"title":"Robust og mestringsressurser","author":"NettOp UiS","date":"22\/11\/2022","format":false,"excerpt":"I samtale med professor Edvin Bru reflekterer f\u00f8rsteamanuensis Kjersti Tharaldsen over ulike m\u00e5ter undervisningsopplegget ROBUST kan stimulere til gode mestringsressurser p\u00e5. Undervisningsopplegget ROBUST er utviklet for elever p\u00e5 ungdomstrinnet, og tiltaket vektlegger sosiale og emosjonelle kompetanser som sentrale for mestring av skolehverdagen og livet ellers. Episoden retter seg mot l\u00e6rere\u2026","rel":"","context":"In &quot;ROBUST&quot;","block_context":{"text":"ROBUST","link":"https:\/\/nettop.guru\/wordpress\/category\/robust\/"},"img":{"alt_text":"","src":"https:\/\/i0.wp.com\/nettop.guru\/wordpress\/wp-content\/uploads\/2022\/11\/ROBUST-podkast-440x300-px.jpg?fit=440%2C300&ssl=1&resize=350%2C200","width":350,"height":200},"classes":[]}],"_links":{"self":[{"href":"https:\/\/nettop.guru\/wordpress\/wp-json\/wp\/v2\/posts\/1447","targetHints":{"allow":["GET"]}}],"collection":[{"href":"https:\/\/nettop.guru\/wordpress\/wp-json\/wp\/v2\/posts"}],"about":[{"href":"https:\/\/nettop.guru\/wordpress\/wp-json\/wp\/v2\/types\/post"}],"author":[{"embeddable":true,"href":"https:\/\/nettop.guru\/wordpress\/wp-json\/wp\/v2\/users\/5"}],"replies":[{"embeddable":true,"href":"https:\/\/nettop.guru\/wordpress\/wp-json\/wp\/v2\/comments?post=1447"}],"version-history":[{"count":3,"href":"https:\/\/nettop.guru\/wordpress\/wp-json\/wp\/v2\/posts\/1447\/revisions"}],"predecessor-version":[{"id":1463,"href":"https:\/\/nettop.guru\/wordpress\/wp-json\/wp\/v2\/posts\/1447\/revisions\/1463"}],"wp:featuredmedia":[{"embeddable":true,"href":"https:\/\/nettop.guru\/wordpress\/wp-json\/wp\/v2\/media\/1450"}],"wp:attachment":[{"href":"https:\/\/nettop.guru\/wordpress\/wp-json\/wp\/v2\/media?parent=1447"}],"wp:term":[{"taxonomy":"category","embeddable":true,"href":"https:\/\/nettop.guru\/wordpress\/wp-json\/wp\/v2\/categories?post=1447"},{"taxonomy":"post_tag","embeddable":true,"href":"https:\/\/nettop.guru\/wordpress\/wp-json\/wp\/v2\/tags?post=1447"}],"curies":[{"name":"wp","href":"https:\/\/api.w.org\/{rel}","templated":true}]}}