{"id":1560,"date":"2019-02-08T09:44:06","date_gmt":"2019-02-08T08:44:06","guid":{"rendered":"http:\/\/nettop.guru\/wordpress\/?p=1560"},"modified":"2019-03-19T10:09:44","modified_gmt":"2019-03-19T09:09:44","slug":"episode-10-a-jobbe-midt-i-skvisen","status":"publish","type":"post","link":"https:\/\/nettop.guru\/wordpress\/episode-10-a-jobbe-midt-i-skvisen\/","title":{"rendered":"Episode 10: \u00c5 jobbe midt i skvisen"},"content":{"rendered":"<p>I denne episoden reflekterer Gunn Brigitte Danielsen og Inger Cecilie Rise sammen med gjest Siv Skogen rundt hvordan vi som jobber profesjonelt med folk, ofte kan kjenne p\u00e5 et ubehag og en opplevelse av at vi jobber &#8220;midt i skvisen&#8221;. Hva gj\u00f8r det med oss og hvem blir vi n\u00e5r vi st\u00e5r der? Sammen deler vi erfaringer fra praksis og reflekterer rundt ulike mestringsstrategier vi har. Og hva er det egentlig med denne &#8220;skvisen&#8221; &#8211; er m\u00e5let en arbeidshverdag fri fra &#8220;skviser&#8221;?<\/p>\n<p>Institutt for sosialfag sin egen fagpodkast, for folk som jobber profesjonelt med folk.<\/p>\n<div class=\"powerpress_player\" id=\"powerpress_player_1463\"><audio class=\"wp-audio-shortcode\" id=\"audio-1560-1\" preload=\"none\" style=\"width: 100%;\" controls=\"controls\"><source type=\"audio\/mpeg\" src=\"https:\/\/media.blubrry.com\/erasmus_enfermera_espaola\/dts.podtrac.com\/redirect.mp3\/podcast.uis.no\/media\/Du_og_jeg_og_vi_to\/Aa_jobbe_midt_i_skvisen.mp3?_=1\" \/><a href=\"https:\/\/media.blubrry.com\/erasmus_enfermera_espaola\/dts.podtrac.com\/redirect.mp3\/podcast.uis.no\/media\/Du_og_jeg_og_vi_to\/Aa_jobbe_midt_i_skvisen.mp3\">https:\/\/media.blubrry.com\/erasmus_enfermera_espaola\/dts.podtrac.com\/redirect.mp3\/podcast.uis.no\/media\/Du_og_jeg_og_vi_to\/Aa_jobbe_midt_i_skvisen.mp3<\/a><\/audio><\/div><p class=\"powerpress_links powerpress_links_mp3\" style=\"margin-bottom: 1px !important;\">Podcast: <a href=\"https:\/\/media.blubrry.com\/erasmus_enfermera_espaola\/dts.podtrac.com\/redirect.mp3\/podcast.uis.no\/media\/Du_og_jeg_og_vi_to\/Aa_jobbe_midt_i_skvisen.mp3\" class=\"powerpress_link_pinw\" target=\"_blank\" title=\"Play in new window\" onclick=\"return powerpress_pinw('https:\/\/nettop.guru\/wordpress\/?powerpress_pinw=1560-podcast');\" rel=\"nofollow\">Play in new window<\/a> | <a href=\"https:\/\/media.blubrry.com\/erasmus_enfermera_espaola\/dts.podtrac.com\/redirect.mp3\/podcast.uis.no\/media\/Du_og_jeg_og_vi_to\/Aa_jobbe_midt_i_skvisen.mp3\" class=\"powerpress_link_d\" title=\"Download\" rel=\"nofollow\" download=\"Aa_jobbe_midt_i_skvisen.mp3\">Download<\/a> (Duration: 42:09 &#8212; 38.6MB) | <a href=\"#\" class=\"powerpress_link_e\" title=\"Embed\" onclick=\"return powerpress_show_embed('1560-podcast');\" rel=\"nofollow\">Embed<\/a><\/p><p class=\"powerpress_embed_box\" id=\"powerpress_embed_1560-podcast\" style=\"display: none;\"><input id=\"powerpress_embed_1560-podcast_t\" type=\"text\" value=\"&lt;iframe width=&quot;320&quot; height=&quot;30&quot; src=&quot;https:\/\/nettop.guru\/wordpress\/?powerpress_embed=1560-podcast&amp;amp;powerpress_player=mediaelement-audio&quot; title=&quot;Blubrry Podcast Player&quot; frameborder=&quot;0&quot; scrolling=&quot;no&quot;&gt;&lt;\/iframe&gt;\" onclick=\"javascript: this.select();\" onfocus=\"javascript: this.select();\" style=\"width: 70%;\" readOnly><\/p><p class=\"powerpress_links powerpress_subscribe_links\">Subscribe: <a href=\"https:\/\/subscribebyemail.com\/nettop.guru\/wordpress\/feed\/podcast\/\" class=\"powerpress_link_subscribe powerpress_link_subscribe_email\" target=\"_blank\" title=\"Subscribe by Email\" rel=\"nofollow\">Email<\/a> | <a href=\"https:\/\/nettop.guru\/wordpress\/feed\/podcast\/\" class=\"powerpress_link_subscribe powerpress_link_subscribe_rss\" target=\"_blank\" title=\"Subscribe via RSS\" rel=\"nofollow\">RSS<\/a> | <a href=\"https:\/\/nettop.guru\/wordpress\/\" class=\"powerpress_link_subscribe powerpress_link_subscribe_more\" target=\"_blank\" title=\"More\" rel=\"nofollow\">More<\/a><\/p><!--powerpress_player-->","protected":false},"excerpt":{"rendered":"<p>I denne episoden reflekterer Gunn Brigitte Danielsen og Inger Cecilie Rise sammen med gjest Siv Skogen rundt hvordan vi som jobber profesjonelt med folk, ofte kan kjenne p\u00e5 et ubehag og en opplevelse av at vi jobber &#8220;midt i skvisen&#8221;. <span class=\"readmore\"><a href=\"https:\/\/nettop.guru\/wordpress\/episode-10-a-jobbe-midt-i-skvisen\/\">Les mer &#8230;<\/a><\/span><\/p>\n","protected":false},"author":5,"featured_media":1719,"comment_status":"closed","ping_status":"closed","sticky":false,"template":"","format":"standard","meta":{"jetpack_post_was_ever_published":false,"_jetpack_newsletter_access":"","_jetpack_dont_email_post_to_subs":false,"_jetpack_newsletter_tier_id":0,"_jetpack_memberships_contains_paywalled_content":false,"_jetpack_memberships_contains_paid_content":false,"footnotes":"","jetpack_publicize_message":"","jetpack_publicize_feature_enabled":true,"jetpack_social_post_already_shared":true,"jetpack_social_options":{"image_generator_settings":{"template":"highway","default_image_id":0,"font":"","enabled":false},"version":2}},"categories":[116],"tags":[47,62,63,157,158,159,165,169,170,183,203,204,205,206,207,208],"class_list":["post-1560","post","type-post","status-publish","format-standard","has-post-thumbnail","hentry","category-du-og-jeg-og-vi-to","tag-uis","tag-podcast","tag-podkast","tag-refleksjon","tag-veiledning","tag-duogjegogvito","tag-profesjonslogikk","tag-etikk","tag-kompleksitet","tag-profesjonsetikk","tag-rolle","tag-skvis","tag-anerkjennelse","tag-aksept","tag-engasjement","tag-naerhetsetikk"],"jetpack_publicize_connections":[],"jetpack_featured_media_url":"https:\/\/i0.wp.com\/nettop.guru\/wordpress\/wp-content\/uploads\/2019\/09\/duvitok440_ny.jpg?fit=440%2C300&ssl=1","jetpack_sharing_enabled":true,"jetpack_shortlink":"https:\/\/wp.me\/p7OAJ5-pa","jetpack-related-posts":[{"id":1563,"url":"https:\/\/nettop.guru\/wordpress\/episode-11-a-vaere-student-i-praksis\/","url_meta":{"origin":1560,"position":0},"title":"Episode 11: \u00c5 v\u00e6re student i praksis","author":"NettOp UiS","date":"25\/02\/2019","format":false,"excerpt":"I denne episoden reflekterer\u00a0Gunn\u00a0Brigitte Danielsen og Inger Cecilie Rise sammen med gjest Caroline L\u00f8n\u00f8 rundt det \u00e5 v\u00e6re student i praksis. Hva gj\u00f8r praksis med oss som tar en profesjonsutdannelse? Sammen deler vi erfaringer, tanker og f\u00f8lelser fra praksis rundt b\u00e5de det \u00e5 v\u00e6re student, og det \u00e5 v\u00e6re praksisveileder.\u2026","rel":"","context":"In &quot;Du og jeg og vi to&quot;","block_context":{"text":"Du og jeg og vi to","link":"https:\/\/nettop.guru\/wordpress\/category\/du-og-jeg-og-vi-to\/"},"img":{"alt_text":"","src":"https:\/\/i0.wp.com\/nettop.guru\/wordpress\/wp-content\/uploads\/2019\/09\/duvitok440_ny.jpg?fit=440%2C300&ssl=1&resize=350%2C200","width":350,"height":200},"classes":[]},{"id":1609,"url":"https:\/\/nettop.guru\/wordpress\/episode-14-a-lede-i-kompleksiteten-2\/","url_meta":{"origin":1560,"position":1},"title":"Episode 14: \u00c5 lede i kompleksiteten","author":"NettOp UiS","date":"20\/06\/2019","format":false,"excerpt":"I denne episoden reflekterer Gunn Brigitte Danielsen og Inger Cecilie Rise sammen med gjest Ingvill Moen Hovlund om det \u00e5 v\u00e6re leder for folk som jobber profesjonelt med folk. Hva skal vi ha v\u00e5r oppmerksomhet p\u00e5? P\u00e5 hvilken m\u00e5te spiller arbeidsmilj\u00f8et inn p\u00e5 kvaliteten? Og hvordan er det for en\u2026","rel":"","context":"In &quot;Du og jeg og vi to&quot;","block_context":{"text":"Du og jeg og vi to","link":"https:\/\/nettop.guru\/wordpress\/category\/du-og-jeg-og-vi-to\/"},"img":{"alt_text":"","src":"https:\/\/i0.wp.com\/nettop.guru\/wordpress\/wp-content\/uploads\/2019\/09\/duvitok440_ny.jpg?fit=440%2C300&ssl=1&resize=350%2C200","width":350,"height":200},"classes":[]},{"id":1534,"url":"https:\/\/nettop.guru\/wordpress\/episode-6-frihet-i-trange-rammer\/","url_meta":{"origin":1560,"position":2},"title":"Episode 6: Frihet i trange rammer","author":"NettOp UiS","date":"01\/11\/2018","format":false,"excerpt":"I denne episoden reflekterer Gunn Brigitte Danielsen, Inger Cecilie Rise sammen med gjest Olaug \u00d8ygarden rundt det institusjonelle perspektiv og ulike logikker. Er vi som profesjonsut\u00f8vere s\u00e5 frie som vi tror, eller er det noe annet som ogs\u00e5 spiller inn? Hvor mye betyr det at vi har nettopp det yrket\u2026","rel":"","context":"In &quot;Du og jeg og vi to&quot;","block_context":{"text":"Du og jeg og vi to","link":"https:\/\/nettop.guru\/wordpress\/category\/du-og-jeg-og-vi-to\/"},"img":{"alt_text":"","src":"https:\/\/i0.wp.com\/nettop.guru\/wordpress\/wp-content\/uploads\/2019\/09\/duvitok440_ny.jpg?fit=440%2C300&ssl=1&resize=350%2C200","width":350,"height":200},"classes":[]},{"id":2151,"url":"https:\/\/nettop.guru\/wordpress\/mentalisering\/","url_meta":{"origin":1560,"position":3},"title":"Mentalisering","author":"NettOp UiS","date":"18\/03\/2020","format":false,"excerpt":"I denne episoden reflekterer Gunn Brigitte Danielsen og Inger Cecilie Rise rundt begrepet mentalisering. Hva er det, og hvorfor er det viktig for oss som jobber profesjonelt med folk? Hvordan kan vi bli bedre p\u00e5 \u00e5 forst\u00e5 misforst\u00e5elser, og er empati og mentalisering to sider av samme sak? Lytt og\u2026","rel":"","context":"In &quot;Du og jeg og vi to&quot;","block_context":{"text":"Du og jeg og vi to","link":"https:\/\/nettop.guru\/wordpress\/category\/du-og-jeg-og-vi-to\/"},"img":{"alt_text":"","src":"https:\/\/i0.wp.com\/nettop.guru\/wordpress\/wp-content\/uploads\/2019\/09\/duvitok440_ny.jpg?fit=440%2C300&ssl=1&resize=350%2C200","width":350,"height":200},"classes":[]},{"id":2274,"url":"https:\/\/nettop.guru\/wordpress\/veiledning-og-radgivning-ja-takk-begge-deler\/","url_meta":{"origin":1560,"position":4},"title":"Veiledning og r\u00e5dgivning &#8211; ja takk begge deler!","author":"NettOp UiS","date":"28\/09\/2020","format":false,"excerpt":"I denne episoden reflekterer Gunn Brigitte Danielsen og Inger Cecilie Rise rundt begrepene veiledning og r\u00e5dgivning i profesjonelt utviklingsarbeid. Begrepene er velkjente for de fleste som jobber profesjonelt med folk, men hva legger vi egentlig i begrepene?\u00a0Hva er egentlig forskjellen p\u00e5 r\u00e5dgivning og veiledning? Og n\u00e5r b\u00f8r vi bruke det\u2026","rel":"","context":"In &quot;Du og jeg og vi to&quot;","block_context":{"text":"Du og jeg og vi to","link":"https:\/\/nettop.guru\/wordpress\/category\/du-og-jeg-og-vi-to\/"},"img":{"alt_text":"","src":"https:\/\/i0.wp.com\/nettop.guru\/wordpress\/wp-content\/uploads\/2019\/09\/duvitok440_ny.jpg?fit=440%2C300&ssl=1&resize=350%2C200","width":350,"height":200},"classes":[]},{"id":1553,"url":"https:\/\/nettop.guru\/wordpress\/episode-9-ny-i-jobben\/","url_meta":{"origin":1560,"position":5},"title":"Episode 9: Ny i jobben","author":"NettOp UiS","date":"11\/01\/2019","format":false,"excerpt":"Institutt for sosialfag sin egen fagpodkast, for folk som jobber profesjonelt med folk. I denne episoden reflekterer Gunn Brigitte Danielsen og Inger Cecilie Rise rundt det \u00e5 v\u00e6re ny i jobben. \u00c5 v\u00e6re ny i jobben, er noe alle opplever i l\u00f8pet av livet. Hvem blir vi n\u00e5r vi er\u2026","rel":"","context":"In &quot;Du og jeg og vi to&quot;","block_context":{"text":"Du og jeg og vi to","link":"https:\/\/nettop.guru\/wordpress\/category\/du-og-jeg-og-vi-to\/"},"img":{"alt_text":"","src":"https:\/\/i0.wp.com\/nettop.guru\/wordpress\/wp-content\/uploads\/2019\/09\/duvitok440_ny.jpg?fit=440%2C300&ssl=1&resize=350%2C200","width":350,"height":200},"classes":[]}],"_links":{"self":[{"href":"https:\/\/nettop.guru\/wordpress\/wp-json\/wp\/v2\/posts\/1560","targetHints":{"allow":["GET"]}}],"collection":[{"href":"https:\/\/nettop.guru\/wordpress\/wp-json\/wp\/v2\/posts"}],"about":[{"href":"https:\/\/nettop.guru\/wordpress\/wp-json\/wp\/v2\/types\/post"}],"author":[{"embeddable":true,"href":"https:\/\/nettop.guru\/wordpress\/wp-json\/wp\/v2\/users\/5"}],"replies":[{"embeddable":true,"href":"https:\/\/nettop.guru\/wordpress\/wp-json\/wp\/v2\/comments?post=1560"}],"version-history":[{"count":2,"href":"https:\/\/nettop.guru\/wordpress\/wp-json\/wp\/v2\/posts\/1560\/revisions"}],"predecessor-version":[{"id":1571,"href":"https:\/\/nettop.guru\/wordpress\/wp-json\/wp\/v2\/posts\/1560\/revisions\/1571"}],"wp:featuredmedia":[{"embeddable":true,"href":"https:\/\/nettop.guru\/wordpress\/wp-json\/wp\/v2\/media\/1719"}],"wp:attachment":[{"href":"https:\/\/nettop.guru\/wordpress\/wp-json\/wp\/v2\/media?parent=1560"}],"wp:term":[{"taxonomy":"category","embeddable":true,"href":"https:\/\/nettop.guru\/wordpress\/wp-json\/wp\/v2\/categories?post=1560"},{"taxonomy":"post_tag","embeddable":true,"href":"https:\/\/nettop.guru\/wordpress\/wp-json\/wp\/v2\/tags?post=1560"}],"curies":[{"name":"wp","href":"https:\/\/api.w.org\/{rel}","templated":true}]}}