{"id":2100,"date":"2020-03-27T00:14:00","date_gmt":"2020-03-26T23:14:00","guid":{"rendered":"https:\/\/nettop.guru\/wordpress\/?p=2100"},"modified":"2021-04-13T10:53:41","modified_gmt":"2021-04-13T08:53:41","slug":"episode-2-fagfornyelsen-og-laeringsmiljoet","status":"publish","type":"post","link":"https:\/\/nettop.guru\/wordpress\/episode-2-fagfornyelsen-og-laeringsmiljoet\/","title":{"rendered":"Episode 2: Fagfornyelsen og l\u00e6ringsmilj\u00f8et"},"content":{"rendered":"\n<p>Fra h\u00f8sten 2020 skal skoler i hele landet ta i bruk nye l\u00e6replaner. Fagfornyelsen og innholdet i den har v\u00e6rt mye diskutert den siste tiden. Forsker ved L\u00e6ringsmilj\u00f8senteret, Randi Myklebust S\u00f8lvik, er opptatt av at l\u00e6ringsmilj\u00f8et ikke m\u00e5 glemmes i arbeidet med fagfornyelsen og har noen konkrete tips til hvordan skoler og l\u00e6rere kan jobbe med dette.<\/p>\n<p>Programleder er Torunn Helene Fredriksen.<\/p>\n<p>\u00a0<\/p>\n<p><strong>Informasjon om L\u00e6ringsmilj\u00f8senteret<\/strong><\/p>\n<p>Nettside: <a href=\"http:\/\/laringsmiljosenteret.uis.no\/\">laringsmiljosenteret.uis.no<\/a><\/p>\n<p>E-post: laringsmiljosenteret@uis.no<\/p>\n<p>Facebook: <a href=\"http:\/\/www.facebook.com\/Laringsmiljosenteret\">www.facebook.com\/Laringsmiljosenteret<\/a><\/p>\n<p>Instagram: <a href=\"http:\/\/www.instagram.com\/laringsmiljo\">www.instagram.com\/laringsmiljo<\/a><\/p>\n<p><strong>Les mer:<\/strong><\/p>\n<ul>\n<li><a href=\"https:\/\/www.uis.no\/nb\/slik-kan-laerere-bli-gode-ledere-klassen\">Slik kan l\u00e6rere bli gode ledere for klassen<\/a><\/li>\n<\/ul>\n<div class=\"powerpress_player\" id=\"powerpress_player_6044\"><audio class=\"wp-audio-shortcode\" id=\"audio-2100-1\" preload=\"none\" style=\"width: 100%;\" controls=\"controls\"><source type=\"audio\/mpeg\" src=\"https:\/\/media.blubrry.com\/erasmus_enfermera_espaola\/dts.podtrac.com\/redirect.mp3\/podcast.uis.no\/media\/Laeringsmiljoe_i_skole_og_barnehage\/fagfornyelsen.mp3?_=1\" \/><a href=\"https:\/\/media.blubrry.com\/erasmus_enfermera_espaola\/dts.podtrac.com\/redirect.mp3\/podcast.uis.no\/media\/Laeringsmiljoe_i_skole_og_barnehage\/fagfornyelsen.mp3\">https:\/\/media.blubrry.com\/erasmus_enfermera_espaola\/dts.podtrac.com\/redirect.mp3\/podcast.uis.no\/media\/Laeringsmiljoe_i_skole_og_barnehage\/fagfornyelsen.mp3<\/a><\/audio><\/div><p class=\"powerpress_links powerpress_links_mp3\" style=\"margin-bottom: 1px !important;\">Podcast: <a href=\"https:\/\/media.blubrry.com\/erasmus_enfermera_espaola\/dts.podtrac.com\/redirect.mp3\/podcast.uis.no\/media\/Laeringsmiljoe_i_skole_og_barnehage\/fagfornyelsen.mp3\" class=\"powerpress_link_pinw\" target=\"_blank\" title=\"Play in new window\" onclick=\"return powerpress_pinw('https:\/\/nettop.guru\/wordpress\/?powerpress_pinw=2100-podcast');\" rel=\"nofollow\">Play in new window<\/a> | <a href=\"https:\/\/media.blubrry.com\/erasmus_enfermera_espaola\/dts.podtrac.com\/redirect.mp3\/podcast.uis.no\/media\/Laeringsmiljoe_i_skole_og_barnehage\/fagfornyelsen.mp3\" class=\"powerpress_link_d\" title=\"Download\" rel=\"nofollow\" download=\"fagfornyelsen.mp3\">Download<\/a> (Duration: 23:04 &#8212; 21.1MB) | <a href=\"#\" class=\"powerpress_link_e\" title=\"Embed\" onclick=\"return powerpress_show_embed('2100-podcast');\" rel=\"nofollow\">Embed<\/a><\/p><p class=\"powerpress_embed_box\" id=\"powerpress_embed_2100-podcast\" style=\"display: none;\"><input id=\"powerpress_embed_2100-podcast_t\" type=\"text\" value=\"&lt;iframe width=&quot;320&quot; height=&quot;30&quot; src=&quot;https:\/\/nettop.guru\/wordpress\/?powerpress_embed=2100-podcast&amp;amp;powerpress_player=mediaelement-audio&quot; title=&quot;Blubrry Podcast Player&quot; frameborder=&quot;0&quot; scrolling=&quot;no&quot;&gt;&lt;\/iframe&gt;\" onclick=\"javascript: this.select();\" onfocus=\"javascript: this.select();\" style=\"width: 70%;\" readOnly><\/p><p class=\"powerpress_links powerpress_subscribe_links\">Subscribe: <a href=\"https:\/\/subscribebyemail.com\/nettop.guru\/wordpress\/feed\/podcast\/\" class=\"powerpress_link_subscribe powerpress_link_subscribe_email\" target=\"_blank\" title=\"Subscribe by Email\" rel=\"nofollow\">Email<\/a> | <a href=\"https:\/\/nettop.guru\/wordpress\/feed\/podcast\/\" class=\"powerpress_link_subscribe powerpress_link_subscribe_rss\" target=\"_blank\" title=\"Subscribe via RSS\" rel=\"nofollow\">RSS<\/a> | <a href=\"https:\/\/nettop.guru\/wordpress\/\" class=\"powerpress_link_subscribe powerpress_link_subscribe_more\" target=\"_blank\" title=\"More\" rel=\"nofollow\">More<\/a><\/p><!--powerpress_player-->","protected":false},"excerpt":{"rendered":"<p>Fra h\u00f8sten 2020 skal skoler i hele landet ta i bruk nye l\u00e6replaner. Fagfornyelsen og innholdet i den har v\u00e6rt mye diskutert den siste tiden. Forsker ved L\u00e6ringsmilj\u00f8senteret, Randi Myklebust S\u00f8lvik, er opptatt av at l\u00e6ringsmilj\u00f8et ikke m\u00e5 glemmes i <span class=\"readmore\"><a href=\"https:\/\/nettop.guru\/wordpress\/episode-2-fagfornyelsen-og-laeringsmiljoet\/\">Les mer &#8230;<\/a><\/span><\/p>\n","protected":false},"author":5,"featured_media":2096,"comment_status":"closed","ping_status":"closed","sticky":false,"template":"","format":"standard","meta":{"jetpack_post_was_ever_published":false,"_jetpack_newsletter_access":"","_jetpack_dont_email_post_to_subs":false,"_jetpack_newsletter_tier_id":0,"_jetpack_memberships_contains_paywalled_content":false,"_jetpack_memberships_contains_paid_content":false,"footnotes":"","jetpack_publicize_message":"","jetpack_publicize_feature_enabled":true,"jetpack_social_post_already_shared":true,"jetpack_social_options":{"image_generator_settings":{"template":"highway","default_image_id":0,"font":"","enabled":false},"version":2}},"categories":[724],"tags":[557,715,729,730,731,732],"class_list":["post-2100","post","type-post","status-publish","format-standard","has-post-thumbnail","hentry","category-laeringsmiljo-i-skole-og-barnehage","tag-laeringsmiljo","tag-skole","tag-laerere","tag-fagfornyelsen","tag-laereplaner","tag-randi-myklebust-solvik"],"jetpack_publicize_connections":[],"jetpack_featured_media_url":"https:\/\/i0.wp.com\/nettop.guru\/wordpress\/wp-content\/uploads\/2020\/02\/Podcast-440x300-1.jpg?fit=440%2C300&ssl=1","jetpack_sharing_enabled":true,"jetpack_shortlink":"https:\/\/wp.me\/p7OAJ5-xS","jetpack-related-posts":[{"id":2102,"url":"https:\/\/nettop.guru\/wordpress\/episode-3-livsmestring-i-skolen\/","url_meta":{"origin":2100,"position":0},"title":"Episode 3: Livsmestring i skolen","author":"NettOp UiS","date":"24\/04\/2020","format":false,"excerpt":"Livsmestring er et begrep som er tatt inn i de nye l\u00e6replanene. Hva legger vi i det? Er det viktig? Og hvordan kan skolene jobbe for at elevene skal oppleve livsmestring? I denne episoden har programleder Torunn Helene Fredriksen invitert forsker Kjersti Tharaldsen til en samtale om livsmestring i skolen.\u2026","rel":"","context":"In &quot;L\u00e6ringsmilj\u00f8 i skole og barnehage&quot;","block_context":{"text":"L\u00e6ringsmilj\u00f8 i skole og barnehage","link":"https:\/\/nettop.guru\/wordpress\/category\/laeringsmiljo-i-skole-og-barnehage\/"},"img":{"alt_text":"","src":"https:\/\/i0.wp.com\/nettop.guru\/wordpress\/wp-content\/uploads\/2020\/02\/Podcast-440x300-1.jpg?fit=440%2C300&ssl=1&resize=350%2C200","width":350,"height":200},"classes":[]},{"id":2072,"url":"https:\/\/nettop.guru\/wordpress\/episode-4-fagfornyelsen-og-nye-laereplaner-i-skolen\/","url_meta":{"origin":2100,"position":1},"title":"Episode 4: Fagfornyelsen og nye l\u00e6replaner i skolen","author":"NettOp UiS","date":"11\/02\/2020","format":false,"excerpt":"Den f\u00f8rste podkasten i 2020 har fagfornyelsen i skolen og innf\u00f8ringen av nye l\u00e6replaner til h\u00f8sten som tema. Elever og l\u00e6rlinger i skolen m\u00f8ter et samfunn og et arbeidsliv i endring med ny teknologi og nye store samfunnsmessige utfordringer. Vi trenger barn som reflekterer, er kritiske, utforskende og kreative. Fagfornyelsen\u2026","rel":"","context":"In &quot;Digbart&quot;","block_context":{"text":"Digbart","link":"https:\/\/nettop.guru\/wordpress\/category\/digbart\/"},"img":{"alt_text":"","src":"https:\/\/i0.wp.com\/nettop.guru\/wordpress\/wp-content\/uploads\/2019\/11\/DIGBART_Bilde_postsiden_440x300.png?fit=440%2C300&ssl=1&resize=350%2C200","width":350,"height":200},"classes":[]},{"id":2104,"url":"https:\/\/nettop.guru\/wordpress\/episode-4-fravaer\/","url_meta":{"origin":2100,"position":2},"title":"Episode 4: Frav\u00e6r","author":"NettOp UiS","date":"29\/05\/2020","format":false,"excerpt":"Frav\u00e6r fra skolen, og da spesielt udokumentert frav\u00e6r, er en utfordring. Det er vanskelig for eleven som er borte, medelever og skolen. Forsker ved L\u00e6ringsmilj\u00f8senteret, Trude Havik, har jobbet mye med ulike typer frav\u00e6r i skolen. I denne episoden snakker programleder Torunn Helene Fredriksen med henne om hva frav\u00e6ret skyldes,\u2026","rel":"","context":"In &quot;L\u00e6ringsmilj\u00f8 i skole og barnehage&quot;","block_context":{"text":"L\u00e6ringsmilj\u00f8 i skole og barnehage","link":"https:\/\/nettop.guru\/wordpress\/category\/laeringsmiljo-i-skole-og-barnehage\/"},"img":{"alt_text":"","src":"https:\/\/i0.wp.com\/nettop.guru\/wordpress\/wp-content\/uploads\/2020\/02\/Podcast-440x300-1.jpg?fit=440%2C300&ssl=1&resize=350%2C200","width":350,"height":200},"classes":[]},{"id":2098,"url":"https:\/\/nettop.guru\/wordpress\/episode-1-konsekvenser-av-mobbing\/","url_meta":{"origin":2100,"position":3},"title":"Episode 1: Konsekvenser av mobbing","author":"NettOp UiS","date":"28\/02\/2020","format":false,"excerpt":"Mobbing kan ha store og \u00f8deleggende konsekvenser for den som blir utsatt for det. Er det annerledes for dem som blir utsatt for digital mobbing i tillegg til det som beskrives som tradisjonell mobbing? Og hva kan l\u00e6rere gj\u00f8re dersom de mistenker at en elev blir mobbet p\u00e5 digitale medier?\u2026","rel":"","context":"In &quot;L\u00e6ringsmilj\u00f8 i skole og barnehage&quot;","block_context":{"text":"L\u00e6ringsmilj\u00f8 i skole og barnehage","link":"https:\/\/nettop.guru\/wordpress\/category\/laeringsmiljo-i-skole-og-barnehage\/"},"img":{"alt_text":"","src":"https:\/\/i0.wp.com\/nettop.guru\/wordpress\/wp-content\/uploads\/2020\/02\/Podcast-440x300-1.jpg?fit=440%2C300&ssl=1&resize=350%2C200","width":350,"height":200},"classes":[]},{"id":2644,"url":"https:\/\/nettop.guru\/wordpress\/episode-1-fagfornyelsen\/","url_meta":{"origin":2100,"position":4},"title":"Episode 1: Fagfornyelsen","author":"NettOp UiS","date":"19\/08\/2021","format":false,"excerpt":"I Praksispodden skal vi snakke om Fagfornyelsen. Den nye l\u00e6replanen inneholder mange store ord og begreper, som l\u00e6rere m\u00e5 forholde seg til. De fleste som jobber i skolen har v\u00e6rt borti reformer f\u00f8r, og vet hvor krevende det kan v\u00e6re \u00e5 helt forst\u00e5 nye begreper og hva de har \u00e5\u2026","rel":"","context":"In &quot;Praksispodden&quot;","block_context":{"text":"Praksispodden","link":"https:\/\/nettop.guru\/wordpress\/category\/praksispodden\/"},"img":{"alt_text":"","src":"https:\/\/i0.wp.com\/nettop.guru\/wordpress\/wp-content\/uploads\/2021\/08\/Podkast_Lesesenteret_PraksisPodden_440x300.png?fit=440%2C300&ssl=1&resize=350%2C200","width":350,"height":200},"classes":[]},{"id":2564,"url":"https:\/\/nettop.guru\/wordpress\/episode-8-mobbing-i-barnehagen\/","url_meta":{"origin":2100,"position":5},"title":"Episode 8: Mobbing i barnehagen","author":"NettOp UiS","date":"03\/06\/2021","format":false,"excerpt":"Hva vet vi egentlig om mobbing i barnehagen? Professor Thomas Moser er av forfatterne bak en stor kunnskapsoversikt der de har unders\u00f8kt forskjellige aspekter ved mobbing i barnehagen. Forfatterne fra L\u00e6ringsmilj\u00f8senteret og Nasjonalt kunnskapssenter for barnehager har gjennomg\u00e5tt 93 kilder. De har sett p\u00e5 forst\u00e5elser av begrepet mobbing, former, utbredelse\u2026","rel":"","context":"In &quot;L\u00e6ringsmilj\u00f8 i skole og barnehage&quot;","block_context":{"text":"L\u00e6ringsmilj\u00f8 i skole og barnehage","link":"https:\/\/nettop.guru\/wordpress\/category\/laeringsmiljo-i-skole-og-barnehage\/"},"img":{"alt_text":"","src":"https:\/\/i0.wp.com\/nettop.guru\/wordpress\/wp-content\/uploads\/2020\/02\/Podcast-440x300-1.jpg?fit=440%2C300&ssl=1&resize=350%2C200","width":350,"height":200},"classes":[]}],"_links":{"self":[{"href":"https:\/\/nettop.guru\/wordpress\/wp-json\/wp\/v2\/posts\/2100","targetHints":{"allow":["GET"]}}],"collection":[{"href":"https:\/\/nettop.guru\/wordpress\/wp-json\/wp\/v2\/posts"}],"about":[{"href":"https:\/\/nettop.guru\/wordpress\/wp-json\/wp\/v2\/types\/post"}],"author":[{"embeddable":true,"href":"https:\/\/nettop.guru\/wordpress\/wp-json\/wp\/v2\/users\/5"}],"replies":[{"embeddable":true,"href":"https:\/\/nettop.guru\/wordpress\/wp-json\/wp\/v2\/comments?post=2100"}],"version-history":[{"count":5,"href":"https:\/\/nettop.guru\/wordpress\/wp-json\/wp\/v2\/posts\/2100\/revisions"}],"predecessor-version":[{"id":2528,"href":"https:\/\/nettop.guru\/wordpress\/wp-json\/wp\/v2\/posts\/2100\/revisions\/2528"}],"wp:featuredmedia":[{"embeddable":true,"href":"https:\/\/nettop.guru\/wordpress\/wp-json\/wp\/v2\/media\/2096"}],"wp:attachment":[{"href":"https:\/\/nettop.guru\/wordpress\/wp-json\/wp\/v2\/media?parent=2100"}],"wp:term":[{"taxonomy":"category","embeddable":true,"href":"https:\/\/nettop.guru\/wordpress\/wp-json\/wp\/v2\/categories?post=2100"},{"taxonomy":"post_tag","embeddable":true,"href":"https:\/\/nettop.guru\/wordpress\/wp-json\/wp\/v2\/tags?post=2100"}],"curies":[{"name":"wp","href":"https:\/\/api.w.org\/{rel}","templated":true}]}}