{"id":2116,"date":"2020-03-02T00:16:00","date_gmt":"2020-03-01T23:16:00","guid":{"rendered":"https:\/\/nettop.guru\/wordpress\/?p=2116"},"modified":"2020-02-25T11:28:29","modified_gmt":"2020-02-25T10:28:29","slug":"eoisode-2-fagfornyelsen-keiserens-nye-klaer","status":"publish","type":"post","link":"https:\/\/nettop.guru\/wordpress\/eoisode-2-fagfornyelsen-keiserens-nye-klaer\/","title":{"rendered":"Eoisode 2: Fagfornyelsen \u2013 keiserens nye kl\u00e6r?"},"content":{"rendered":"\n<ul>\n<li>Fagfornyelsen trer i kraft av fra og med h\u00f8sten 2020. Hva vektlegger den? sp\u00f8r vi professor Jan Kristian Hognestad ved Universitetet i Stavanger. Er den en tom reform uten de store endringene, eller vil den &#8211; p\u00e5 ulike m\u00e5ter &#8211; kunne v\u00e6re med p\u00e5 \u00e5 p\u00e5virke skolen i nye og form\u00e5lstjenlige retninger?<\/li>\n<\/ul>\n<div class=\"powerpress_player\" id=\"powerpress_player_1438\"><audio class=\"wp-audio-shortcode\" id=\"audio-2116-1\" preload=\"none\" style=\"width: 100%;\" controls=\"controls\"><source type=\"audio\/mpeg\" src=\"https:\/\/media.blubrry.com\/erasmus_enfermera_espaola\/dts.podtrac.com\/redirect.mp3\/podcast.uis.no\/media\/klar_ferdig_undervis\/Fagfornyelsen_-_keiserens_nye_kl_r_2.mp3?_=1\" \/><a href=\"https:\/\/media.blubrry.com\/erasmus_enfermera_espaola\/dts.podtrac.com\/redirect.mp3\/podcast.uis.no\/media\/klar_ferdig_undervis\/Fagfornyelsen_-_keiserens_nye_kl_r_2.mp3\">https:\/\/media.blubrry.com\/erasmus_enfermera_espaola\/dts.podtrac.com\/redirect.mp3\/podcast.uis.no\/media\/klar_ferdig_undervis\/Fagfornyelsen_-_keiserens_nye_kl_r_2.mp3<\/a><\/audio><\/div><p class=\"powerpress_links powerpress_links_mp3\" style=\"margin-bottom: 1px !important;\">Podcast: <a href=\"https:\/\/media.blubrry.com\/erasmus_enfermera_espaola\/dts.podtrac.com\/redirect.mp3\/podcast.uis.no\/media\/klar_ferdig_undervis\/Fagfornyelsen_-_keiserens_nye_kl_r_2.mp3\" class=\"powerpress_link_pinw\" target=\"_blank\" title=\"Play in new window\" onclick=\"return powerpress_pinw('https:\/\/nettop.guru\/wordpress\/?powerpress_pinw=2116-podcast');\" rel=\"nofollow\">Play in new window<\/a> | <a href=\"https:\/\/media.blubrry.com\/erasmus_enfermera_espaola\/dts.podtrac.com\/redirect.mp3\/podcast.uis.no\/media\/klar_ferdig_undervis\/Fagfornyelsen_-_keiserens_nye_kl_r_2.mp3\" class=\"powerpress_link_d\" title=\"Download\" rel=\"nofollow\" download=\"Fagfornyelsen_-_keiserens_nye_kl_r_2.mp3\">Download<\/a> (Duration: 8:02 &#8212; 7.4MB) | <a href=\"#\" class=\"powerpress_link_e\" title=\"Embed\" onclick=\"return powerpress_show_embed('2116-podcast');\" rel=\"nofollow\">Embed<\/a><\/p><p class=\"powerpress_embed_box\" id=\"powerpress_embed_2116-podcast\" style=\"display: none;\"><input id=\"powerpress_embed_2116-podcast_t\" type=\"text\" value=\"&lt;iframe width=&quot;320&quot; height=&quot;30&quot; src=&quot;https:\/\/nettop.guru\/wordpress\/?powerpress_embed=2116-podcast&amp;amp;powerpress_player=mediaelement-audio&quot; title=&quot;Blubrry Podcast Player&quot; frameborder=&quot;0&quot; scrolling=&quot;no&quot;&gt;&lt;\/iframe&gt;\" onclick=\"javascript: this.select();\" onfocus=\"javascript: this.select();\" style=\"width: 70%;\" readOnly><\/p><p class=\"powerpress_links powerpress_subscribe_links\">Subscribe: <a href=\"https:\/\/subscribebyemail.com\/nettop.guru\/wordpress\/feed\/podcast\/\" class=\"powerpress_link_subscribe powerpress_link_subscribe_email\" target=\"_blank\" title=\"Subscribe by Email\" rel=\"nofollow\">Email<\/a> | <a href=\"https:\/\/nettop.guru\/wordpress\/feed\/podcast\/\" class=\"powerpress_link_subscribe powerpress_link_subscribe_rss\" target=\"_blank\" title=\"Subscribe via RSS\" rel=\"nofollow\">RSS<\/a> | <a href=\"https:\/\/nettop.guru\/wordpress\/\" class=\"powerpress_link_subscribe powerpress_link_subscribe_more\" target=\"_blank\" title=\"More\" rel=\"nofollow\">More<\/a><\/p><!--powerpress_player-->","protected":false},"excerpt":{"rendered":"<p>Fagfornyelsen trer i kraft av fra og med h\u00f8sten 2020. Hva vektlegger den? sp\u00f8r vi professor Jan Kristian Hognestad ved Universitetet i Stavanger. Er den en tom reform uten de store endringene, eller vil den &#8211; p\u00e5 ulike m\u00e5ter &#8211; <span class=\"readmore\"><a href=\"https:\/\/nettop.guru\/wordpress\/eoisode-2-fagfornyelsen-keiserens-nye-klaer\/\">Les mer &#8230;<\/a><\/span><\/p>\n","protected":false},"author":5,"featured_media":2109,"comment_status":"closed","ping_status":"closed","sticky":false,"template":"","format":"standard","meta":{"jetpack_post_was_ever_published":false,"_jetpack_newsletter_access":"","_jetpack_dont_email_post_to_subs":false,"_jetpack_newsletter_tier_id":0,"_jetpack_memberships_contains_paywalled_content":false,"_jetpack_memberships_contains_paid_content":false,"footnotes":"","jetpack_publicize_message":"","jetpack_publicize_feature_enabled":true,"jetpack_social_post_already_shared":true,"jetpack_social_options":{"image_generator_settings":{"template":"highway","default_image_id":0,"font":"","enabled":false},"version":2}},"categories":[737],"tags":[730,741,742,743],"class_list":["post-2116","post","type-post","status-publish","format-standard","has-post-thumbnail","hentry","category-klar-ferdig-undervis","tag-fagfornyelsen","tag-dybdelaering","tag-kjerneelementer","tag-norskfaget"],"jetpack_publicize_connections":[],"jetpack_featured_media_url":"https:\/\/i0.wp.com\/nettop.guru\/wordpress\/wp-content\/uploads\/2020\/02\/Klar-ferdig-undervis-440x300-1.jpg?fit=440%2C300&ssl=1","jetpack_sharing_enabled":true,"jetpack_shortlink":"https:\/\/wp.me\/p7OAJ5-y8","jetpack-related-posts":[{"id":2072,"url":"https:\/\/nettop.guru\/wordpress\/episode-4-fagfornyelsen-og-nye-laereplaner-i-skolen\/","url_meta":{"origin":2116,"position":0},"title":"Episode 4: Fagfornyelsen og nye l\u00e6replaner i skolen","author":"NettOp UiS","date":"11\/02\/2020","format":false,"excerpt":"Den f\u00f8rste podkasten i 2020 har fagfornyelsen i skolen og innf\u00f8ringen av nye l\u00e6replaner til h\u00f8sten som tema. Elever og l\u00e6rlinger i skolen m\u00f8ter et samfunn og et arbeidsliv i endring med ny teknologi og nye store samfunnsmessige utfordringer. Vi trenger barn som reflekterer, er kritiske, utforskende og kreative. Fagfornyelsen\u2026","rel":"","context":"In &quot;Digbart&quot;","block_context":{"text":"Digbart","link":"https:\/\/nettop.guru\/wordpress\/category\/digbart\/"},"img":{"alt_text":"","src":"https:\/\/i0.wp.com\/nettop.guru\/wordpress\/wp-content\/uploads\/2019\/11\/DIGBART_Bilde_postsiden_440x300.png?fit=440%2C300&ssl=1&resize=350%2C200","width":350,"height":200},"classes":[]},{"id":2100,"url":"https:\/\/nettop.guru\/wordpress\/episode-2-fagfornyelsen-og-laeringsmiljoet\/","url_meta":{"origin":2116,"position":1},"title":"Episode 2: Fagfornyelsen og l\u00e6ringsmilj\u00f8et","author":"NettOp UiS","date":"27\/03\/2020","format":false,"excerpt":"Fra h\u00f8sten 2020 skal skoler i hele landet ta i bruk nye l\u00e6replaner. Fagfornyelsen og innholdet i den har v\u00e6rt mye diskutert den siste tiden. Forsker ved L\u00e6ringsmilj\u00f8senteret, Randi Myklebust S\u00f8lvik, er opptatt av at l\u00e6ringsmilj\u00f8et ikke m\u00e5 glemmes i arbeidet med fagfornyelsen og har noen konkrete tips til hvordan\u2026","rel":"","context":"In &quot;L\u00e6ringsmilj\u00f8 i skole og barnehage&quot;","block_context":{"text":"L\u00e6ringsmilj\u00f8 i skole og barnehage","link":"https:\/\/nettop.guru\/wordpress\/category\/laeringsmiljo-i-skole-og-barnehage\/"},"img":{"alt_text":"","src":"https:\/\/i0.wp.com\/nettop.guru\/wordpress\/wp-content\/uploads\/2020\/02\/Podcast-440x300-1.jpg?fit=440%2C300&ssl=1&resize=350%2C200","width":350,"height":200},"classes":[]},{"id":2644,"url":"https:\/\/nettop.guru\/wordpress\/episode-1-fagfornyelsen\/","url_meta":{"origin":2116,"position":2},"title":"Episode 1: Fagfornyelsen","author":"NettOp UiS","date":"19\/08\/2021","format":false,"excerpt":"I Praksispodden skal vi snakke om Fagfornyelsen. Den nye l\u00e6replanen inneholder mange store ord og begreper, som l\u00e6rere m\u00e5 forholde seg til. De fleste som jobber i skolen har v\u00e6rt borti reformer f\u00f8r, og vet hvor krevende det kan v\u00e6re \u00e5 helt forst\u00e5 nye begreper og hva de har \u00e5\u2026","rel":"","context":"In &quot;Praksispodden&quot;","block_context":{"text":"Praksispodden","link":"https:\/\/nettop.guru\/wordpress\/category\/praksispodden\/"},"img":{"alt_text":"","src":"https:\/\/i0.wp.com\/nettop.guru\/wordpress\/wp-content\/uploads\/2021\/08\/Podkast_Lesesenteret_PraksisPodden_440x300.png?fit=440%2C300&ssl=1&resize=350%2C200","width":350,"height":200},"classes":[]},{"id":2646,"url":"https:\/\/nettop.guru\/wordpress\/episode-2-praksismodellen\/","url_meta":{"origin":2116,"position":3},"title":"Episode 2: Praksismodellen","author":"NettOp UiS","date":"19\/08\/2021","format":false,"excerpt":"I forrige episode snakket vi om alle de nye ordene og begrepene i Fagfornyelsen. Felles for disse ordene og begrepene er at de peker mot en mer aktiv elevrolle. Men \u00e5 forst\u00e5 hva det vil si, henger sammen med hvordan man forst\u00e5r begrepet \u00abpraksis\u00bb. I denne episoden forteller Atle Skaftun\u2026","rel":"","context":"In &quot;Praksispodden&quot;","block_context":{"text":"Praksispodden","link":"https:\/\/nettop.guru\/wordpress\/category\/praksispodden\/"},"img":{"alt_text":"","src":"https:\/\/i0.wp.com\/nettop.guru\/wordpress\/wp-content\/uploads\/2021\/08\/Podkast_Lesesenteret_PraksisPodden_440x300.png?fit=440%2C300&ssl=1&resize=350%2C200","width":350,"height":200},"classes":[]},{"id":2648,"url":"https:\/\/nettop.guru\/wordpress\/episode-3-elevmedvirkning\/","url_meta":{"origin":2116,"position":4},"title":"Episode 3: Elevmedvirkning","author":"NettOp UiS","date":"19\/08\/2021","format":false,"excerpt":"Elevmedvirkning er et gjennomgangstema for Praksispodden. I den overordna delen av Fagfornyelsen heter det at elevene skal medvirke i l\u00e6ringsfellesskap. Hva betyr egentlig dette? For \u00e5 forst\u00e5 dette m\u00e5 vi diskutere hva slags kunnskap og l\u00e6ringssyn som ligger til grunn. I denne episoden diskuterer Atle Skaftun og Arne Olav Nygard\u2026","rel":"","context":"In &quot;Praksispodden&quot;","block_context":{"text":"Praksispodden","link":"https:\/\/nettop.guru\/wordpress\/category\/praksispodden\/"},"img":{"alt_text":"","src":"https:\/\/i0.wp.com\/nettop.guru\/wordpress\/wp-content\/uploads\/2021\/08\/Podkast_Lesesenteret_PraksisPodden_440x300.png?fit=440%2C300&ssl=1&resize=350%2C200","width":350,"height":200},"classes":[]},{"id":2655,"url":"https:\/\/nettop.guru\/wordpress\/episode-4-moter-med-problemer-og-elevmedvirkning\/","url_meta":{"origin":2116,"position":5},"title":"Episode 4: M\u00f8ter med problemer og elevmedvirkning","author":"NettOp UiS","date":"19\/08\/2021","format":false,"excerpt":"Vi har kanskje lett for \u00e5 glemme hvor viktig det er \u00e5 la elevene erfare problemer for at l\u00e6ring skal skje. Men \u00e5 m\u00f8te p\u00e5 og f\u00e5 erfaringer med problemer kan v\u00e6re en kilde til elevmedvirkning og l\u00e6ring. F\u00f8rsteh\u00e5ndserfaring med problemer er tema for denne episoden. I studio er Atle\u2026","rel":"","context":"In &quot;Praksispodden&quot;","block_context":{"text":"Praksispodden","link":"https:\/\/nettop.guru\/wordpress\/category\/praksispodden\/"},"img":{"alt_text":"","src":"https:\/\/i0.wp.com\/nettop.guru\/wordpress\/wp-content\/uploads\/2021\/08\/Podkast_Lesesenteret_PraksisPodden_440x300.png?fit=440%2C300&ssl=1&resize=350%2C200","width":350,"height":200},"classes":[]}],"_links":{"self":[{"href":"https:\/\/nettop.guru\/wordpress\/wp-json\/wp\/v2\/posts\/2116","targetHints":{"allow":["GET"]}}],"collection":[{"href":"https:\/\/nettop.guru\/wordpress\/wp-json\/wp\/v2\/posts"}],"about":[{"href":"https:\/\/nettop.guru\/wordpress\/wp-json\/wp\/v2\/types\/post"}],"author":[{"embeddable":true,"href":"https:\/\/nettop.guru\/wordpress\/wp-json\/wp\/v2\/users\/5"}],"replies":[{"embeddable":true,"href":"https:\/\/nettop.guru\/wordpress\/wp-json\/wp\/v2\/comments?post=2116"}],"version-history":[{"count":2,"href":"https:\/\/nettop.guru\/wordpress\/wp-json\/wp\/v2\/posts\/2116\/revisions"}],"predecessor-version":[{"id":2120,"href":"https:\/\/nettop.guru\/wordpress\/wp-json\/wp\/v2\/posts\/2116\/revisions\/2120"}],"wp:featuredmedia":[{"embeddable":true,"href":"https:\/\/nettop.guru\/wordpress\/wp-json\/wp\/v2\/media\/2109"}],"wp:attachment":[{"href":"https:\/\/nettop.guru\/wordpress\/wp-json\/wp\/v2\/media?parent=2116"}],"wp:term":[{"taxonomy":"category","embeddable":true,"href":"https:\/\/nettop.guru\/wordpress\/wp-json\/wp\/v2\/categories?post=2116"},{"taxonomy":"post_tag","embeddable":true,"href":"https:\/\/nettop.guru\/wordpress\/wp-json\/wp\/v2\/tags?post=2116"}],"curies":[{"name":"wp","href":"https:\/\/api.w.org\/{rel}","templated":true}]}}