{"id":3168,"date":"2022-05-25T12:00:00","date_gmt":"2022-05-25T10:00:00","guid":{"rendered":"https:\/\/nettop.guru\/wordpress\/?p=3168"},"modified":"2022-05-12T09:39:01","modified_gmt":"2022-05-12T07:39:01","slug":"hverdagen-pa-gardermoen-med-steffen","status":"publish","type":"post","link":"https:\/\/nettop.guru\/wordpress\/hverdagen-pa-gardermoen-med-steffen\/","title":{"rendered":"Hverdagen p\u00e5 Gardermoen, med Steffen"},"content":{"rendered":"\n<p>Vi har ringt enda en av v\u00e6re veileder for en prat i dagens episode, denne gangen fra Gardermoen! Steffen har lang erfaring i Tolletaten, og er kjent for mange gjennom sin deltakelse i tv-serien Toll. Vi f\u00e5r blant annet h\u00f8re om Steffens vei inn i etaten, og et innblikk i livet som toller gjennom hans historier fra den varierte hverdagen p\u00e5 Gardermoen. OBS! Lydkvaliteten vil variere gjennom episoden. Er du interessert i \u00e5 vite mer om tollstudentene? Sjekk ut linjeforeningen BaTo sin nettside <a title=\"http:\/\/bato-uis.no\/\" contenteditable=\"false\" href=\"http:\/\/bato-uis.no\">http:\/\/bato-uis.no<\/a><\/p>\n<div class=\"powerpress_player\" id=\"powerpress_player_5161\"><audio class=\"wp-audio-shortcode\" id=\"audio-3168-1\" preload=\"none\" style=\"width: 100%;\" controls=\"controls\"><source type=\"audio\/mpeg\" src=\"https:\/\/media.blubrry.com\/erasmus_enfermera_espaola\/dts.podtrac.com\/redirect.mp3\/podcast.uis.no\/media\/Rod_gronn_sone\/5_steffen.mp3?_=1\" \/><a href=\"https:\/\/media.blubrry.com\/erasmus_enfermera_espaola\/dts.podtrac.com\/redirect.mp3\/podcast.uis.no\/media\/Rod_gronn_sone\/5_steffen.mp3\">https:\/\/media.blubrry.com\/erasmus_enfermera_espaola\/dts.podtrac.com\/redirect.mp3\/podcast.uis.no\/media\/Rod_gronn_sone\/5_steffen.mp3<\/a><\/audio><\/div><p class=\"powerpress_links powerpress_links_mp3\" style=\"margin-bottom: 1px !important;\">Podcast: <a href=\"https:\/\/media.blubrry.com\/erasmus_enfermera_espaola\/dts.podtrac.com\/redirect.mp3\/podcast.uis.no\/media\/Rod_gronn_sone\/5_steffen.mp3\" class=\"powerpress_link_pinw\" target=\"_blank\" title=\"Play in new window\" onclick=\"return powerpress_pinw('https:\/\/nettop.guru\/wordpress\/?powerpress_pinw=3168-podcast');\" rel=\"nofollow\">Play in new window<\/a> | <a href=\"https:\/\/media.blubrry.com\/erasmus_enfermera_espaola\/dts.podtrac.com\/redirect.mp3\/podcast.uis.no\/media\/Rod_gronn_sone\/5_steffen.mp3\" class=\"powerpress_link_d\" title=\"Download\" rel=\"nofollow\" download=\"5_steffen.mp3\">Download<\/a> (Duration: 32:36 &#8212; 44.8MB) | <a href=\"#\" class=\"powerpress_link_e\" title=\"Embed\" onclick=\"return powerpress_show_embed('3168-podcast');\" rel=\"nofollow\">Embed<\/a><\/p><p class=\"powerpress_embed_box\" id=\"powerpress_embed_3168-podcast\" style=\"display: none;\"><input id=\"powerpress_embed_3168-podcast_t\" type=\"text\" value=\"&lt;iframe width=&quot;320&quot; height=&quot;30&quot; src=&quot;https:\/\/nettop.guru\/wordpress\/?powerpress_embed=3168-podcast&amp;amp;powerpress_player=mediaelement-audio&quot; title=&quot;Blubrry Podcast Player&quot; frameborder=&quot;0&quot; scrolling=&quot;no&quot;&gt;&lt;\/iframe&gt;\" onclick=\"javascript: this.select();\" onfocus=\"javascript: this.select();\" style=\"width: 70%;\" readOnly><\/p><p class=\"powerpress_links powerpress_subscribe_links\">Subscribe: <a href=\"https:\/\/subscribebyemail.com\/nettop.guru\/wordpress\/feed\/podcast\/\" class=\"powerpress_link_subscribe powerpress_link_subscribe_email\" target=\"_blank\" title=\"Subscribe by Email\" rel=\"nofollow\">Email<\/a> | <a href=\"https:\/\/nettop.guru\/wordpress\/feed\/podcast\/\" class=\"powerpress_link_subscribe powerpress_link_subscribe_rss\" target=\"_blank\" title=\"Subscribe via RSS\" rel=\"nofollow\">RSS<\/a> | <a href=\"https:\/\/nettop.guru\/wordpress\/\" class=\"powerpress_link_subscribe powerpress_link_subscribe_more\" target=\"_blank\" title=\"More\" rel=\"nofollow\">More<\/a><\/p><!--powerpress_player-->","protected":false},"excerpt":{"rendered":"<p>Vi har ringt enda en av v\u00e6re veileder for en prat i dagens episode, denne gangen fra Gardermoen! Steffen har lang erfaring i Tolletaten, og er kjent for mange gjennom sin deltakelse i tv-serien Toll. Vi f\u00e5r blant annet h\u00f8re <span class=\"readmore\"><a href=\"https:\/\/nettop.guru\/wordpress\/hverdagen-pa-gardermoen-med-steffen\/\">Les mer &#8230;<\/a><\/span><\/p>\n","protected":false},"author":5,"featured_media":2911,"comment_status":"closed","ping_status":"closed","sticky":false,"template":"","format":"standard","meta":{"jetpack_post_was_ever_published":false,"_jetpack_newsletter_access":"","_jetpack_dont_email_post_to_subs":false,"_jetpack_newsletter_tier_id":0,"_jetpack_memberships_contains_paywalled_content":false,"_jetpack_memberships_contains_paid_content":false,"footnotes":"","jetpack_publicize_message":"","jetpack_publicize_feature_enabled":true,"jetpack_social_post_already_shared":true,"jetpack_social_options":{"image_generator_settings":{"template":"highway","default_image_id":0,"font":"","enabled":false},"version":2}},"categories":[1300],"tags":[66,1301,1356,1357],"class_list":["post-3168","post","type-post","status-publish","format-standard","has-post-thumbnail","hentry","category-rod-gronn-sone","tag-student","tag-toll","tag-prakis","tag-gardermoen"],"jetpack_publicize_connections":[],"jetpack_featured_media_url":"https:\/\/i0.wp.com\/nettop.guru\/wordpress\/wp-content\/uploads\/2022\/02\/UiS_logo_Podcast_440x300px_RodGronnSone.png?fit=440%2C300&ssl=1","jetpack_sharing_enabled":true,"jetpack_shortlink":"https:\/\/wp.me\/p7OAJ5-P6","jetpack-related-posts":[{"id":4312,"url":"https:\/\/nettop.guru\/wordpress\/tolletaten-pa-tv-og-sosiale-media\/","url_meta":{"origin":3168,"position":0},"title":"Tolletaten p\u00e5 TV og sosiale media","author":"NettOp UiS","date":"27\/01\/2025","format":false,"excerpt":"Denne episoden har vi med Anders som er toller p\u00e5 Gardermoen. Han snakker om TV-serien \u201cToll\u201d og Tolletaten sitt generelle n\u00e6rv\u00e6r p\u00e5 sosiale medier. Tolletaten har utviklet seg innenfor media gjennom \u00e5rene, og Anders er her for \u00e5 gi oss et innblikk i hvordan det fungerer i praksis, og hva\u2026","rel":"","context":"In &quot;R\u00f8d\/Gr\u00f8nn sone&quot;","block_context":{"text":"R\u00f8d\/Gr\u00f8nn sone","link":"https:\/\/nettop.guru\/wordpress\/category\/rod-gronn-sone\/"},"img":{"alt_text":"","src":"https:\/\/i0.wp.com\/nettop.guru\/wordpress\/wp-content\/uploads\/2022\/02\/UiS_logo_Podcast_440x300px_RodGronnSone.png?fit=440%2C300&ssl=1&resize=350%2C200","width":350,"height":200},"classes":[]},{"id":3160,"url":"https:\/\/nettop.guru\/wordpress\/hverdagen-pa-svinesund-med-eva-linn\/","url_meta":{"origin":3168,"position":1},"title":"Hverdagen p\u00e5 Svinesund, med Eva-Linn","author":"NettOp UiS","date":"27\/04\/2022","format":false,"excerpt":"Vi er tilbake p\u00e5 UiS etter 6 spennende uker med praksis! I den anledning har vi invitert en av v\u00e5re veiledere for en prat! Eva-Linn har jobbet i Tolletaten i 11 \u00e5r, og er kjent for mange gjennom sin deltakelse i tv-serien Toll. Gjennom dagens episode f\u00e5r vi et innblikk\u2026","rel":"","context":"In &quot;R\u00f8d\/Gr\u00f8nn sone&quot;","block_context":{"text":"R\u00f8d\/Gr\u00f8nn sone","link":"https:\/\/nettop.guru\/wordpress\/category\/rod-gronn-sone\/"},"img":{"alt_text":"","src":"https:\/\/i0.wp.com\/nettop.guru\/wordpress\/wp-content\/uploads\/2022\/02\/UiS_logo_Podcast_440x300px_RodGronnSone.png?fit=440%2C300&ssl=1&resize=350%2C200","width":350,"height":200},"classes":[]},{"id":3307,"url":"https:\/\/nettop.guru\/wordpress\/hverdagen-som-leder-av-norsk-tollerforbund\/","url_meta":{"origin":3168,"position":2},"title":"Hverdagen som leder av Norsk Tollerforbund","author":"NettOp UiS","date":"17\/10\/2022","format":false,"excerpt":"I dagens episode f\u00e5r du hilse p\u00e5 de nye podcastansvarlige, Nina og Emma, som er f\u00f8rste \u00e5rs tollstudenter p\u00e5 UIS.\u00a0Vi har ogs\u00e5\u00a0v\u00e6rt s\u00e5 heldig \u00e5 f\u00e5tt bes\u00f8k av Karin som er leder for Norsk Tollerforbund. Hun har sv\u00e6rt mye erfaring\u00a0og kunnskap ettersom hun har arbeidet i etaten i mange \u00e5r.\u2026","rel":"","context":"In &quot;R\u00f8d\/Gr\u00f8nn sone&quot;","block_context":{"text":"R\u00f8d\/Gr\u00f8nn sone","link":"https:\/\/nettop.guru\/wordpress\/category\/rod-gronn-sone\/"},"img":{"alt_text":"","src":"https:\/\/i0.wp.com\/nettop.guru\/wordpress\/wp-content\/uploads\/2022\/02\/UiS_logo_Podcast_440x300px_RodGronnSone.png?fit=440%2C300&ssl=1&resize=350%2C200","width":350,"height":200},"classes":[]},{"id":3182,"url":"https:\/\/nettop.guru\/wordpress\/oppsummering-av-forste-aret\/","url_meta":{"origin":3168,"position":3},"title":"Oppsummering av f\u00f8rste \u00e5ret","author":"NettOp UiS","date":"08\/06\/2022","format":false,"excerpt":"Vi gir en liten oppsummering p\u00e5 hvordan f\u00f8rste \u00e5ret p\u00e5 tollstudiet har v\u00e6rt. \u00c5ret har v\u00e6rt utrolig spennende og vi har l\u00e6rt mye om tollerudanningen gjennom b\u00e5de praksis og fag p\u00e5 UiS. Vi snakker ogs\u00e5 om hvordan det blir \u00e5 starte p\u00e5 andre \u00e5ret og om hvor mye vi gleder\u2026","rel":"","context":"In &quot;R\u00f8d\/Gr\u00f8nn sone&quot;","block_context":{"text":"R\u00f8d\/Gr\u00f8nn sone","link":"https:\/\/nettop.guru\/wordpress\/category\/rod-gronn-sone\/"},"img":{"alt_text":"","src":"https:\/\/i0.wp.com\/nettop.guru\/wordpress\/wp-content\/uploads\/2022\/02\/UiS_logo_Podcast_440x300px_RodGronnSone.png?fit=440%2C300&ssl=1&resize=350%2C200","width":350,"height":200},"classes":[]},{"id":4832,"url":"https:\/\/nettop.guru\/wordpress\/episode-10-algoritmisk-tenkning-som-laeringsstotte-i-hverdagen\/","url_meta":{"origin":3168,"position":4},"title":"Episode 10 &#8211; Algoritmisk tenkning som l\u00e6ringsst\u00f8tte i hverdagen","author":"NettOp UiS","date":"02\/03\/2026","format":false,"excerpt":"I denne episoden av Matematikk for livet utforsker vi hva algoritmisk tenkning egentlig betyr \u2013 og hvorfor det ikke f\u00f8rst og fremst handler om teknologi, men om hvordan vi organiserer tankene v\u00e5re for \u00e5 forst\u00e5 og mestre hverdagen. Gjennom konkrete eksempler fra kj\u00f8kkenet, bussholdeplassen og butikken viser episoden hvordan sekvensering,\u2026","rel":"","context":"In &quot;Matematikk for livet&quot;","block_context":{"text":"Matematikk for livet","link":"https:\/\/nettop.guru\/wordpress\/category\/matematikk-for-livet\/"},"img":{"alt_text":"","src":"https:\/\/i0.wp.com\/nettop.guru\/wordpress\/wp-content\/uploads\/2025\/12\/Matematikk_for_livet_UiS_logo_Podcast_440x300px_mal-copy.png?fit=440%2C300&ssl=1&resize=350%2C200","width":350,"height":200},"classes":[]},{"id":3166,"url":"https:\/\/nettop.guru\/wordpress\/tolletatens-vareforselsdivisjon-med-mette\/","url_meta":{"origin":3168,"position":5},"title":"Tolletatens varef\u00f8rselsdivisjon, med Mette","author":"NettOp UiS","date":"12\/05\/2022","format":false,"excerpt":"Vi har f\u00e5tt bes\u00f8k i studio av en av v\u00e5re hovedveileder fra praksis. Mette har mange \u00e5rs erfaring bak seg, og jobber n\u00e5 tett med oss studenter, b\u00e5de i praksis og p\u00e5 skolebenken her p\u00e5 UiS. Vi tar en liten oppsummering av praksis, og sp\u00f8r oss videre rundt hva Tolletatens\u2026","rel":"","context":"In &quot;R\u00f8d\/Gr\u00f8nn sone&quot;","block_context":{"text":"R\u00f8d\/Gr\u00f8nn sone","link":"https:\/\/nettop.guru\/wordpress\/category\/rod-gronn-sone\/"},"img":{"alt_text":"","src":"https:\/\/i0.wp.com\/nettop.guru\/wordpress\/wp-content\/uploads\/2022\/02\/UiS_logo_Podcast_440x300px_RodGronnSone.png?fit=440%2C300&ssl=1&resize=350%2C200","width":350,"height":200},"classes":[]}],"_links":{"self":[{"href":"https:\/\/nettop.guru\/wordpress\/wp-json\/wp\/v2\/posts\/3168","targetHints":{"allow":["GET"]}}],"collection":[{"href":"https:\/\/nettop.guru\/wordpress\/wp-json\/wp\/v2\/posts"}],"about":[{"href":"https:\/\/nettop.guru\/wordpress\/wp-json\/wp\/v2\/types\/post"}],"author":[{"embeddable":true,"href":"https:\/\/nettop.guru\/wordpress\/wp-json\/wp\/v2\/users\/5"}],"replies":[{"embeddable":true,"href":"https:\/\/nettop.guru\/wordpress\/wp-json\/wp\/v2\/comments?post=3168"}],"version-history":[{"count":1,"href":"https:\/\/nettop.guru\/wordpress\/wp-json\/wp\/v2\/posts\/3168\/revisions"}],"predecessor-version":[{"id":3169,"href":"https:\/\/nettop.guru\/wordpress\/wp-json\/wp\/v2\/posts\/3168\/revisions\/3169"}],"wp:featuredmedia":[{"embeddable":true,"href":"https:\/\/nettop.guru\/wordpress\/wp-json\/wp\/v2\/media\/2911"}],"wp:attachment":[{"href":"https:\/\/nettop.guru\/wordpress\/wp-json\/wp\/v2\/media?parent=3168"}],"wp:term":[{"taxonomy":"category","embeddable":true,"href":"https:\/\/nettop.guru\/wordpress\/wp-json\/wp\/v2\/categories?post=3168"},{"taxonomy":"post_tag","embeddable":true,"href":"https:\/\/nettop.guru\/wordpress\/wp-json\/wp\/v2\/tags?post=3168"}],"curies":[{"name":"wp","href":"https:\/\/api.w.org\/{rel}","templated":true}]}}