{"id":3462,"date":"2023-02-01T12:00:00","date_gmt":"2023-02-01T11:00:00","guid":{"rendered":"https:\/\/nettop.guru\/wordpress\/?p=3462"},"modified":"2023-04-14T12:31:10","modified_gmt":"2023-04-14T10:31:10","slug":"hvordan-er-det-a-jobbe-i-vareforseldivisjonen-med-anne","status":"publish","type":"post","link":"https:\/\/nettop.guru\/wordpress\/hvordan-er-det-a-jobbe-i-vareforseldivisjonen-med-anne\/","title":{"rendered":"Hvordan er det \u00e5 jobbe i varef\u00f8rseldivisjonen, med Anne"},"content":{"rendered":"\n<p>I dagen episode har tollstudentene Siv og Kristijane tatt over podcasten sammen med Anne fra varef\u00f8rseldivisjonen i Tolletaten. Anne er toller og foreleser for tollstudentene i faget toll og varef\u00f8rsel p\u00e5 Universitetet i Stavanger. Hun forteller om hvordan det er \u00e5 v\u00e6re foreleser i et helt nytt fag og hvordan det er \u00e5 jobbe som toller i varef\u00f8rseldivisjonen.<\/p>\n\n\n\n<p>Er du interessert i \u00e5 vite mer om tollstudentene? Sjekk ut linjeforeningen BaTo sin nettside <a href=\"http:\/\/bato-uis.no\">http:\/\/bato-uis.no<\/a><\/p>\n\n\n\n<p><\/p>\n\n\n\n<p><a href=\"https:\/\/nettop.guru\/wordpress\/wp-content\/uploads\/2023\/04\/jobb_i_vareforseldivisjonen_med_Anne.pdf\" data-type=\"URL\" data-id=\"https:\/\/nettop.guru\/wordpress\/wp-content\/uploads\/2023\/04\/jobb_i_vareforseldivisjonen_med_Anne.pdf\" target=\"_blank\" rel=\"noreferrer noopener\">Du finner transkripsjon av episoden her (pdf, \u00e5pnes i nytt vindu)<\/a><\/p>\n<div class=\"powerpress_player\" id=\"powerpress_player_9480\"><audio class=\"wp-audio-shortcode\" id=\"audio-3462-1\" preload=\"none\" style=\"width: 100%;\" controls=\"controls\"><source type=\"audio\/mpeg\" src=\"https:\/\/media.blubrry.com\/erasmus_enfermera_espaola\/dts.podtrac.com\/redirect.mp3\/podcast.uis.no\/media\/rod_gronn_sone\/jobb_i_vareforseldivisjonen_med_Anne.mp3?_=1\" \/><a href=\"https:\/\/media.blubrry.com\/erasmus_enfermera_espaola\/dts.podtrac.com\/redirect.mp3\/podcast.uis.no\/media\/rod_gronn_sone\/jobb_i_vareforseldivisjonen_med_Anne.mp3\">https:\/\/media.blubrry.com\/erasmus_enfermera_espaola\/dts.podtrac.com\/redirect.mp3\/podcast.uis.no\/media\/rod_gronn_sone\/jobb_i_vareforseldivisjonen_med_Anne.mp3<\/a><\/audio><\/div><p class=\"powerpress_links powerpress_links_mp3\" style=\"margin-bottom: 1px !important;\">Podcast: <a href=\"https:\/\/media.blubrry.com\/erasmus_enfermera_espaola\/dts.podtrac.com\/redirect.mp3\/podcast.uis.no\/media\/rod_gronn_sone\/jobb_i_vareforseldivisjonen_med_Anne.mp3\" class=\"powerpress_link_pinw\" target=\"_blank\" title=\"Play in new window\" onclick=\"return powerpress_pinw('https:\/\/nettop.guru\/wordpress\/?powerpress_pinw=3462-podcast');\" rel=\"nofollow\">Play in new window<\/a> | <a href=\"https:\/\/media.blubrry.com\/erasmus_enfermera_espaola\/dts.podtrac.com\/redirect.mp3\/podcast.uis.no\/media\/rod_gronn_sone\/jobb_i_vareforseldivisjonen_med_Anne.mp3\" class=\"powerpress_link_d\" title=\"Download\" rel=\"nofollow\" download=\"jobb_i_vareforseldivisjonen_med_Anne.mp3\">Download<\/a> (Duration: 14:55 &#8212; 20.5MB) | <a href=\"#\" class=\"powerpress_link_e\" title=\"Embed\" onclick=\"return powerpress_show_embed('3462-podcast');\" rel=\"nofollow\">Embed<\/a><\/p><p class=\"powerpress_embed_box\" id=\"powerpress_embed_3462-podcast\" style=\"display: none;\"><input id=\"powerpress_embed_3462-podcast_t\" type=\"text\" value=\"&lt;iframe width=&quot;320&quot; height=&quot;30&quot; src=&quot;https:\/\/nettop.guru\/wordpress\/?powerpress_embed=3462-podcast&amp;amp;powerpress_player=mediaelement-audio&quot; title=&quot;Blubrry Podcast Player&quot; frameborder=&quot;0&quot; scrolling=&quot;no&quot;&gt;&lt;\/iframe&gt;\" onclick=\"javascript: this.select();\" onfocus=\"javascript: this.select();\" style=\"width: 70%;\" readOnly><\/p><p class=\"powerpress_links powerpress_subscribe_links\">Subscribe: <a href=\"https:\/\/subscribebyemail.com\/nettop.guru\/wordpress\/feed\/podcast\/\" class=\"powerpress_link_subscribe powerpress_link_subscribe_email\" target=\"_blank\" title=\"Subscribe by Email\" rel=\"nofollow\">Email<\/a> | <a href=\"https:\/\/nettop.guru\/wordpress\/feed\/podcast\/\" class=\"powerpress_link_subscribe powerpress_link_subscribe_rss\" target=\"_blank\" title=\"Subscribe via RSS\" rel=\"nofollow\">RSS<\/a> | <a href=\"https:\/\/nettop.guru\/wordpress\/\" class=\"powerpress_link_subscribe powerpress_link_subscribe_more\" target=\"_blank\" title=\"More\" rel=\"nofollow\">More<\/a><\/p><!--powerpress_player-->","protected":false},"excerpt":{"rendered":"<p>I dagen episode har tollstudentene Siv og Kristijane tatt over podcasten sammen med Anne fra varef\u00f8rseldivisjonen i Tolletaten. Anne er toller og foreleser for tollstudentene i faget toll og varef\u00f8rsel p\u00e5 Universitetet i Stavanger. Hun forteller om hvordan det er <span class=\"readmore\"><a href=\"https:\/\/nettop.guru\/wordpress\/hvordan-er-det-a-jobbe-i-vareforseldivisjonen-med-anne\/\">Les mer &#8230;<\/a><\/span><\/p>\n","protected":false},"author":5,"featured_media":2911,"comment_status":"closed","ping_status":"closed","sticky":false,"template":"","format":"standard","meta":{"jetpack_post_was_ever_published":false,"_jetpack_newsletter_access":"","_jetpack_dont_email_post_to_subs":false,"_jetpack_newsletter_tier_id":0,"_jetpack_memberships_contains_paywalled_content":false,"_jetpack_memberships_contains_paid_content":false,"footnotes":"","jetpack_publicize_message":"","jetpack_publicize_feature_enabled":true,"jetpack_social_post_already_shared":true,"jetpack_social_options":{"image_generator_settings":{"template":"highway","default_image_id":0,"font":"","enabled":false},"version":2}},"categories":[1300],"tags":[48,261,1301,1343,1355,1554],"class_list":["post-3462","post","type-post","status-publish","format-standard","has-post-thumbnail","hentry","category-rod-gronn-sone","tag-utdanning","tag-universitet","tag-toll","tag-tollstudent","tag-vareforsel","tag-tolletaten"],"jetpack_publicize_connections":[],"jetpack_featured_media_url":"https:\/\/i0.wp.com\/nettop.guru\/wordpress\/wp-content\/uploads\/2022\/02\/UiS_logo_Podcast_440x300px_RodGronnSone.png?fit=440%2C300&ssl=1","jetpack_sharing_enabled":true,"jetpack_shortlink":"https:\/\/wp.me\/p7OAJ5-TQ","jetpack-related-posts":[{"id":4312,"url":"https:\/\/nettop.guru\/wordpress\/tolletaten-pa-tv-og-sosiale-media\/","url_meta":{"origin":3462,"position":0},"title":"Tolletaten p\u00e5 TV og sosiale media","author":"NettOp UiS","date":"27\/01\/2025","format":false,"excerpt":"Denne episoden har vi med Anders som er toller p\u00e5 Gardermoen. Han snakker om TV-serien \u201cToll\u201d og Tolletaten sitt generelle n\u00e6rv\u00e6r p\u00e5 sosiale medier. Tolletaten har utviklet seg innenfor media gjennom \u00e5rene, og Anders er her for \u00e5 gi oss et innblikk i hvordan det fungerer i praksis, og hva\u2026","rel":"","context":"In &quot;R\u00f8d\/Gr\u00f8nn sone&quot;","block_context":{"text":"R\u00f8d\/Gr\u00f8nn sone","link":"https:\/\/nettop.guru\/wordpress\/category\/rod-gronn-sone\/"},"img":{"alt_text":"","src":"https:\/\/i0.wp.com\/nettop.guru\/wordpress\/wp-content\/uploads\/2022\/02\/UiS_logo_Podcast_440x300px_RodGronnSone.png?fit=440%2C300&ssl=1&resize=350%2C200","width":350,"height":200},"classes":[]},{"id":4522,"url":"https:\/\/nettop.guru\/wordpress\/hvordan-integrere-seg-i-det-nye-studielivet\/","url_meta":{"origin":3462,"position":1},"title":"Hvordan integrere seg i det nye studielivet","author":"NettOp UiS","date":"31\/10\/2024","format":false,"excerpt":"I denne episoden har vi med oss Anne Marit Aspenes, som er studieveileder p\u00e5 veiledningstjenesten her p\u00e5 universitetet i Stavanger. Vi tar for oss hvordan det kan v\u00e6re som ny student i byen, b\u00e5de det positive og negative. Samtidig som vi, med hjelp av studieveileder, kommer med nyttige tips og\u2026","rel":"","context":"In &quot;R\u00f8d\/Gr\u00f8nn sone&quot;","block_context":{"text":"R\u00f8d\/Gr\u00f8nn sone","link":"https:\/\/nettop.guru\/wordpress\/category\/rod-gronn-sone\/"},"img":{"alt_text":"","src":"https:\/\/i0.wp.com\/nettop.guru\/wordpress\/wp-content\/uploads\/2022\/02\/UiS_logo_Podcast_440x300px_RodGronnSone.png?fit=440%2C300&ssl=1&resize=350%2C200","width":350,"height":200},"classes":[]},{"id":3168,"url":"https:\/\/nettop.guru\/wordpress\/hverdagen-pa-gardermoen-med-steffen\/","url_meta":{"origin":3462,"position":2},"title":"Hverdagen p\u00e5 Gardermoen, med Steffen","author":"NettOp UiS","date":"25\/05\/2022","format":false,"excerpt":"Vi har ringt enda en av v\u00e6re veileder for en prat i dagens episode, denne gangen fra Gardermoen! Steffen har lang erfaring i Tolletaten, og er kjent for mange gjennom sin deltakelse i tv-serien Toll. Vi f\u00e5r blant annet h\u00f8re om Steffens vei inn i etaten, og et innblikk i\u2026","rel":"","context":"In &quot;R\u00f8d\/Gr\u00f8nn sone&quot;","block_context":{"text":"R\u00f8d\/Gr\u00f8nn sone","link":"https:\/\/nettop.guru\/wordpress\/category\/rod-gronn-sone\/"},"img":{"alt_text":"","src":"https:\/\/i0.wp.com\/nettop.guru\/wordpress\/wp-content\/uploads\/2022\/02\/UiS_logo_Podcast_440x300px_RodGronnSone.png?fit=440%2C300&ssl=1&resize=350%2C200","width":350,"height":200},"classes":[]},{"id":3806,"url":"https:\/\/nettop.guru\/wordpress\/livet-som-forstearsstudent\/","url_meta":{"origin":3462,"position":3},"title":"Livet som f\u00f8rste\u00e5rsstudent","author":"NettOp UiS","date":"27\/11\/2023","format":false,"excerpt":"Lurer du p\u00e5 hvordan det er \u00e5 studere bachelor i toll, varef\u00f8rsel og grensekontroll ved UiS? M\u00f8t tollstudentene Mats og Lars som forteller om sitt f\u00f8rste semester, og hva de tenker om neste \u00e5r.Er du interessert i \u00e5 vite mer om tollstudentene? Sjekk ut linjeforeningen BaTo sin nettside http:\/\/bato-uis.no\u00a0 You\u2026","rel":"","context":"In &quot;R\u00f8d\/Gr\u00f8nn sone&quot;","block_context":{"text":"R\u00f8d\/Gr\u00f8nn sone","link":"https:\/\/nettop.guru\/wordpress\/category\/rod-gronn-sone\/"},"img":{"alt_text":"","src":"https:\/\/i0.wp.com\/nettop.guru\/wordpress\/wp-content\/uploads\/2022\/02\/UiS_logo_Podcast_440x300px_RodGronnSone.png?fit=440%2C300&ssl=1&resize=350%2C200","width":350,"height":200},"classes":[]},{"id":4661,"url":"https:\/\/nettop.guru\/wordpress\/nytt-semester-nye-podcastansvarlige\/","url_meta":{"origin":3462,"position":4},"title":"Nytt semester &#8211; nye podcastansvarlige!","author":"NettOp UiS","date":"03\/11\/2025","format":false,"excerpt":"Et nytt studie\u00e5r er i gang, og i dagens episode vil lytterne bli bedre kjent med \u00e5rets podcastansvarlige,\u00a0Marte og Magnus! Transkripsjon av episoden I denne serien f\u00e5r du h\u00f8re mer om hverdagen til tollstudentene ved universitetet i Stavanger. Podkasten er laget av linjeforeningen BaTo med tollstudenter.","rel":"","context":"In &quot;R\u00f8d\/Gr\u00f8nn sone&quot;","block_context":{"text":"R\u00f8d\/Gr\u00f8nn sone","link":"https:\/\/nettop.guru\/wordpress\/category\/rod-gronn-sone\/"},"img":{"alt_text":"","src":"https:\/\/i0.wp.com\/nettop.guru\/wordpress\/wp-content\/uploads\/2022\/02\/UiS_logo_Podcast_440x300px_RodGronnSone.png?fit=440%2C300&ssl=1&resize=350%2C200","width":350,"height":200},"classes":[]},{"id":3949,"url":"https:\/\/nettop.guru\/wordpress\/fra-etatsutdanning-til-bachelorgrad\/","url_meta":{"origin":3462,"position":5},"title":"Fra etatsutdanning til bachelorgrad","author":"NettOp UiS","date":"18\/03\/2024","format":false,"excerpt":"Hvorfor byttet Tolletaten ut sin egen etatsutdanning med en bachelorgrad? Hvilke konsekvenser har dette for morgendagens tollere? Underdirekt\u00f8r og leder for Tolletatens kompetanseseksjon, Kai S\u00f8lve Urke, svarer blant annet p\u00e5 dette i denne episoden av R\u00f8d\/Gr\u00f8nn-sone.\u00a0\u00a0 \u00a0 Er du interessert i \u00e5 vite mer om tollstudentene? Sjekk ut linjeforeningen\u00a0BaTo\u00a0sin nettside\u00a0http:\/\/bato-uis.no\u00a0\u2026","rel":"","context":"In &quot;R\u00f8d\/Gr\u00f8nn sone&quot;","block_context":{"text":"R\u00f8d\/Gr\u00f8nn sone","link":"https:\/\/nettop.guru\/wordpress\/category\/rod-gronn-sone\/"},"img":{"alt_text":"","src":"https:\/\/i0.wp.com\/nettop.guru\/wordpress\/wp-content\/uploads\/2022\/02\/UiS_logo_Podcast_440x300px_RodGronnSone.png?fit=440%2C300&ssl=1&resize=350%2C200","width":350,"height":200},"classes":[]}],"_links":{"self":[{"href":"https:\/\/nettop.guru\/wordpress\/wp-json\/wp\/v2\/posts\/3462","targetHints":{"allow":["GET"]}}],"collection":[{"href":"https:\/\/nettop.guru\/wordpress\/wp-json\/wp\/v2\/posts"}],"about":[{"href":"https:\/\/nettop.guru\/wordpress\/wp-json\/wp\/v2\/types\/post"}],"author":[{"embeddable":true,"href":"https:\/\/nettop.guru\/wordpress\/wp-json\/wp\/v2\/users\/5"}],"replies":[{"embeddable":true,"href":"https:\/\/nettop.guru\/wordpress\/wp-json\/wp\/v2\/comments?post=3462"}],"version-history":[{"count":2,"href":"https:\/\/nettop.guru\/wordpress\/wp-json\/wp\/v2\/posts\/3462\/revisions"}],"predecessor-version":[{"id":3558,"href":"https:\/\/nettop.guru\/wordpress\/wp-json\/wp\/v2\/posts\/3462\/revisions\/3558"}],"wp:featuredmedia":[{"embeddable":true,"href":"https:\/\/nettop.guru\/wordpress\/wp-json\/wp\/v2\/media\/2911"}],"wp:attachment":[{"href":"https:\/\/nettop.guru\/wordpress\/wp-json\/wp\/v2\/media?parent=3462"}],"wp:term":[{"taxonomy":"category","embeddable":true,"href":"https:\/\/nettop.guru\/wordpress\/wp-json\/wp\/v2\/categories?post=3462"},{"taxonomy":"post_tag","embeddable":true,"href":"https:\/\/nettop.guru\/wordpress\/wp-json\/wp\/v2\/tags?post=3462"}],"curies":[{"name":"wp","href":"https:\/\/api.w.org\/{rel}","templated":true}]}}