{"id":3543,"date":"2023-04-28T06:00:00","date_gmt":"2023-04-28T04:00:00","guid":{"rendered":"https:\/\/nettop.guru\/wordpress\/?p=3543"},"modified":"2023-05-08T14:37:32","modified_gmt":"2023-05-08T12:37:32","slug":"episode-15-hva-kan-foreldre-gjore-for-a-lette-overgangen-til-barnehage-eller-skole-for-barnet","status":"publish","type":"post","link":"https:\/\/nettop.guru\/wordpress\/episode-15-hva-kan-foreldre-gjore-for-a-lette-overgangen-til-barnehage-eller-skole-for-barnet\/","title":{"rendered":"Episode 15: \u2013 Hva kan foreldre gj\u00f8re for \u00e5 lette overgangen til barnehage eller skole for barnet?"},"content":{"rendered":"\n<p style=\"font-weight: 400;\">Til h\u00f8sten er det mange barn som skal starte i barnehagen eller p\u00e5 skolen for aller f\u00f8rste gang. Men det er ikke bare barna som skal over i denne nye fasen av livet \u2013 foreldre skal ogs\u00e5 m\u00f8te denne store overgangen p\u00e5 best mulig m\u00e5te. Hvordan ser denne oppstarten egentlig ut? Og hva kan man forvente av barnehagen eller skolen? Og hva kan du som forelder gj\u00f8re for \u00e5 lette overgangen for barnet?<\/p>\n<p style=\"font-weight: 400;\">H\u00f8r Cecilie Evertsen og Svanaug Lunde ved L\u00e6ringsmilj\u00f8senteret diskutere temaet barnehage- og skolestart i denne podkasten. Her kan du som er forelder til et barn som skal starte i barnehagen eller p\u00e5 skolen f\u00e5 tips og r\u00e5d. Episoden blir ledet av programleder Maria Gilje Strand. Dette er siste episode i en podkast-serie vi har laget om oppstart i barnehage, SFO og skole.<\/p>\n<p style=\"font-weight: 400;\"><strong>Aktuelle temaer som blir dr\u00f8ftet i podkasten:<\/strong><\/p>\n<ol>\n<li style=\"font-weight: 400;\">Hva er en god start i barnehagen eller p\u00e5 skolen, og hvorfor er det s\u00e5 viktig?<\/li>\n<li style=\"font-weight: 400;\">Hvorfor er det s\u00e5 viktig \u00e5 trygge foreldre til barn som skal begynne i barnehagen eller skolen for f\u00f8rste gang?<\/li>\n<li style=\"font-weight: 400;\">Hva kan foreldrene gj\u00f8re for \u00e5 gj\u00f8re overgangen enklere for barnet?<\/li>\n<li style=\"font-weight: 400;\">Hva er viktig for deg som forelder \u00e5 tenke p\u00e5 n\u00e5r det gjelder oppstart i barnehage eller skole?<strong style=\"font-size: inherit;\">\u00a0<\/strong><\/li>\n<\/ol>\n<p style=\"font-weight: 400;\"><strong>Les mer:<\/strong><\/p>\n<ol>\n<li style=\"font-weight: 400;\"><a href=\"https:\/\/www.barnehage.no\/barnehagestart\/fem-rad-for-en-god-barnehagestart\/142393\">Fem r\u00e5d for en god barnehagestart<\/a>(barnehage.no)<\/li>\n<li style=\"font-weight: 400;\"><a href=\"https:\/\/foreldreutvalgene.no\/fug\/tips-til-foreldre-med-skolestartere\/\">Tips til foreldre med skolestartere<\/a> (foreldreutvalgene.no)<\/li>\n<li style=\"font-weight: 400;\"><a href=\"https:\/\/www.youtube.com\/watch?v=z1R-CvDkK_8\">Barnehageoppstart<\/a> (Youtube)<\/li>\n<li style=\"font-weight: 400;\"><a href=\"https:\/\/www.uis.no\/nb\/laringsmiljosenteret\/skole\/overganger-i-sma-barns-liv\">Overganger i sm\u00e5 barns liv<\/a>(uis.no)<\/li>\n<li style=\"font-weight: 400;\"><a href=\"https:\/\/www.aftenposten.no\/foreldreliv\/i\/vQlvlm\/fem-tips-til-foreldre-ved-skolestart\">Fem tips til foreldre ved skolestart<\/a> (Aftenposten)<\/li>\n<li style=\"font-weight: 400;\"><a href=\"https:\/\/www.utdanningsnytt.no\/barnehagelaerer-tilvenning\/her-er-8-tips-til-tilvenning-i-barnehagen\/121922\">Her er 8 tips til tilvenning i barnehagen<\/a>(utdanningsnytt.no)<\/li>\n<\/ol>\n<p style=\"font-weight: 400;\"><a href=\"https:\/\/nettop.guru\/wordpress\/wp-content\/uploads\/2023\/04\/foreldre_LSB.pdf\" target=\"_blank\" rel=\"noopener\">Du finner transkripsjon av episoden her (pdf, \u00e5pnes i nytt vindu)<\/a><\/p>\n<div class=\"powerpress_player\" id=\"powerpress_player_87\"><audio class=\"wp-audio-shortcode\" id=\"audio-3543-1\" preload=\"none\" style=\"width: 100%;\" controls=\"controls\"><source type=\"audio\/mpeg\" src=\"https:\/\/media.blubrry.com\/erasmus_enfermera_espaola\/dts.podtrac.com\/redirect.mp3\/podcast.uis.no\/media\/Laeringsmiljoe_i_skole_og_barnehage\/Foreldre_BH_skole.mp3?_=1\" \/><a href=\"https:\/\/media.blubrry.com\/erasmus_enfermera_espaola\/dts.podtrac.com\/redirect.mp3\/podcast.uis.no\/media\/Laeringsmiljoe_i_skole_og_barnehage\/Foreldre_BH_skole.mp3\">https:\/\/media.blubrry.com\/erasmus_enfermera_espaola\/dts.podtrac.com\/redirect.mp3\/podcast.uis.no\/media\/Laeringsmiljoe_i_skole_og_barnehage\/Foreldre_BH_skole.mp3<\/a><\/audio><\/div><p class=\"powerpress_links powerpress_links_mp3\" style=\"margin-bottom: 1px !important;\">Podcast: <a href=\"https:\/\/media.blubrry.com\/erasmus_enfermera_espaola\/dts.podtrac.com\/redirect.mp3\/podcast.uis.no\/media\/Laeringsmiljoe_i_skole_og_barnehage\/Foreldre_BH_skole.mp3\" class=\"powerpress_link_pinw\" target=\"_blank\" title=\"Play in new window\" onclick=\"return powerpress_pinw('https:\/\/nettop.guru\/wordpress\/?powerpress_pinw=3543-podcast');\" rel=\"nofollow\">Play in new window<\/a> | <a href=\"https:\/\/media.blubrry.com\/erasmus_enfermera_espaola\/dts.podtrac.com\/redirect.mp3\/podcast.uis.no\/media\/Laeringsmiljoe_i_skole_og_barnehage\/Foreldre_BH_skole.mp3\" class=\"powerpress_link_d\" title=\"Download\" rel=\"nofollow\" download=\"Foreldre_BH_skole.mp3\">Download<\/a> (Duration: 45:23 &#8212; 62.3MB) | <a href=\"#\" class=\"powerpress_link_e\" title=\"Embed\" onclick=\"return powerpress_show_embed('3543-podcast');\" rel=\"nofollow\">Embed<\/a><\/p><p class=\"powerpress_embed_box\" id=\"powerpress_embed_3543-podcast\" style=\"display: none;\"><input id=\"powerpress_embed_3543-podcast_t\" type=\"text\" value=\"&lt;iframe width=&quot;320&quot; height=&quot;30&quot; src=&quot;https:\/\/nettop.guru\/wordpress\/?powerpress_embed=3543-podcast&amp;amp;powerpress_player=mediaelement-audio&quot; title=&quot;Blubrry Podcast Player&quot; frameborder=&quot;0&quot; scrolling=&quot;no&quot;&gt;&lt;\/iframe&gt;\" onclick=\"javascript: this.select();\" onfocus=\"javascript: this.select();\" style=\"width: 70%;\" readOnly><\/p><p class=\"powerpress_links powerpress_subscribe_links\">Subscribe: <a href=\"https:\/\/subscribebyemail.com\/nettop.guru\/wordpress\/feed\/podcast\/\" class=\"powerpress_link_subscribe powerpress_link_subscribe_email\" target=\"_blank\" title=\"Subscribe by Email\" rel=\"nofollow\">Email<\/a> | <a href=\"https:\/\/nettop.guru\/wordpress\/feed\/podcast\/\" class=\"powerpress_link_subscribe powerpress_link_subscribe_rss\" target=\"_blank\" title=\"Subscribe via RSS\" rel=\"nofollow\">RSS<\/a> | <a href=\"https:\/\/nettop.guru\/wordpress\/\" class=\"powerpress_link_subscribe powerpress_link_subscribe_more\" target=\"_blank\" title=\"More\" rel=\"nofollow\">More<\/a><\/p><!--powerpress_player-->","protected":false},"excerpt":{"rendered":"<p>Til h\u00f8sten er det mange barn som skal starte i barnehagen eller p\u00e5 skolen for aller f\u00f8rste gang. Men det er ikke bare barna som skal over i denne nye fasen av livet \u2013 foreldre skal ogs\u00e5 m\u00f8te denne store <span class=\"readmore\"><a href=\"https:\/\/nettop.guru\/wordpress\/episode-15-hva-kan-foreldre-gjore-for-a-lette-overgangen-til-barnehage-eller-skole-for-barnet\/\">Les mer &#8230;<\/a><\/span><\/p>\n","protected":false},"author":5,"featured_media":3419,"comment_status":"closed","ping_status":"closed","sticky":false,"template":"","format":"standard","meta":{"jetpack_post_was_ever_published":false,"_jetpack_newsletter_access":"","_jetpack_dont_email_post_to_subs":false,"_jetpack_newsletter_tier_id":0,"_jetpack_memberships_contains_paywalled_content":false,"_jetpack_memberships_contains_paid_content":false,"footnotes":"","jetpack_publicize_message":"","jetpack_publicize_feature_enabled":true,"jetpack_social_post_already_shared":true,"jetpack_social_options":{"image_generator_settings":{"template":"highway","default_image_id":0,"font":"","enabled":false},"version":2}},"categories":[724],"tags":[48,715,1123,1245,1557,1574],"class_list":["post-3543","post","type-post","status-publish","format-standard","has-post-thumbnail","hentry","category-laeringsmiljo-i-skole-og-barnehage","tag-utdanning","tag-skole","tag-barnehage","tag-utdanningsforskning","tag-skolestart","tag-barnehagestart"],"jetpack_publicize_connections":[],"jetpack_featured_media_url":"https:\/\/i0.wp.com\/nettop.guru\/wordpress\/wp-content\/uploads\/2023\/01\/Laringsmiljosenteret_LiSkoleBhge_440x300.jpg?fit=440%2C300&ssl=1","jetpack_sharing_enabled":true,"jetpack_shortlink":"https:\/\/wp.me\/p7OAJ5-V9","jetpack-related-posts":[{"id":3464,"url":"https:\/\/nettop.guru\/wordpress\/skolestart-hvordan-skape-en-trygg-og-god-start\/","url_meta":{"origin":3543,"position":0},"title":"Episode 14: Skolestart: Hvordan skape en trygg og god start?","author":"NettOp UiS","date":"14\/04\/2023","format":false,"excerpt":"Hvorfor er det s\u00e5 viktig at barna v\u00e5re opplever en trygg og god start n\u00e5r de skal begynne p\u00e5 skolen? Hvordan kan skolen best mulig legge til rette for en god skolestart for 5-6-\u00e5ringene som skal begynne p\u00e5 skolen for aller f\u00f8rste gang, men ogs\u00e5 s\u00f8rge for at resten av\u2026","rel":"","context":"In &quot;L\u00e6ringsmilj\u00f8 i skole og barnehage&quot;","block_context":{"text":"L\u00e6ringsmilj\u00f8 i skole og barnehage","link":"https:\/\/nettop.guru\/wordpress\/category\/laeringsmiljo-i-skole-og-barnehage\/"},"img":{"alt_text":"","src":"https:\/\/i0.wp.com\/nettop.guru\/wordpress\/wp-content\/uploads\/2023\/01\/Laringsmiljosenteret_LiSkoleBhge_440x300.jpg?fit=440%2C300&ssl=1&resize=350%2C200","width":350,"height":200},"classes":[]},{"id":3480,"url":"https:\/\/nettop.guru\/wordpress\/episode-12-a-starte-i-barnehagen-for-forste-gang\/","url_meta":{"origin":3543,"position":1},"title":"Episode 12: \u2013 \u00c5 starte i barnehagen for f\u00f8rste gang","author":"NettOp UiS","date":"17\/03\/2023","format":false,"excerpt":"Til h\u00f8sten er det mange 1-2-\u00e5ringer som skal starte i barnehagen for aller f\u00f8rste gang. Hvordan kan barnehagen legge til rette for at tilvenningen skal bli trygg og god? Og hvorfor er det s\u00e5 viktig at disse sm\u00e5 barna f\u00e5r en best mulig start? H\u00f8r Cecilie Evertsen ved L\u00e6ringsmilj\u00f8senteret diskutere\u2026","rel":"","context":"In &quot;L\u00e6ringsmilj\u00f8 i skole og barnehage&quot;","block_context":{"text":"L\u00e6ringsmilj\u00f8 i skole og barnehage","link":"https:\/\/nettop.guru\/wordpress\/category\/laeringsmiljo-i-skole-og-barnehage\/"},"img":{"alt_text":"","src":"https:\/\/i0.wp.com\/nettop.guru\/wordpress\/wp-content\/uploads\/2023\/01\/Laringsmiljosenteret_LiSkoleBhge_440x300.jpg?fit=440%2C300&ssl=1&resize=350%2C200","width":350,"height":200},"classes":[]},{"id":4049,"url":"https:\/\/nettop.guru\/wordpress\/episode-26-hvordan-bli-en-autoritativ-voksen\/","url_meta":{"origin":3543,"position":2},"title":"Episode 27: Hvordan bli en autoritativ voksen?","author":"NettOp UiS","date":"08\/08\/2024","format":false,"excerpt":"Er det mulig \u00e5 g\u00e5 fra en ettergivende voksen til en autoritativ, og i s\u00e5 fall hvordan? Og hvorfor er det s\u00e5 viktig at alle voksne pr\u00f8ver \u00e5 strekke seg mot \u00e5 v\u00e6re autoritative i m\u00f8te med barn? I denne podkasten diskuterer programleder Maria Gilje Strand og dosent P\u00e5l Roland\u2026","rel":"","context":"In &quot;L\u00e6ringsmilj\u00f8 i skole og barnehage&quot;","block_context":{"text":"L\u00e6ringsmilj\u00f8 i skole og barnehage","link":"https:\/\/nettop.guru\/wordpress\/category\/laeringsmiljo-i-skole-og-barnehage\/"},"img":{"alt_text":"","src":"https:\/\/i0.wp.com\/nettop.guru\/wordpress\/wp-content\/uploads\/2023\/01\/Laringsmiljosenteret_LiSkoleBhge_440x300.jpg?fit=440%2C300&ssl=1&resize=350%2C200","width":350,"height":200},"classes":[]},{"id":3654,"url":"https:\/\/nettop.guru\/wordpress\/hvorfor-trenger-barn-selvregulering\/","url_meta":{"origin":3543,"position":3},"title":"Episode 16: Hvorfor trenger barn selvregulering?","author":"NettOp UiS","date":"25\/09\/2023","format":false,"excerpt":"Selvregulering hjelper barna til \u00e5 tenke f\u00f8r de handler, og er grunnleggende for barns sosiale fungering, men ogs\u00e5 for deres akademiske ferdigheter. Men hva er egentlig selvregulering \u2013 og hva kan de voksne rundt barnet \u2013 b\u00e5de ansatte i barnehagen og foresatte \u2013 gj\u00f8re for \u00e5 fremme selvregulering hos barnet?\u2026","rel":"","context":"In &quot;L\u00e6ringsmilj\u00f8 i skole og barnehage&quot;","block_context":{"text":"L\u00e6ringsmilj\u00f8 i skole og barnehage","link":"https:\/\/nettop.guru\/wordpress\/category\/laeringsmiljo-i-skole-og-barnehage\/"},"img":{"alt_text":"","src":"https:\/\/i0.wp.com\/nettop.guru\/wordpress\/wp-content\/uploads\/2023\/01\/Laringsmiljosenteret_LiSkoleBhge_440x300.jpg?fit=440%2C300&ssl=1&resize=350%2C200","width":350,"height":200},"classes":[]},{"id":4857,"url":"https:\/\/nettop.guru\/wordpress\/episode-45hvordan-ga-frem-nar-et-barn-viser-begynnende-mobbeatferd-i-barnehagen\/","url_meta":{"origin":3543,"position":4},"title":"Episode 45: Hvordan g\u00e5 frem n\u00e5r et barn viser begynnende mobbeatferd i barnehagen?","author":"NettOp UiS","date":"20\/03\/2026","format":false,"excerpt":"Mobbing har v\u00e6rt tema i skolen i mange ti\u00e5r allerede, men det har ikke blitt snakket om mobbing i barnehagen i like stor grad. Det betyr likevel ikke at mobbing ikke skjer blant barn i barnehagen. Men hvordan kan de ansatte i barnehagene f\u00e5 med seg det som skjer, og\u2026","rel":"","context":"In &quot;L\u00e6ringsmilj\u00f8 i skole og barnehage&quot;","block_context":{"text":"L\u00e6ringsmilj\u00f8 i skole og barnehage","link":"https:\/\/nettop.guru\/wordpress\/category\/laeringsmiljo-i-skole-og-barnehage\/"},"img":{"alt_text":"","src":"https:\/\/i0.wp.com\/nettop.guru\/wordpress\/wp-content\/uploads\/2023\/01\/Laringsmiljosenteret_LiSkoleBhge_440x300.jpg?fit=440%2C300&ssl=1&resize=350%2C200","width":350,"height":200},"classes":[]},{"id":3495,"url":"https:\/\/nettop.guru\/wordpress\/episode-13-hvordan-fa-til-en-god-oppstart-pa-sfo\/","url_meta":{"origin":3543,"position":5},"title":"Episode 13: Hvordan f\u00e5 til en god oppstart p\u00e5 SFO?","author":"NettOp UiS","date":"31\/03\/2023","format":false,"excerpt":"I h\u00f8st vil rundt 50.000 barn over hele landet si farvel til barnehagen, og troppe opp p\u00e5 skolen med en litt for baktung ryggsekk og store nysgjerrige \u00f8yne. Vi snakker mye om skolestart, men snakker vi egentlig like mye om SFO-start? For visste du at de aller fleste 5-6-\u00e5ringer faktisk\u2026","rel":"","context":"In &quot;L\u00e6ringsmilj\u00f8 i skole og barnehage&quot;","block_context":{"text":"L\u00e6ringsmilj\u00f8 i skole og barnehage","link":"https:\/\/nettop.guru\/wordpress\/category\/laeringsmiljo-i-skole-og-barnehage\/"},"img":{"alt_text":"","src":"https:\/\/i0.wp.com\/nettop.guru\/wordpress\/wp-content\/uploads\/2023\/01\/Laringsmiljosenteret_LiSkoleBhge_440x300.jpg?fit=440%2C300&ssl=1&resize=350%2C200","width":350,"height":200},"classes":[]}],"_links":{"self":[{"href":"https:\/\/nettop.guru\/wordpress\/wp-json\/wp\/v2\/posts\/3543","targetHints":{"allow":["GET"]}}],"collection":[{"href":"https:\/\/nettop.guru\/wordpress\/wp-json\/wp\/v2\/posts"}],"about":[{"href":"https:\/\/nettop.guru\/wordpress\/wp-json\/wp\/v2\/types\/post"}],"author":[{"embeddable":true,"href":"https:\/\/nettop.guru\/wordpress\/wp-json\/wp\/v2\/users\/5"}],"replies":[{"embeddable":true,"href":"https:\/\/nettop.guru\/wordpress\/wp-json\/wp\/v2\/comments?post=3543"}],"version-history":[{"count":3,"href":"https:\/\/nettop.guru\/wordpress\/wp-json\/wp\/v2\/posts\/3543\/revisions"}],"predecessor-version":[{"id":3547,"href":"https:\/\/nettop.guru\/wordpress\/wp-json\/wp\/v2\/posts\/3543\/revisions\/3547"}],"wp:featuredmedia":[{"embeddable":true,"href":"https:\/\/nettop.guru\/wordpress\/wp-json\/wp\/v2\/media\/3419"}],"wp:attachment":[{"href":"https:\/\/nettop.guru\/wordpress\/wp-json\/wp\/v2\/media?parent=3543"}],"wp:term":[{"taxonomy":"category","embeddable":true,"href":"https:\/\/nettop.guru\/wordpress\/wp-json\/wp\/v2\/categories?post=3543"},{"taxonomy":"post_tag","embeddable":true,"href":"https:\/\/nettop.guru\/wordpress\/wp-json\/wp\/v2\/tags?post=3543"}],"curies":[{"name":"wp","href":"https:\/\/api.w.org\/{rel}","templated":true}]}}