{"id":3566,"date":"2023-05-09T10:00:00","date_gmt":"2023-05-09T08:00:00","guid":{"rendered":"https:\/\/nettop.guru\/wordpress\/?p=3566"},"modified":"2023-05-08T14:41:41","modified_gmt":"2023-05-08T12:41:41","slug":"hvordan-overleve-praksis","status":"publish","type":"post","link":"https:\/\/nettop.guru\/wordpress\/hvordan-overleve-praksis\/","title":{"rendered":"Hvordan overleve praksis"},"content":{"rendered":"\n<p>Hvordan er det \u00e5 v\u00e6re ute i praksis? I denne episoden diskuterer veilederne ulike sider ved \u00e5 v\u00e6re i praksis, og perspektiver det kan v\u00e6re nyttig \u00e5 ha i bakhodet n\u00e5r man skal v\u00e6re student p\u00e5 en arbeidsplass.<\/p>\n\n\n\n<p><a href=\"https:\/\/nettop.guru\/wordpress\/wp-content\/uploads\/2023\/05\/Praksis.pdf\" data-type=\"URL\" data-id=\"https:\/\/nettop.guru\/wordpress\/wp-content\/uploads\/2023\/05\/Praksis.pdf\" target=\"_blank\" rel=\"noreferrer noopener\">Du finner transkripsjon av episoden her (pdf, \u00e5pnes i nytt vindu)<\/a><\/p>\n<div class=\"powerpress_player\" id=\"powerpress_player_7917\"><audio class=\"wp-audio-shortcode\" id=\"audio-3566-1\" preload=\"none\" style=\"width: 100%;\" controls=\"controls\"><source type=\"audio\/mpeg\" src=\"https:\/\/media.blubrry.com\/erasmus_enfermera_espaola\/dts.podtrac.com\/redirect.mp3\/podcast.uis.no\/media\/Veiledningspodden\/praksis.mp3?_=1\" \/><a href=\"https:\/\/media.blubrry.com\/erasmus_enfermera_espaola\/dts.podtrac.com\/redirect.mp3\/podcast.uis.no\/media\/Veiledningspodden\/praksis.mp3\">https:\/\/media.blubrry.com\/erasmus_enfermera_espaola\/dts.podtrac.com\/redirect.mp3\/podcast.uis.no\/media\/Veiledningspodden\/praksis.mp3<\/a><\/audio><\/div><p class=\"powerpress_links powerpress_links_mp3\" style=\"margin-bottom: 1px !important;\">Podcast: <a href=\"https:\/\/media.blubrry.com\/erasmus_enfermera_espaola\/dts.podtrac.com\/redirect.mp3\/podcast.uis.no\/media\/Veiledningspodden\/praksis.mp3\" class=\"powerpress_link_pinw\" target=\"_blank\" title=\"Play in new window\" onclick=\"return powerpress_pinw('https:\/\/nettop.guru\/wordpress\/?powerpress_pinw=3566-podcast');\" rel=\"nofollow\">Play in new window<\/a> | <a href=\"https:\/\/media.blubrry.com\/erasmus_enfermera_espaola\/dts.podtrac.com\/redirect.mp3\/podcast.uis.no\/media\/Veiledningspodden\/praksis.mp3\" class=\"powerpress_link_d\" title=\"Download\" rel=\"nofollow\" download=\"praksis.mp3\">Download<\/a> (Duration: 15:14 &#8212; 20.9MB) | <a href=\"#\" class=\"powerpress_link_e\" title=\"Embed\" onclick=\"return powerpress_show_embed('3566-podcast');\" rel=\"nofollow\">Embed<\/a><\/p><p class=\"powerpress_embed_box\" id=\"powerpress_embed_3566-podcast\" style=\"display: none;\"><input id=\"powerpress_embed_3566-podcast_t\" type=\"text\" value=\"&lt;iframe width=&quot;320&quot; height=&quot;30&quot; src=&quot;https:\/\/nettop.guru\/wordpress\/?powerpress_embed=3566-podcast&amp;amp;powerpress_player=mediaelement-audio&quot; title=&quot;Blubrry Podcast Player&quot; frameborder=&quot;0&quot; scrolling=&quot;no&quot;&gt;&lt;\/iframe&gt;\" onclick=\"javascript: this.select();\" onfocus=\"javascript: this.select();\" style=\"width: 70%;\" readOnly><\/p><p class=\"powerpress_links powerpress_subscribe_links\">Subscribe: <a href=\"https:\/\/subscribebyemail.com\/nettop.guru\/wordpress\/feed\/podcast\/\" class=\"powerpress_link_subscribe powerpress_link_subscribe_email\" target=\"_blank\" title=\"Subscribe by Email\" rel=\"nofollow\">Email<\/a> | <a href=\"https:\/\/nettop.guru\/wordpress\/feed\/podcast\/\" class=\"powerpress_link_subscribe powerpress_link_subscribe_rss\" target=\"_blank\" title=\"Subscribe via RSS\" rel=\"nofollow\">RSS<\/a> | <a href=\"https:\/\/nettop.guru\/wordpress\/\" class=\"powerpress_link_subscribe powerpress_link_subscribe_more\" target=\"_blank\" title=\"More\" rel=\"nofollow\">More<\/a><\/p><!--powerpress_player-->","protected":false},"excerpt":{"rendered":"<p>Hvordan er det \u00e5 v\u00e6re ute i praksis? I denne episoden diskuterer veilederne ulike sider ved \u00e5 v\u00e6re i praksis, og perspektiver det kan v\u00e6re nyttig \u00e5 ha i bakhodet n\u00e5r man skal v\u00e6re student p\u00e5 en arbeidsplass. Du finner <span class=\"readmore\"><a href=\"https:\/\/nettop.guru\/wordpress\/hvordan-overleve-praksis\/\">Les mer &#8230;<\/a><\/span><\/p>\n","protected":false},"author":5,"featured_media":1613,"comment_status":"closed","ping_status":"closed","sticky":false,"template":"","format":"standard","meta":{"jetpack_post_was_ever_published":false,"_jetpack_newsletter_access":"","_jetpack_dont_email_post_to_subs":false,"_jetpack_newsletter_tier_id":0,"_jetpack_memberships_contains_paywalled_content":false,"_jetpack_memberships_contains_paid_content":false,"footnotes":"","jetpack_publicize_message":"","jetpack_publicize_feature_enabled":true,"jetpack_social_post_already_shared":true,"jetpack_social_options":{"image_generator_settings":{"template":"highway","default_image_id":0,"font":"","enabled":false},"version":2}},"categories":[244],"tags":[48,66,209,237,260,269,292,794,1079,1538,1602,1603,1604,1605],"class_list":["post-3566","post","type-post","status-publish","format-standard","has-post-thumbnail","hentry","category-veiledningspodden","tag-utdanning","tag-student","tag-praksis","tag-kompetanse","tag-studieveiledning","tag-laering","tag-karriere","tag-jobbsoking","tag-universitetet","tag-arbeidsliv","tag-studietid","tag-studie","tag-karriereveiledning","tag-obligatorisk"],"jetpack_publicize_connections":[],"jetpack_featured_media_url":"https:\/\/i0.wp.com\/nettop.guru\/wordpress\/wp-content\/uploads\/2019\/07\/Veiledningspodden_skrik_440x300.png?fit=440%2C300&ssl=1","jetpack_sharing_enabled":true,"jetpack_shortlink":"https:\/\/wp.me\/p7OAJ5-Vw","jetpack-related-posts":[{"id":1563,"url":"https:\/\/nettop.guru\/wordpress\/episode-11-a-vaere-student-i-praksis\/","url_meta":{"origin":3566,"position":0},"title":"Episode 11: \u00c5 v\u00e6re student i praksis","author":"NettOp UiS","date":"25\/02\/2019","format":false,"excerpt":"I denne episoden reflekterer\u00a0Gunn\u00a0Brigitte Danielsen og Inger Cecilie Rise sammen med gjest Caroline L\u00f8n\u00f8 rundt det \u00e5 v\u00e6re student i praksis. Hva gj\u00f8r praksis med oss som tar en profesjonsutdannelse? Sammen deler vi erfaringer, tanker og f\u00f8lelser fra praksis rundt b\u00e5de det \u00e5 v\u00e6re student, og det \u00e5 v\u00e6re praksisveileder.\u2026","rel":"","context":"In &quot;Du og jeg og vi to&quot;","block_context":{"text":"Du og jeg og vi to","link":"https:\/\/nettop.guru\/wordpress\/category\/du-og-jeg-og-vi-to\/"},"img":{"alt_text":"","src":"https:\/\/i0.wp.com\/nettop.guru\/wordpress\/wp-content\/uploads\/2019\/09\/duvitok440_ny.jpg?fit=440%2C300&ssl=1&resize=350%2C200","width":350,"height":200},"classes":[]},{"id":3793,"url":"https:\/\/nettop.guru\/wordpress\/hvordan-kan-vi-utvikle-en-mer-inkluderende-praksis-i-skolen\/","url_meta":{"origin":3566,"position":1},"title":"Hvordan kan vi utvikle en mer inkluderende praksis i skolen?","author":"NettOp UiS","date":"20\/11\/2023","format":false,"excerpt":"I denne episoden av Kompetansepodden f\u00e5r du h\u00f8re l\u00e6rer Marit Johanne Hodne, rektor Geir Trygve Olsen\u00a0 og UiS-forsker Marianne Sandvik Tveitnes samtale om hvordan vi kan utvikle en mer inkluderende skole. For \u00e5 svare p\u00e5 sp\u00f8rsm\u00e5let, tar de utgangspunkt i hva vil det si \u00e5 v\u00e6re inkludert. Marit, Geir og\u2026","rel":"","context":"In &quot;Kompetansepodden&quot;","block_context":{"text":"Kompetansepodden","link":"https:\/\/nettop.guru\/wordpress\/category\/kompetansepodden\/"},"img":{"alt_text":"","src":"https:\/\/i0.wp.com\/nettop.guru\/wordpress\/wp-content\/uploads\/2023\/11\/KompetansePod440x300px-1.png?fit=440%2C300&ssl=1&resize=350%2C200","width":350,"height":200},"classes":[]},{"id":4734,"url":"https:\/\/nettop.guru\/wordpress\/praksisemnet-mopp10-forste-praksis\/","url_meta":{"origin":3566,"position":2},"title":"Praksisemnet MOPP10, f\u00f8rste praksis","author":"NettOp UiS","date":"12\/12\/2025","format":false,"excerpt":"I denne episoden har universitetslektor og operasjonssykepleier Malin M. Dramdal bes\u00f8k av to studenter p\u00e5 f\u00f8rste \u00e5ret av masterstudiet i operasjonssykepleie i studio. Hanne og Lena er begge i praksis p\u00e5 Stavanger Universitetsykehus, men p\u00e5 to ulike kirurgiske avdelinger. I denne episoden skal de tre diskutere l\u00e6ringsutbyttene i emnet MOPP10,\u2026","rel":"","context":"In &quot;Steril sone&quot;","block_context":{"text":"Steril sone","link":"https:\/\/nettop.guru\/wordpress\/category\/sterilsone\/"},"img":{"alt_text":"","src":"https:\/\/i0.wp.com\/nettop.guru\/wordpress\/wp-content\/uploads\/2025\/03\/Sterilsone_UiS_440x300px.png?fit=440%2C300&ssl=1&resize=350%2C200","width":350,"height":200},"classes":[]},{"id":4825,"url":"https:\/\/nettop.guru\/wordpress\/episode-9-nar-praksis-moter-forskning-hverdagsmatematikk-og-algoritmisk-tenkning-i-barnehagen\/","url_meta":{"origin":3566,"position":3},"title":"Episode 9 \u2013 N\u00e5r praksis m\u00f8ter forskning: hverdagsmatematikk og algoritmisk tenkning i barnehagen","author":"NettOp UiS","date":"24\/02\/2026","format":false,"excerpt":"I denne episoden av Matematikk for livet m\u00f8ter vi barnehagel\u00e6rerne Angelina og Yvonne fra Sande universitetsbarnehage. Samtalen tar utgangspunkt i deres erfaringer med hverdagsmatematikk, inkludering og algoritmisk tenkning i barnehagen. Gjennom konkrete eksempler fra praksis viser de hvordan struktur og kreativitet kan kombineres p\u00e5 en m\u00e5te som gir rom for\u2026","rel":"","context":"In &quot;Matematikk for livet&quot;","block_context":{"text":"Matematikk for livet","link":"https:\/\/nettop.guru\/wordpress\/category\/matematikk-for-livet\/"},"img":{"alt_text":"","src":"https:\/\/i0.wp.com\/nettop.guru\/wordpress\/wp-content\/uploads\/2025\/12\/Matematikk_for_livet_UiS_logo_Podcast_440x300px_mal-copy.png?fit=440%2C300&ssl=1&resize=350%2C200","width":350,"height":200},"classes":[]},{"id":1532,"url":"https:\/\/nettop.guru\/wordpress\/episode-5-hjelp-vi-snakker-om-konflikter\/","url_meta":{"origin":3566,"position":4},"title":"Episode 5: Hjelp, vi snakker om konflikter!","author":"NettOp UiS","date":"26\/10\/2018","format":false,"excerpt":"I denne episoden reflekterer Gunn Brigitte Danielsen og Inger Cecilie Rise rundt temaet konflikter i profesjonell rolle og praksis. N\u00e5r blir det \u00e5 v\u00e6re uenige til en konflikt? Og finnes det noen gode verkt\u00f8y som kan hjelpe oss \u00e5 f\u00e5 tilgang til vettet n\u00e5r vi virkelig trenger det?\u00a0I denne episoden\u2026","rel":"","context":"In &quot;Du og jeg og vi to&quot;","block_context":{"text":"Du og jeg og vi to","link":"https:\/\/nettop.guru\/wordpress\/category\/du-og-jeg-og-vi-to\/"},"img":{"alt_text":"","src":"https:\/\/i0.wp.com\/nettop.guru\/wordpress\/wp-content\/uploads\/2019\/09\/duvitok440_ny.jpg?fit=440%2C300&ssl=1&resize=350%2C200","width":350,"height":200},"classes":[]},{"id":1605,"url":"https:\/\/nettop.guru\/wordpress\/episode-13-fra-praksis-til-teori-2\/","url_meta":{"origin":3566,"position":5},"title":"Episode 13: Fra praksis til teori","author":"NettOp UiS","date":"20\/06\/2019","format":false,"excerpt":"I denne episoden utforsker Gunn Brigitte Danielsen og Inger Cecilie Rise sammen med gjest Olav Levin Johansen broen mellom praksis og teori. Hvordan kan vi bruke v\u00e5r praktiske kunnskap til \u00e5 utvikle ny teori? Hvilket blikk har vi, hvordan forst\u00e5r vi og hva er det som gir ny innsikt? Er\u2026","rel":"","context":"In &quot;Du og jeg og vi to&quot;","block_context":{"text":"Du og jeg og vi to","link":"https:\/\/nettop.guru\/wordpress\/category\/du-og-jeg-og-vi-to\/"},"img":{"alt_text":"","src":"https:\/\/i0.wp.com\/nettop.guru\/wordpress\/wp-content\/uploads\/2019\/09\/duvitok440_ny.jpg?fit=440%2C300&ssl=1&resize=350%2C200","width":350,"height":200},"classes":[]}],"_links":{"self":[{"href":"https:\/\/nettop.guru\/wordpress\/wp-json\/wp\/v2\/posts\/3566","targetHints":{"allow":["GET"]}}],"collection":[{"href":"https:\/\/nettop.guru\/wordpress\/wp-json\/wp\/v2\/posts"}],"about":[{"href":"https:\/\/nettop.guru\/wordpress\/wp-json\/wp\/v2\/types\/post"}],"author":[{"embeddable":true,"href":"https:\/\/nettop.guru\/wordpress\/wp-json\/wp\/v2\/users\/5"}],"replies":[{"embeddable":true,"href":"https:\/\/nettop.guru\/wordpress\/wp-json\/wp\/v2\/comments?post=3566"}],"version-history":[{"count":1,"href":"https:\/\/nettop.guru\/wordpress\/wp-json\/wp\/v2\/posts\/3566\/revisions"}],"predecessor-version":[{"id":3568,"href":"https:\/\/nettop.guru\/wordpress\/wp-json\/wp\/v2\/posts\/3566\/revisions\/3568"}],"wp:featuredmedia":[{"embeddable":true,"href":"https:\/\/nettop.guru\/wordpress\/wp-json\/wp\/v2\/media\/1613"}],"wp:attachment":[{"href":"https:\/\/nettop.guru\/wordpress\/wp-json\/wp\/v2\/media?parent=3566"}],"wp:term":[{"taxonomy":"category","embeddable":true,"href":"https:\/\/nettop.guru\/wordpress\/wp-json\/wp\/v2\/categories?post=3566"},{"taxonomy":"post_tag","embeddable":true,"href":"https:\/\/nettop.guru\/wordpress\/wp-json\/wp\/v2\/tags?post=3566"}],"curies":[{"name":"wp","href":"https:\/\/api.w.org\/{rel}","templated":true}]}}