{"id":3607,"date":"2023-07-03T10:45:10","date_gmt":"2023-07-03T08:45:10","guid":{"rendered":"https:\/\/nettop.guru\/wordpress\/?p=3607"},"modified":"2023-07-03T10:45:13","modified_gmt":"2023-07-03T08:45:13","slug":"saksbehandling-i-barnevernstjenesten-1-3-meldefasen","status":"publish","type":"post","link":"https:\/\/nettop.guru\/wordpress\/saksbehandling-i-barnevernstjenesten-1-3-meldefasen\/","title":{"rendered":"Saksbehandling i barnevernstjenesten ( 1\/3 ): Meldefasen"},"content":{"rendered":"\n<p class=\"s3\"><span class=\"s10\">Episoden retter s\u00f8kelyset mot saksbehandling I barnevernstjenesten, og spesielt p\u00e5 den f\u00f8rste fasen: Meldingsfasen. For \u00e5 arbeide mot et godt samarbeid med foreldre og barn fra oppstart av en barnevernssak, prater Marit <\/span><span class=\"s10\">Klemp<\/span><span class=\"s10\"> Stephansen, fra Sandnes barnevernstjeneste og Wenche Hovland, fra <\/span><span class=\"s10\">Uis<\/span><span class=\"s10\">, i episode om \u00e5 benytte <\/span><span class=\"s10\">Antonovskys<\/span><span class=\"s10\"> begreper om <\/span><span class=\"s10\">begripelighet<\/span><span class=\"s10\">, <\/span><span class=\"s10\">h\u00e5ndterbarhet<\/span><span class=\"s10\"> og meningsfullhet. <\/span><\/p>\n<hr \/>\n<p class=\"s14\"><span class=\"s12\">This episode focuses on case management in child welfare services.\u00a0 It focuses in particular on the first phase of this process: the <\/span><span class=\"s13\">notification phase<\/span><span class=\"s12\">, where good cooperation between CPS and parents\/ children is especially important.\u00a0 \u00a0Marit <\/span><span class=\"s12\">Klemp<\/span> <span class=\"s12\">Stephansen<\/span><span class=\"s12\">, from Sandnes Child Protection Service ( CPS) and Wenche Hovland, from University of Stavanger, talk in this episode about using <\/span><span class=\"s12\">Antonovsky&#8217;s<\/span><span class=\"s12\"> concept of understanding, manageability and meaningfulness to help manage this process<\/span><\/p>\n<hr \/>\n<p class=\"s3\"><span class=\"s5\">CONTRIBUTORS AND CREDITS<\/span><span class=\"s2\">\u00a0<\/span><\/p>\n<p class=\"s3\"><span class=\"s2\"><br \/><\/span><span class=\"s7\">Content:<\/span><span class=\"s2\">\u00a0<br \/><\/span><span class=\"s10\">Marit <\/span><span class=\"s10\">Klep<\/span><span class=\"s10\"> Stephansen, Sandnes barnevernstjeneste<br \/><\/span><span class=\"s2\">Wenche Hovland<\/span> <span class=\"s2\">F\u00f8rsteamanuensis ved Institutt for sosialfag<\/span><span class=\"s2\">, <\/span><span class=\"s2\">UiS<\/span><\/p>\n<p class=\"s3\"><span class=\"s7\">Editor:<\/span><span class=\"s2\">\u00a0<br \/><\/span><span class=\"s10\">Wenche Hovland University of Stavanger, Norway <\/span><span class=\"s10\"><br \/><\/span><span class=\"s2\">Sarah Hean University of Stavanger, Norway<\/span><span class=\"s2\">\u00a0<\/span><\/p>\n<p><span class=\"s15\">Til <\/span><span class=\"s15\">videre<\/span> <span class=\"s15\">lesing<\/span><span class=\"s15\">:<\/span><\/p>\n<p>Bunkholdt og Kvaran ( 2021 ): Kunnskap og kompetanse i barnevernsarbeid, Gyldendal<\/p>\n<p>Stephansen, K. M ( 2022 ) \u00abVelkommen til barnevernet. Hva kan vi gj\u00f8re for \u00e5 hjelpe deg?\u00bb, Fontene forskning.<a href=\"https:\/\/fontene.no\/fagartikler\/velkommen-til-barnevernet-hva-kan-vi-gjore-for-a-hjelpe-deg-6.47.884619.b8ee638eb4\"><span class=\"s16\">https:\/\/fontene.no\/fagartikler\/velkommen-til-barnevernet-hva-kan-vi-gjore-for-a-hjelpe-deg-6.47.884619.b8ee638eb4<\/span><\/a><\/p>\n<p>Aadnesen og H\u00e6rem ( 2014 ): Saksbehandling i barnevernet, Universitetsforlaget<\/p>\n<p><a href=\"https:\/\/nettop.guru\/wordpress\/wp-content\/uploads\/2023\/07\/ks_m.pdf\" target=\"_blank\" rel=\"noopener\">Du finner transkripsjon av episoden her (pdf, \u00e5pnes i nytt vindu)<\/a><\/p>\n<div class=\"powerpress_player\" id=\"powerpress_player_9514\"><audio class=\"wp-audio-shortcode\" id=\"audio-3607-1\" preload=\"none\" style=\"width: 100%;\" controls=\"controls\"><source type=\"audio\/mpeg\" src=\"https:\/\/media.blubrry.com\/erasmus_enfermera_espaola\/dts.podtrac.com\/redirect.mp3\/podcast.uis.no\/media\/kafe_sosial\/Meldingfasen2023.mp3?_=1\" \/><a href=\"https:\/\/media.blubrry.com\/erasmus_enfermera_espaola\/dts.podtrac.com\/redirect.mp3\/podcast.uis.no\/media\/kafe_sosial\/Meldingfasen2023.mp3\">https:\/\/media.blubrry.com\/erasmus_enfermera_espaola\/dts.podtrac.com\/redirect.mp3\/podcast.uis.no\/media\/kafe_sosial\/Meldingfasen2023.mp3<\/a><\/audio><\/div><p class=\"powerpress_links powerpress_links_mp3\" style=\"margin-bottom: 1px !important;\">Podcast: <a href=\"https:\/\/media.blubrry.com\/erasmus_enfermera_espaola\/dts.podtrac.com\/redirect.mp3\/podcast.uis.no\/media\/kafe_sosial\/Meldingfasen2023.mp3\" class=\"powerpress_link_pinw\" target=\"_blank\" title=\"Play in new window\" onclick=\"return powerpress_pinw('https:\/\/nettop.guru\/wordpress\/?powerpress_pinw=3607-podcast');\" rel=\"nofollow\">Play in new window<\/a> | <a href=\"https:\/\/media.blubrry.com\/erasmus_enfermera_espaola\/dts.podtrac.com\/redirect.mp3\/podcast.uis.no\/media\/kafe_sosial\/Meldingfasen2023.mp3\" class=\"powerpress_link_d\" title=\"Download\" rel=\"nofollow\" download=\"Meldingfasen2023.mp3\">Download<\/a> (Duration: 22:47 &#8212; 23.0MB) | <a href=\"#\" class=\"powerpress_link_e\" title=\"Embed\" onclick=\"return powerpress_show_embed('3607-podcast');\" rel=\"nofollow\">Embed<\/a><\/p><p class=\"powerpress_embed_box\" id=\"powerpress_embed_3607-podcast\" style=\"display: none;\"><input id=\"powerpress_embed_3607-podcast_t\" type=\"text\" value=\"&lt;iframe width=&quot;320&quot; height=&quot;30&quot; src=&quot;https:\/\/nettop.guru\/wordpress\/?powerpress_embed=3607-podcast&amp;amp;powerpress_player=mediaelement-audio&quot; title=&quot;Blubrry Podcast Player&quot; frameborder=&quot;0&quot; scrolling=&quot;no&quot;&gt;&lt;\/iframe&gt;\" onclick=\"javascript: this.select();\" onfocus=\"javascript: this.select();\" style=\"width: 70%;\" readOnly><\/p><p class=\"powerpress_links powerpress_subscribe_links\">Subscribe: <a href=\"https:\/\/subscribebyemail.com\/nettop.guru\/wordpress\/feed\/podcast\/\" class=\"powerpress_link_subscribe powerpress_link_subscribe_email\" target=\"_blank\" title=\"Subscribe by Email\" rel=\"nofollow\">Email<\/a> | <a href=\"https:\/\/nettop.guru\/wordpress\/feed\/podcast\/\" class=\"powerpress_link_subscribe powerpress_link_subscribe_rss\" target=\"_blank\" title=\"Subscribe via RSS\" rel=\"nofollow\">RSS<\/a> | <a href=\"https:\/\/nettop.guru\/wordpress\/\" class=\"powerpress_link_subscribe powerpress_link_subscribe_more\" target=\"_blank\" title=\"More\" rel=\"nofollow\">More<\/a><\/p><!--powerpress_player-->","protected":false},"excerpt":{"rendered":"<p>Episoden retter s\u00f8kelyset mot saksbehandling I barnevernstjenesten, og spesielt p\u00e5 den f\u00f8rste fasen: Meldingsfasen. For \u00e5 arbeide mot et godt samarbeid med foreldre og barn fra oppstart av en barnevernssak, prater Marit Klemp Stephansen, fra Sandnes barnevernstjeneste og Wenche Hovland, <span class=\"readmore\"><a href=\"https:\/\/nettop.guru\/wordpress\/saksbehandling-i-barnevernstjenesten-1-3-meldefasen\/\">Les mer &#8230;<\/a><\/span><\/p>\n","protected":false},"author":5,"featured_media":3532,"comment_status":"closed","ping_status":"closed","sticky":false,"template":"","format":"standard","meta":{"jetpack_post_was_ever_published":false,"_jetpack_newsletter_access":"","_jetpack_dont_email_post_to_subs":false,"_jetpack_newsletter_tier_id":0,"_jetpack_memberships_contains_paywalled_content":false,"_jetpack_memberships_contains_paid_content":false,"footnotes":"","jetpack_publicize_message":"","jetpack_publicize_feature_enabled":true,"jetpack_social_post_already_shared":true,"jetpack_social_options":{"image_generator_settings":{"template":"highway","default_image_id":0,"font":"","enabled":false},"version":2}},"categories":[1595],"tags":[44,49,1480,1481,1637,1638,1639],"class_list":["post-3607","post","type-post","status-publish","format-standard","has-post-thumbnail","hentry","category-kafe-student","tag-sosialfag","tag-barnevern","tag-child-welfare","tag-barnevernstjenesten","tag-meldefasen","tag-sandnes","tag-antonovsky"],"jetpack_publicize_connections":[],"jetpack_featured_media_url":"https:\/\/i0.wp.com\/nettop.guru\/wordpress\/wp-content\/uploads\/2023\/04\/KafeStudent_440x300px.png?fit=440%2C300&ssl=1","jetpack_sharing_enabled":true,"jetpack_shortlink":"https:\/\/wp.me\/p7OAJ5-Wb","jetpack-related-posts":[{"id":3610,"url":"https:\/\/nettop.guru\/wordpress\/saksbehandling-i-barnevernstjenesten-2-3-kontaktetablering-i-undersokelsen\/","url_meta":{"origin":3607,"position":0},"title":"Saksbehandling i barnevernstjenesten ( 2\/3 ): Kontaktetablering i unders\u00f8kelsen","author":"NettOp UiS","date":"03\/07\/2023","format":false,"excerpt":"Episoden retter s\u00f8kelyset mot saksbehandling I barnevernstjenesten, og spesielt p\u00e5 kontaktetablering i unders\u00f8kelse fasen: For \u00e5 arbeide mot et godt samarbeid med foreldre og barn fra oppstart av en barnevernssak, prater Marit Klemp Stephansen, fra Sandnes barnevernstjeneste og Wenche Hovland, fra Uis, i episode om \u00e5 benytte Antonovskysbegreper om begripelighet,\u2026","rel":"","context":"In &quot;Kaf\u00e9 Student&quot;","block_context":{"text":"Kaf\u00e9 Student","link":"https:\/\/nettop.guru\/wordpress\/category\/kafe-student\/"},"img":{"alt_text":"","src":"https:\/\/i0.wp.com\/nettop.guru\/wordpress\/wp-content\/uploads\/2023\/04\/KafeStudent_440x300px.png?fit=440%2C300&ssl=1&resize=350%2C200","width":350,"height":200},"classes":[]},{"id":3613,"url":"https:\/\/nettop.guru\/wordpress\/saksbehandling-i-barnevernstjenesten-3-3-tidlig-oppstart-av-undersokelsen\/","url_meta":{"origin":3607,"position":1},"title":"Saksbehandling i barnevernstjenesten ( 3\/3 ): Tidlig oppstart av unders\u00f8kelsen","author":"NettOp UiS","date":"03\/07\/2023","format":false,"excerpt":"Episoden retter s\u00f8kelyset mot saksbehandling i barnevernstjenesten, og spesielt p\u00e5 oppstart av en unders\u00f8kelse. For \u00e5 arbeide mot et godt samarbeid med foreldre og barn fra oppstart av en barnevernssak, prater Marit Klemp Stephansen, fra Sandnes barnevernstjeneste og Wenche Hovland, fra Uis, i episode om \u00e5 benytte Antonovskys begreper om\u2026","rel":"","context":"In &quot;Kaf\u00e9 Student&quot;","block_context":{"text":"Kaf\u00e9 Student","link":"https:\/\/nettop.guru\/wordpress\/category\/kafe-student\/"},"img":{"alt_text":"","src":"https:\/\/i0.wp.com\/nettop.guru\/wordpress\/wp-content\/uploads\/2023\/04\/KafeStudent_440x300px.png?fit=440%2C300&ssl=1&resize=350%2C200","width":350,"height":200},"classes":[]},{"id":3959,"url":"https:\/\/nettop.guru\/wordpress\/meldingsfasen-setter-privatlivets-fred-pa-vent\/","url_meta":{"origin":3607,"position":2},"title":"Meldingsfasen setter privatlivets fred p\u00e5 vent","author":"NettOp UiS","date":"12\/04\/2024","format":false,"excerpt":"Episoden retter s\u00f8kelyset mot saksbehandling I barnevernstjenesten, og spesielt p\u00e5 den f\u00f8rste fasen: Meldingsfasen. Professor i barnevernsrett Julia K\u00f6hler-Olsen fra OsloMet er i samtale med Wenche Hovland, der de sammen fors\u00f8ker \u00e5 konkludere ut fra juridiske rammer og barnevernsfaglige vurderinger, om en melding g\u00e5r til unders\u00f8kelse. Eng.: This episode explores\u2026","rel":"","context":"In &quot;Kaf\u00e9 Student&quot;","block_context":{"text":"Kaf\u00e9 Student","link":"https:\/\/nettop.guru\/wordpress\/category\/kafe-student\/"},"img":{"alt_text":"","src":"https:\/\/i0.wp.com\/nettop.guru\/wordpress\/wp-content\/uploads\/2023\/04\/KafeStudent_440x300px.png?fit=440%2C300&ssl=1&resize=350%2C200","width":350,"height":200},"classes":[]},{"id":4413,"url":"https:\/\/nettop.guru\/wordpress\/undersokelsesfasen-i-barnevernet-rettslige-rammer-og-faglige-vurderinger\/","url_meta":{"origin":3607,"position":3},"title":"Unders\u00f8kelsesfasen i Barnevernet: Rettslige Rammer og Faglige Vurderinger","author":"NettOp UiS","date":"19\/03\/2025","format":false,"excerpt":"Denne episoden utforsker saksbehandling i barnevernstjenesten, med s\u00e6rlig fokus p\u00e5 unders\u00f8kelsesfasen. N\u00e5r en melding vurderes som unders\u00f8kelsespliktig, trer barnevernstjenesten inn i en kompleks prosess der b\u00e5de juridiske rammer og barnevernsfaglige vurderinger er avgj\u00f8rende. Professor i barnevernsrett Julia K\u00f6hler-Olsen (OsloMet) og f\u00f8rsteamanuensis Wenche Hovland (UiS) diskuterer hvordan barnevernslovens \u00a7 2-2 og\u2026","rel":"","context":"In &quot;Kaf\u00e9 Student&quot;","block_context":{"text":"Kaf\u00e9 Student","link":"https:\/\/nettop.guru\/wordpress\/category\/kafe-student\/"},"img":{"alt_text":"","src":"https:\/\/i0.wp.com\/nettop.guru\/wordpress\/wp-content\/uploads\/2023\/04\/KafeStudent_440x300px.png?fit=440%2C300&ssl=1&resize=350%2C200","width":350,"height":200},"classes":[]},{"id":4680,"url":"https:\/\/nettop.guru\/wordpress\/barnets-behov-i-sentrum-juss-og-barnevernsfaglige-vurderinger-i-tiltaksfasen\/","url_meta":{"origin":3607,"position":4},"title":"Barnets behov i sentrum \u2013 juss- og barnevernsfaglige vurderinger i tiltaksfasen","author":"NettOp UiS","date":"12\/11\/2025","format":false,"excerpt":"Denne episoden handler om hjelpetiltak i barnevernstjenesten \u2013 tiltak som skal st\u00f8tte barn og foreldre i hverdagen, og bidra til endring f\u00f8r situasjonen blir alvorlig. De fleste familier som m\u00f8ter barnevernet, gj\u00f8r det nettopp i slike saker der hjelpen er frivillig, og samarbeidet st\u00e5r sentralt. Professor i barnevernsrett Julia K\u00f6hler-Olsen\u2026","rel":"","context":"In &quot;Kaf\u00e9 Student&quot;","block_context":{"text":"Kaf\u00e9 Student","link":"https:\/\/nettop.guru\/wordpress\/category\/kafe-student\/"},"img":{"alt_text":"","src":"https:\/\/i0.wp.com\/nettop.guru\/wordpress\/wp-content\/uploads\/2023\/04\/KafeStudent_440x300px.png?fit=440%2C300&ssl=1&resize=350%2C200","width":350,"height":200},"classes":[]},{"id":3302,"url":"https:\/\/nettop.guru\/wordpress\/2-barnevernloven-er-i-endring\/","url_meta":{"origin":3607,"position":5},"title":"2. Barnevernloven er i endring","author":"NettOp UiS","date":"20\/09\/2022","format":false,"excerpt":"I denne episode vil vi h\u00f8re om de endringer jurister ser som spesielt betydningsfulle for saksbehandlingen i barnevernet. I tillegg vil en ansatt i den kommunale barneverntjenesten kommentere p\u00e5 hva disse endringene betyr for deres arbeid. Vi h\u00f8rer fra Pia Moum Hellevik og Julia K\u00f8hler- Olsen som begge er jurister\u2026","rel":"","context":"In &quot;Kaf\u00e9 Sosial&quot;","block_context":{"text":"Kaf\u00e9 Sosial","link":"https:\/\/nettop.guru\/wordpress\/category\/kafe-sosial\/"},"img":{"alt_text":"","src":"https:\/\/i0.wp.com\/nettop.guru\/wordpress\/wp-content\/uploads\/2022\/09\/KafeSosial_Podcast_440x300px.png?fit=440%2C300&ssl=1&resize=350%2C200","width":350,"height":200},"classes":[]}],"_links":{"self":[{"href":"https:\/\/nettop.guru\/wordpress\/wp-json\/wp\/v2\/posts\/3607","targetHints":{"allow":["GET"]}}],"collection":[{"href":"https:\/\/nettop.guru\/wordpress\/wp-json\/wp\/v2\/posts"}],"about":[{"href":"https:\/\/nettop.guru\/wordpress\/wp-json\/wp\/v2\/types\/post"}],"author":[{"embeddable":true,"href":"https:\/\/nettop.guru\/wordpress\/wp-json\/wp\/v2\/users\/5"}],"replies":[{"embeddable":true,"href":"https:\/\/nettop.guru\/wordpress\/wp-json\/wp\/v2\/comments?post=3607"}],"version-history":[{"count":1,"href":"https:\/\/nettop.guru\/wordpress\/wp-json\/wp\/v2\/posts\/3607\/revisions"}],"predecessor-version":[{"id":3609,"href":"https:\/\/nettop.guru\/wordpress\/wp-json\/wp\/v2\/posts\/3607\/revisions\/3609"}],"wp:featuredmedia":[{"embeddable":true,"href":"https:\/\/nettop.guru\/wordpress\/wp-json\/wp\/v2\/media\/3532"}],"wp:attachment":[{"href":"https:\/\/nettop.guru\/wordpress\/wp-json\/wp\/v2\/media?parent=3607"}],"wp:term":[{"taxonomy":"category","embeddable":true,"href":"https:\/\/nettop.guru\/wordpress\/wp-json\/wp\/v2\/categories?post=3607"},{"taxonomy":"post_tag","embeddable":true,"href":"https:\/\/nettop.guru\/wordpress\/wp-json\/wp\/v2\/tags?post=3607"}],"curies":[{"name":"wp","href":"https:\/\/api.w.org\/{rel}","templated":true}]}}