{"id":3744,"date":"2023-10-25T10:01:12","date_gmt":"2023-10-25T08:01:12","guid":{"rendered":"https:\/\/nettop.guru\/wordpress\/?p=3744"},"modified":"2023-10-25T13:55:11","modified_gmt":"2023-10-25T11:55:11","slug":"korleis-kan-barnehagen-stimulere-barn-sin-luktesans-og-kvifor-er-det-sa-viktig","status":"publish","type":"post","link":"https:\/\/nettop.guru\/wordpress\/korleis-kan-barnehagen-stimulere-barn-sin-luktesans-og-kvifor-er-det-sa-viktig\/","title":{"rendered":"Episode 17: Korleis kan barnehagen stimulere barn sin luktesans \u2013 og kvifor er det s\u00e5 viktig?"},"content":{"rendered":"\n<p>Luktesansen er den sansen som vert minst forst\u00e5tt, meiner professor Natalia Ingebretsen Kucirkova. I denne podcasten fortel ho om luktesansen, og kvifor den er s\u00e5 viktig. Eit tips kan vere \u00e5 ta med barnehagegruppa p\u00e5 \u00abduftetur\u00bb i n\u00e6romr\u00e5det. Men det finnes ogs\u00e5 mange andre m\u00e5tar dei tilsette i barnehagane kan leggje til rette for aktivitetar som stimulerer barn si luktesans. I denne podcasten gjer Natalia Kucirkova fleire tips, og diskuterer dette viktige og spanande temaet saman med forskingskoordinator Elisabeth Stray Gausel. Episoden vert leia av programleiar av Maria Gilje Strand.<\/p>\n\n\n\n<p><strong>Aktuelle tema som vert dr\u00f8fta i podkasten:<\/strong><\/p>\n\n\n\n<ol class=\"wp-block-list\" type=\"1\"><li>Kvifor er luktesansen s\u00e5 viktig?<\/li><li>Korleis kan ein stimulere til barn si luktesans?<\/li><li>G\u00e5 p\u00e5 \u00abduftetur\u00bb i n\u00e6romr\u00e5det og andre tips og r\u00e5d<\/li><li>Forskingsprosjektet \u00abSensory books\u00bb<\/li><\/ol>\n\n\n\n<p><a href=\"https:\/\/podcast.uis.no\/media\/Laeringsmiljoe_i_skole_og_barnehage\/Transkripsjon\/Luktesansen.pdf\" target=\"_blank\" rel=\"noreferrer noopener\">Du finner transkripsjon av episoden her (pdf, \u00e5pnes i nytt vindu).<\/a><\/p>\n<div class=\"powerpress_player\" id=\"powerpress_player_247\"><audio class=\"wp-audio-shortcode\" id=\"audio-3744-1\" preload=\"none\" style=\"width: 100%;\" controls=\"controls\"><source type=\"audio\/mpeg\" src=\"https:\/\/media.blubrry.com\/erasmus_enfermera_espaola\/dts.podtrac.com\/redirect.mp3\/podcast.uis.no\/media\/Laeringsmiljoe_i_skole_og_barnehage\/Luktesansen.mp3?_=1\" \/><a href=\"https:\/\/media.blubrry.com\/erasmus_enfermera_espaola\/dts.podtrac.com\/redirect.mp3\/podcast.uis.no\/media\/Laeringsmiljoe_i_skole_og_barnehage\/Luktesansen.mp3\">https:\/\/media.blubrry.com\/erasmus_enfermera_espaola\/dts.podtrac.com\/redirect.mp3\/podcast.uis.no\/media\/Laeringsmiljoe_i_skole_og_barnehage\/Luktesansen.mp3<\/a><\/audio><\/div><p class=\"powerpress_links powerpress_links_mp3\" style=\"margin-bottom: 1px !important;\">Podcast: <a href=\"https:\/\/media.blubrry.com\/erasmus_enfermera_espaola\/dts.podtrac.com\/redirect.mp3\/podcast.uis.no\/media\/Laeringsmiljoe_i_skole_og_barnehage\/Luktesansen.mp3\" class=\"powerpress_link_pinw\" target=\"_blank\" title=\"Play in new window\" onclick=\"return powerpress_pinw('https:\/\/nettop.guru\/wordpress\/?powerpress_pinw=3744-podcast');\" rel=\"nofollow\">Play in new window<\/a> | <a href=\"https:\/\/media.blubrry.com\/erasmus_enfermera_espaola\/dts.podtrac.com\/redirect.mp3\/podcast.uis.no\/media\/Laeringsmiljoe_i_skole_og_barnehage\/Luktesansen.mp3\" class=\"powerpress_link_d\" title=\"Download\" rel=\"nofollow\" download=\"Luktesansen.mp3\">Download<\/a> (Duration: 26:10 &#8212; 35.9MB) | <a href=\"#\" class=\"powerpress_link_e\" title=\"Embed\" onclick=\"return powerpress_show_embed('3744-podcast');\" rel=\"nofollow\">Embed<\/a><\/p><p class=\"powerpress_embed_box\" id=\"powerpress_embed_3744-podcast\" style=\"display: none;\"><input id=\"powerpress_embed_3744-podcast_t\" type=\"text\" value=\"&lt;iframe width=&quot;320&quot; height=&quot;30&quot; src=&quot;https:\/\/nettop.guru\/wordpress\/?powerpress_embed=3744-podcast&amp;amp;powerpress_player=mediaelement-audio&quot; title=&quot;Blubrry Podcast Player&quot; frameborder=&quot;0&quot; scrolling=&quot;no&quot;&gt;&lt;\/iframe&gt;\" onclick=\"javascript: this.select();\" onfocus=\"javascript: this.select();\" style=\"width: 70%;\" readOnly><\/p><p class=\"powerpress_links powerpress_subscribe_links\">Subscribe: <a href=\"https:\/\/subscribebyemail.com\/nettop.guru\/wordpress\/feed\/podcast\/\" class=\"powerpress_link_subscribe powerpress_link_subscribe_email\" target=\"_blank\" title=\"Subscribe by Email\" rel=\"nofollow\">Email<\/a> | <a href=\"https:\/\/nettop.guru\/wordpress\/feed\/podcast\/\" class=\"powerpress_link_subscribe powerpress_link_subscribe_rss\" target=\"_blank\" title=\"Subscribe via RSS\" rel=\"nofollow\">RSS<\/a> | <a href=\"https:\/\/nettop.guru\/wordpress\/\" class=\"powerpress_link_subscribe powerpress_link_subscribe_more\" target=\"_blank\" title=\"More\" rel=\"nofollow\">More<\/a><\/p><!--powerpress_player-->","protected":false},"excerpt":{"rendered":"<p>Luktesansen er den sansen som vert minst forst\u00e5tt, meiner professor Natalia Ingebretsen Kucirkova. I denne podcasten fortel ho om luktesansen, og kvifor den er s\u00e5 viktig. Eit tips kan vere \u00e5 ta med barnehagegruppa p\u00e5 \u00abduftetur\u00bb i n\u00e6romr\u00e5det. Men det <span class=\"readmore\"><a href=\"https:\/\/nettop.guru\/wordpress\/korleis-kan-barnehagen-stimulere-barn-sin-luktesans-og-kvifor-er-det-sa-viktig\/\">Les mer &#8230;<\/a><\/span><\/p>\n","protected":false},"author":5,"featured_media":3419,"comment_status":"closed","ping_status":"closed","sticky":false,"template":"","format":"standard","meta":{"jetpack_post_was_ever_published":false,"_jetpack_newsletter_access":"","_jetpack_dont_email_post_to_subs":false,"_jetpack_newsletter_tier_id":0,"_jetpack_memberships_contains_paywalled_content":false,"_jetpack_memberships_contains_paid_content":false,"footnotes":"","jetpack_publicize_message":"","jetpack_publicize_feature_enabled":true,"jetpack_social_post_already_shared":true,"jetpack_social_options":{"image_generator_settings":{"template":"highway","default_image_id":0,"font":"","enabled":false},"version":2}},"categories":[724],"tags":[1123,1247,1698,1699,1700],"class_list":["post-3744","post","type-post","status-publish","format-standard","has-post-thumbnail","hentry","category-laeringsmiljo-i-skole-og-barnehage","tag-barnehage","tag-lesing","tag-sensory-books","tag-luktesans","tag-lukt"],"jetpack_publicize_connections":[],"jetpack_featured_media_url":"https:\/\/i0.wp.com\/nettop.guru\/wordpress\/wp-content\/uploads\/2023\/01\/Laringsmiljosenteret_LiSkoleBhge_440x300.jpg?fit=440%2C300&ssl=1","jetpack_sharing_enabled":true,"jetpack_shortlink":"https:\/\/wp.me\/p7OAJ5-Yo","jetpack-related-posts":[{"id":3776,"url":"https:\/\/nettop.guru\/wordpress\/episode-18-vaksne-som-mobbar-eigne-elevar\/","url_meta":{"origin":3744,"position":0},"title":"Episode 18: Vaksne som mobbar eigne elevar","author":"NettOp UiS","date":"13\/11\/2023","format":false,"excerpt":"At elevar vert utsett for mobbing av vaksne p\u00e5 skolen, er eit globalt problem. I dei fleste tilfella dreier det seg om l\u00e6rarar som krenkjer eller mobbar sine eigne elevar. Kvifor gjer dei det? Og kva gjer dette med elevane som opplev \u00e5 verte mobba eller krenkja av ein vaksen\u2026","rel":"","context":"In &quot;L\u00e6ringsmilj\u00f8 i skole og barnehage&quot;","block_context":{"text":"L\u00e6ringsmilj\u00f8 i skole og barnehage","link":"https:\/\/nettop.guru\/wordpress\/category\/laeringsmiljo-i-skole-og-barnehage\/"},"img":{"alt_text":"","src":"https:\/\/i0.wp.com\/nettop.guru\/wordpress\/wp-content\/uploads\/2023\/01\/Laringsmiljosenteret_LiSkoleBhge_440x300.jpg?fit=440%2C300&ssl=1&resize=350%2C200","width":350,"height":200},"classes":[]},{"id":3975,"url":"https:\/\/nettop.guru\/wordpress\/episode-24-skulen-sitt-forste-mote-med-elevar-og-foresette\/","url_meta":{"origin":3744,"position":1},"title":"Episode 24: Skulen sitt f\u00f8rste m\u00f8te med elevar og f\u00f8resette","author":"NettOp UiS","date":"13\/05\/2024","format":false,"excerpt":"I desse dagar er det mange 5-6-\u00e5ringar som vitjar skulen dei skal byrje p\u00e5 i haust. Dei er sj\u00f8lvsagt spente p\u00e5 kva skulen eigentleg er, og kva det \u00e5 byrje p\u00e5 skulen faktisk inneber. Men det er ikkje berre borna som skal byrje p\u00e5 skulen til hausten som er spente.\u2026","rel":"","context":"In &quot;L\u00e6ringsmilj\u00f8 i skole og barnehage&quot;","block_context":{"text":"L\u00e6ringsmilj\u00f8 i skole og barnehage","link":"https:\/\/nettop.guru\/wordpress\/category\/laeringsmiljo-i-skole-og-barnehage\/"},"img":{"alt_text":"","src":"https:\/\/i0.wp.com\/nettop.guru\/wordpress\/wp-content\/uploads\/2023\/01\/Laringsmiljosenteret_LiSkoleBhge_440x300.jpg?fit=440%2C300&ssl=1&resize=350%2C200","width":350,"height":200},"classes":[]},{"id":4709,"url":"https:\/\/nettop.guru\/wordpress\/episode-40-lekens-egenverdi\/","url_meta":{"origin":3744,"position":2},"title":"Episode 40: Lekens egenverdi","author":"NettOp UiS","date":"26\/11\/2025","format":false,"excerpt":"Kvifor er leik s\u00e5 viktig for barn, og kva legg ein i omgrepet \u00ablekens egenverdi\u00bb? Korleis kan dei tilsette i barnehagane st\u00f8tte opp om leiken sin eigenverdi i praksis? I denne episoden av podkast-serien \u00abL\u00e6ringsmilj\u00f8 i skole og barnehage\u00bb har programleiar Maria Gilje Strand med seg Anne Kristin Hansen Andresen\u2026","rel":"","context":"In &quot;L\u00e6ringsmilj\u00f8 i skole og barnehage&quot;","block_context":{"text":"L\u00e6ringsmilj\u00f8 i skole og barnehage","link":"https:\/\/nettop.guru\/wordpress\/category\/laeringsmiljo-i-skole-og-barnehage\/"},"img":{"alt_text":"","src":"https:\/\/i0.wp.com\/nettop.guru\/wordpress\/wp-content\/uploads\/2023\/01\/Laringsmiljosenteret_LiSkoleBhge_440x300.jpg?fit=440%2C300&ssl=1&resize=350%2C200","width":350,"height":200},"classes":[]},{"id":4728,"url":"https:\/\/nettop.guru\/wordpress\/episode-41-born-si-oppleving-av-meistring\/","url_meta":{"origin":3744,"position":3},"title":"Episode 41: Born si oppleving av meistring","author":"NettOp UiS","date":"05\/12\/2025","format":false,"excerpt":"Alle som har born eller jobbar i barnehage, har h\u00f8yrt f\u00f8lgjande frase fr\u00e5 ein barnemunn: \u00abJammen, eg f\u00e5r det ikkje til\u00bb. Men kva skjer om vi legg til \u00abenno\u00bb i setninga? \u00abEg har ikkje f\u00e5tt det til, enno\u00bb. \u00a0 Korleis kan dette ordet \u00abenno\u00bb seiast \u00e5 vere litt magisk n\u00e5r\u2026","rel":"","context":"In &quot;L\u00e6ringsmilj\u00f8 i skole og barnehage&quot;","block_context":{"text":"L\u00e6ringsmilj\u00f8 i skole og barnehage","link":"https:\/\/nettop.guru\/wordpress\/category\/laeringsmiljo-i-skole-og-barnehage\/"},"img":{"alt_text":"","src":"https:\/\/i0.wp.com\/nettop.guru\/wordpress\/wp-content\/uploads\/2023\/01\/Laringsmiljosenteret_LiSkoleBhge_440x300.jpg?fit=440%2C300&ssl=1&resize=350%2C200","width":350,"height":200},"classes":[]},{"id":3596,"url":"https:\/\/nettop.guru\/wordpress\/kan-kan-ikkje-kvifor-er-skjonn-sa-viktig-og-vanskelig\/","url_meta":{"origin":3744,"position":4},"title":"Kan, kan ikkje, &#8211; kvifor er skj\u00f8nn s\u00e5 viktig og -vanskelig?","author":"NettOp UiS","date":"12\/09\/2023","format":false,"excerpt":"I episoden m\u00f8ter du tre fagpersoner, \u00a0Anne Birkeland (Nav- leder), Kirsten Olsen (Nav- Rogaland) og Liv Jorunn B. Skippervik (Universitetet i Stavanger) som snakkar om skj\u00f8nn i NAV fr\u00e5 deira respektive st\u00e5stader og perspektiv. Deltakarane reflekterer rundt behovet for og plassen til skj\u00f8nns- og regelbruk \u00a0i NAV-kontoret. \u00a0Eit sentralt poeng\u2026","rel":"","context":"In &quot;Welfare Talks&quot;","block_context":{"text":"Welfare Talks","link":"https:\/\/nettop.guru\/wordpress\/category\/welfare-talks\/"},"img":{"alt_text":"","src":"https:\/\/i0.wp.com\/nettop.guru\/wordpress\/wp-content\/uploads\/2023\/01\/UiS_WelfareTalks_440x300px.png?fit=440%2C300&ssl=1&resize=350%2C200","width":350,"height":200},"classes":[]},{"id":3543,"url":"https:\/\/nettop.guru\/wordpress\/episode-15-hva-kan-foreldre-gjore-for-a-lette-overgangen-til-barnehage-eller-skole-for-barnet\/","url_meta":{"origin":3744,"position":5},"title":"Episode 15: \u2013 Hva kan foreldre gj\u00f8re for \u00e5 lette overgangen til barnehage eller skole for barnet?","author":"NettOp UiS","date":"28\/04\/2023","format":false,"excerpt":"Til h\u00f8sten er det mange barn som skal starte i barnehagen eller p\u00e5 skolen for aller f\u00f8rste gang. Men det er ikke bare barna som skal over i denne nye fasen av livet \u2013 foreldre skal ogs\u00e5 m\u00f8te denne store overgangen p\u00e5 best mulig m\u00e5te. Hvordan ser denne oppstarten egentlig\u2026","rel":"","context":"In &quot;L\u00e6ringsmilj\u00f8 i skole og barnehage&quot;","block_context":{"text":"L\u00e6ringsmilj\u00f8 i skole og barnehage","link":"https:\/\/nettop.guru\/wordpress\/category\/laeringsmiljo-i-skole-og-barnehage\/"},"img":{"alt_text":"","src":"https:\/\/i0.wp.com\/nettop.guru\/wordpress\/wp-content\/uploads\/2023\/01\/Laringsmiljosenteret_LiSkoleBhge_440x300.jpg?fit=440%2C300&ssl=1&resize=350%2C200","width":350,"height":200},"classes":[]}],"_links":{"self":[{"href":"https:\/\/nettop.guru\/wordpress\/wp-json\/wp\/v2\/posts\/3744","targetHints":{"allow":["GET"]}}],"collection":[{"href":"https:\/\/nettop.guru\/wordpress\/wp-json\/wp\/v2\/posts"}],"about":[{"href":"https:\/\/nettop.guru\/wordpress\/wp-json\/wp\/v2\/types\/post"}],"author":[{"embeddable":true,"href":"https:\/\/nettop.guru\/wordpress\/wp-json\/wp\/v2\/users\/5"}],"replies":[{"embeddable":true,"href":"https:\/\/nettop.guru\/wordpress\/wp-json\/wp\/v2\/comments?post=3744"}],"version-history":[{"count":3,"href":"https:\/\/nettop.guru\/wordpress\/wp-json\/wp\/v2\/posts\/3744\/revisions"}],"predecessor-version":[{"id":3748,"href":"https:\/\/nettop.guru\/wordpress\/wp-json\/wp\/v2\/posts\/3744\/revisions\/3748"}],"wp:featuredmedia":[{"embeddable":true,"href":"https:\/\/nettop.guru\/wordpress\/wp-json\/wp\/v2\/media\/3419"}],"wp:attachment":[{"href":"https:\/\/nettop.guru\/wordpress\/wp-json\/wp\/v2\/media?parent=3744"}],"wp:term":[{"taxonomy":"category","embeddable":true,"href":"https:\/\/nettop.guru\/wordpress\/wp-json\/wp\/v2\/categories?post=3744"},{"taxonomy":"post_tag","embeddable":true,"href":"https:\/\/nettop.guru\/wordpress\/wp-json\/wp\/v2\/tags?post=3744"}],"curies":[{"name":"wp","href":"https:\/\/api.w.org\/{rel}","templated":true}]}}