{"id":3833,"date":"2023-12-19T10:00:00","date_gmt":"2023-12-19T09:00:00","guid":{"rendered":"https:\/\/nettop.guru\/wordpress\/?p=3833"},"modified":"2024-04-08T14:57:17","modified_gmt":"2024-04-08T12:57:17","slug":"episode-20-mestringstro-hvorfor-er-det-sa-viktig","status":"publish","type":"post","link":"https:\/\/nettop.guru\/wordpress\/episode-20-mestringstro-hvorfor-er-det-sa-viktig\/","title":{"rendered":"Episode 20: Mestringstro \u2013 hvorfor er det s\u00e5 viktig?"},"content":{"rendered":"\n<p>Hva vil det si \u00e5 ha god mestringstro? Og hvorfor er det s\u00e5 viktig \u2013 spesielt for barn?<br>Nora \u00d8stby diskuterer dette viktige temaet sammen med programleder Maria Gilje Strand.<\/p>\n\n\n\n<p><strong>Aktuelle temaer som blir dr\u00f8ftet i podkasten:<\/strong><\/p>\n\n\n\n<ol class=\"wp-block-list\" type=\"1\"><li>Hva er mestringstro, og hvorfor er det s\u00e5 viktig?<\/li><li>Hvorfor man b\u00f8r v\u00e6re \u00abToro-posen\u00bb for noen andre<\/li><li>Hva kan voksne gj\u00f8re for \u00e5 s\u00f8rge for at barn har god mestringstro?<\/li><li>Om det \u00e5 ta hovedrollen i sitt eget liv<\/li><li>Skillet mellom selvtillit og selvf\u00f8lelse<\/li><\/ol>\n\n\n\n<p>Referanser:<\/p>\n\n\n\n<ul class=\"wp-block-list\"><li>Westerg\u00e5rd, E. (2020). Sammenhengen mellom skoleleders individuelle mestringstro, l\u00e6reres kollektive mestringstro og elevenes l\u00e6ringsutbytte, I R.M. S\u00f8lvik, S.K. Ertsv\u00e5g (red.), Ledelse i klasserommet \u2013 undervisningskvalitet fra teori til praksis (s.183-198), Cappelen Damm Akademisk.<\/li><li>Westerg\u00e5rd, E. (2023). Betydningen av kollektiv mestringstro i skolen., I P. Roland, L. Hye og M. \u00d8g\u00e5rd (red.) Kapasitetsbygging i barnehage, skole og PPT: Profesjonelle l\u00e6rende fellesskap, implementering og ledelse (s.197-215), Cappelen Damm Akademisk.<\/li><li>Salas-Rodr\u00ecguez, F. &amp; Lara, S. (2022). Unpacking collective teacher efficacy in primary schools: student achievement and professional development. Educational Research for Policy and Practice. <a rel=\"noreferrer noopener\" href=\"https:\/\/doi.org\/10.1007\/s10671-022-09326-z\" target=\"_blank\">https:\/\/doi.org\/10.1007\/s10671-022-09326-z<\/a><\/li><li><a rel=\"noreferrer noopener\" href=\"https:\/\/www.forskning.no\/barn-og-ungdom-nasjonalt-utviklingssenter-for-barn-og-unge-nubu-partner\/hvordan-pavirker-laerernes-kollektive-mestringstro-elevene\/2198637\" target=\"_blank\">Hvordan p\u00e5virker l\u00e6rernes kollektive mestringstro elevene? (forskning.no)<\/a><\/li><li><a rel=\"noreferrer noopener\" href=\"https:\/\/www.forskersonen.no\/barn-og-ungdom-helse-kronikk\/derfor-bor-vi-hjelpe-ungdom-med-a-oke-sin-selvfolelse-og-mestringstro\/1780379\" target=\"_blank\">Derfor b\u00f8r vi hjelpe ungdom med \u00e5 \u00f8ke sin selvf\u00f8lelse og mestringstro (forskersonen.no)<\/a><\/li><li><a rel=\"noreferrer noopener\" href=\"https:\/\/psykologisk.no\/2022\/09\/slik-utvikler-du-en-god-selvfolelse\/\" target=\"_blank\">Slik utvikler du en god selvf\u00f8lelse (psykologisk.no)<\/a><\/li><\/ul>\n\n\n\n<p><a href=\"https:\/\/podcast.uis.no\/media\/Laeringsmiljoe_i_skole_og_barnehage\/transkripsjon\/Mestringstro.pdf\" data-type=\"URL\" data-id=\"https:\/\/podcast.uis.no\/media\/Laeringsmiljoe_i_skole_og_barnehage\/transkripsjon\/Mestringstro.pdf\">Du finner transkripsjon av episoden her (pdf, \u00e5pnes i nytt vindu).<\/a><\/p>\n\n\n<div class=\"powerpress_player\" id=\"powerpress_player_1436\"><audio class=\"wp-audio-shortcode\" id=\"audio-3833-1\" preload=\"none\" style=\"width: 100%;\" controls=\"controls\"><source type=\"audio\/mpeg\" src=\"https:\/\/media.blubrry.com\/erasmus_enfermera_espaola\/dts.podtrac.com\/redirect.mp3\/podcast.uis.no\/media\/Laeringsmiljoe_i_skole_og_barnehage\/Mestrings_tru.mp3?_=1\" \/><a href=\"https:\/\/media.blubrry.com\/erasmus_enfermera_espaola\/dts.podtrac.com\/redirect.mp3\/podcast.uis.no\/media\/Laeringsmiljoe_i_skole_og_barnehage\/Mestrings_tru.mp3\">https:\/\/media.blubrry.com\/erasmus_enfermera_espaola\/dts.podtrac.com\/redirect.mp3\/podcast.uis.no\/media\/Laeringsmiljoe_i_skole_og_barnehage\/Mestrings_tru.mp3<\/a><\/audio><\/div><p class=\"powerpress_links powerpress_links_mp3\" style=\"margin-bottom: 1px !important;\">Podcast: <a href=\"https:\/\/media.blubrry.com\/erasmus_enfermera_espaola\/dts.podtrac.com\/redirect.mp3\/podcast.uis.no\/media\/Laeringsmiljoe_i_skole_og_barnehage\/Mestrings_tru.mp3\" class=\"powerpress_link_pinw\" target=\"_blank\" title=\"Play in new window\" onclick=\"return powerpress_pinw('https:\/\/nettop.guru\/wordpress\/?powerpress_pinw=3833-podcast');\" rel=\"nofollow\">Play in new window<\/a> | <a href=\"https:\/\/media.blubrry.com\/erasmus_enfermera_espaola\/dts.podtrac.com\/redirect.mp3\/podcast.uis.no\/media\/Laeringsmiljoe_i_skole_og_barnehage\/Mestrings_tru.mp3\" class=\"powerpress_link_d\" title=\"Download\" rel=\"nofollow\" download=\"Mestrings_tru.mp3\">Download<\/a> (Duration: 29:45 &#8212; 40.9MB) | <a href=\"#\" class=\"powerpress_link_e\" title=\"Embed\" onclick=\"return powerpress_show_embed('3833-podcast');\" rel=\"nofollow\">Embed<\/a><\/p><p class=\"powerpress_embed_box\" id=\"powerpress_embed_3833-podcast\" style=\"display: none;\"><input id=\"powerpress_embed_3833-podcast_t\" type=\"text\" value=\"&lt;iframe width=&quot;320&quot; height=&quot;30&quot; src=&quot;https:\/\/nettop.guru\/wordpress\/?powerpress_embed=3833-podcast&amp;amp;powerpress_player=mediaelement-audio&quot; title=&quot;Blubrry Podcast Player&quot; frameborder=&quot;0&quot; scrolling=&quot;no&quot;&gt;&lt;\/iframe&gt;\" onclick=\"javascript: this.select();\" onfocus=\"javascript: this.select();\" style=\"width: 70%;\" readOnly><\/p><p class=\"powerpress_links powerpress_subscribe_links\">Subscribe: <a href=\"https:\/\/subscribebyemail.com\/nettop.guru\/wordpress\/feed\/podcast\/\" class=\"powerpress_link_subscribe powerpress_link_subscribe_email\" target=\"_blank\" title=\"Subscribe by Email\" rel=\"nofollow\">Email<\/a> | <a href=\"https:\/\/nettop.guru\/wordpress\/feed\/podcast\/\" class=\"powerpress_link_subscribe powerpress_link_subscribe_rss\" target=\"_blank\" title=\"Subscribe via RSS\" rel=\"nofollow\">RSS<\/a> | <a href=\"https:\/\/nettop.guru\/wordpress\/\" class=\"powerpress_link_subscribe powerpress_link_subscribe_more\" target=\"_blank\" title=\"More\" rel=\"nofollow\">More<\/a><\/p><!--powerpress_player-->","protected":false},"excerpt":{"rendered":"<p>Hva vil det si \u00e5 ha god mestringstro? Og hvorfor er det s\u00e5 viktig \u2013 spesielt for barn?Nora \u00d8stby diskuterer dette viktige temaet sammen med programleder Maria Gilje Strand. Aktuelle temaer som blir dr\u00f8ftet i podkasten: Hva er mestringstro, og <span class=\"readmore\"><a href=\"https:\/\/nettop.guru\/wordpress\/episode-20-mestringstro-hvorfor-er-det-sa-viktig\/\">Les mer &#8230;<\/a><\/span><\/p>\n","protected":false},"author":5,"featured_media":3419,"comment_status":"closed","ping_status":"closed","sticky":false,"template":"","format":"standard","meta":{"jetpack_post_was_ever_published":false,"_jetpack_newsletter_access":"","_jetpack_dont_email_post_to_subs":false,"_jetpack_newsletter_tier_id":0,"_jetpack_memberships_contains_paywalled_content":false,"_jetpack_memberships_contains_paid_content":false,"footnotes":"","jetpack_publicize_message":"","jetpack_publicize_feature_enabled":true,"jetpack_social_post_already_shared":true,"jetpack_social_options":{"image_generator_settings":{"template":"highway","default_image_id":0,"font":"","enabled":false},"version":2}},"categories":[724],"tags":[48,189,190,715,1052,1123,1741,1742,1743],"class_list":["post-3833","post","type-post","status-publish","format-standard","has-post-thumbnail","hentry","category-laeringsmiljo-i-skole-og-barnehage","tag-utdanning","tag-selvfolelse","tag-selvtillit","tag-skole","tag-utvikling","tag-barnehage","tag-barn","tag-mestringstro","tag-psykologi"],"jetpack_publicize_connections":[],"jetpack_featured_media_url":"https:\/\/i0.wp.com\/nettop.guru\/wordpress\/wp-content\/uploads\/2023\/01\/Laringsmiljosenteret_LiSkoleBhge_440x300.jpg?fit=440%2C300&ssl=1","jetpack_sharing_enabled":true,"jetpack_shortlink":"https:\/\/wp.me\/p7OAJ5-ZP","jetpack-related-posts":[{"id":3654,"url":"https:\/\/nettop.guru\/wordpress\/hvorfor-trenger-barn-selvregulering\/","url_meta":{"origin":3833,"position":0},"title":"Episode 16: Hvorfor trenger barn selvregulering?","author":"NettOp UiS","date":"25\/09\/2023","format":false,"excerpt":"Selvregulering hjelper barna til \u00e5 tenke f\u00f8r de handler, og er grunnleggende for barns sosiale fungering, men ogs\u00e5 for deres akademiske ferdigheter. Men hva er egentlig selvregulering \u2013 og hva kan de voksne rundt barnet \u2013 b\u00e5de ansatte i barnehagen og foresatte \u2013 gj\u00f8re for \u00e5 fremme selvregulering hos barnet?\u2026","rel":"","context":"In &quot;L\u00e6ringsmilj\u00f8 i skole og barnehage&quot;","block_context":{"text":"L\u00e6ringsmilj\u00f8 i skole og barnehage","link":"https:\/\/nettop.guru\/wordpress\/category\/laeringsmiljo-i-skole-og-barnehage\/"},"img":{"alt_text":"","src":"https:\/\/i0.wp.com\/nettop.guru\/wordpress\/wp-content\/uploads\/2023\/01\/Laringsmiljosenteret_LiSkoleBhge_440x300.jpg?fit=440%2C300&ssl=1&resize=350%2C200","width":350,"height":200},"classes":[]},{"id":3543,"url":"https:\/\/nettop.guru\/wordpress\/episode-15-hva-kan-foreldre-gjore-for-a-lette-overgangen-til-barnehage-eller-skole-for-barnet\/","url_meta":{"origin":3833,"position":1},"title":"Episode 15: \u2013 Hva kan foreldre gj\u00f8re for \u00e5 lette overgangen til barnehage eller skole for barnet?","author":"NettOp UiS","date":"28\/04\/2023","format":false,"excerpt":"Til h\u00f8sten er det mange barn som skal starte i barnehagen eller p\u00e5 skolen for aller f\u00f8rste gang. Men det er ikke bare barna som skal over i denne nye fasen av livet \u2013 foreldre skal ogs\u00e5 m\u00f8te denne store overgangen p\u00e5 best mulig m\u00e5te. Hvordan ser denne oppstarten egentlig\u2026","rel":"","context":"In &quot;L\u00e6ringsmilj\u00f8 i skole og barnehage&quot;","block_context":{"text":"L\u00e6ringsmilj\u00f8 i skole og barnehage","link":"https:\/\/nettop.guru\/wordpress\/category\/laeringsmiljo-i-skole-og-barnehage\/"},"img":{"alt_text":"","src":"https:\/\/i0.wp.com\/nettop.guru\/wordpress\/wp-content\/uploads\/2023\/01\/Laringsmiljosenteret_LiSkoleBhge_440x300.jpg?fit=440%2C300&ssl=1&resize=350%2C200","width":350,"height":200},"classes":[]},{"id":4049,"url":"https:\/\/nettop.guru\/wordpress\/episode-26-hvordan-bli-en-autoritativ-voksen\/","url_meta":{"origin":3833,"position":2},"title":"Episode 27: Hvordan bli en autoritativ voksen?","author":"NettOp UiS","date":"08\/08\/2024","format":false,"excerpt":"Er det mulig \u00e5 g\u00e5 fra en ettergivende voksen til en autoritativ, og i s\u00e5 fall hvordan? Og hvorfor er det s\u00e5 viktig at alle voksne pr\u00f8ver \u00e5 strekke seg mot \u00e5 v\u00e6re autoritative i m\u00f8te med barn? I denne podkasten diskuterer programleder Maria Gilje Strand og dosent P\u00e5l Roland\u2026","rel":"","context":"In &quot;L\u00e6ringsmilj\u00f8 i skole og barnehage&quot;","block_context":{"text":"L\u00e6ringsmilj\u00f8 i skole og barnehage","link":"https:\/\/nettop.guru\/wordpress\/category\/laeringsmiljo-i-skole-og-barnehage\/"},"img":{"alt_text":"","src":"https:\/\/i0.wp.com\/nettop.guru\/wordpress\/wp-content\/uploads\/2023\/01\/Laringsmiljosenteret_LiSkoleBhge_440x300.jpg?fit=440%2C300&ssl=1&resize=350%2C200","width":350,"height":200},"classes":[]},{"id":3468,"url":"https:\/\/nettop.guru\/wordpress\/episode-10-relasjonskvalitet-i-barnehagen\/","url_meta":{"origin":3833,"position":3},"title":"Episode 10: Relasjonskvalitet i barnehagen","author":"NettOp UiS","date":"10\/02\/2023","format":false,"excerpt":"Hva betyr relasjonskvalitet? Og hvorfor er det s\u00e5 viktig med h\u00f8y relasjonskvalitet i barnehagen? Og kan relasjonskvaliteten p\u00e5virke barns sosiale og emosjonelle kompetanse? I denne podkasten f\u00e5r du som lytter h\u00f8re en samtale mellom kommunikasjonsr\u00e5dgiver Maria Gilje Strand og postdoktor Ingrid Midteide L\u00f8kken ved L\u00e6ringsmilj\u00f8senteret om kvalitetsbetingelser i sm\u00e5barnsgrupper og\u2026","rel":"","context":"In &quot;L\u00e6ringsmilj\u00f8 i skole og barnehage&quot;","block_context":{"text":"L\u00e6ringsmilj\u00f8 i skole og barnehage","link":"https:\/\/nettop.guru\/wordpress\/category\/laeringsmiljo-i-skole-og-barnehage\/"},"img":{"alt_text":"","src":"https:\/\/i0.wp.com\/nettop.guru\/wordpress\/wp-content\/uploads\/2023\/01\/Laringsmiljosenteret_LiSkoleBhge_440x300.jpg?fit=440%2C300&ssl=1&resize=350%2C200","width":350,"height":200},"classes":[]},{"id":4113,"url":"https:\/\/nettop.guru\/wordpress\/episode-28-hvordan-snakke-med-barn-om-krig\/","url_meta":{"origin":3833,"position":4},"title":"Episode 28: Hvordan snakke med barn om krig?","author":"NettOp UiS","date":"06\/09\/2024","format":false,"excerpt":"Det er krig flere steder i verden, og p\u00e5 sosiale medier florerer det med sterke bilder av blodige, skada, utsulta eller drepte barn og voksne. Hva gj\u00f8r det med oss \u2013 og spesielt \u2013 for barn og unge \u00e5 se slike bilder og videoer? Hvordan kan voksne som jobber med\u2026","rel":"","context":"In &quot;L\u00e6ringsmilj\u00f8 i skole og barnehage&quot;","block_context":{"text":"L\u00e6ringsmilj\u00f8 i skole og barnehage","link":"https:\/\/nettop.guru\/wordpress\/category\/laeringsmiljo-i-skole-og-barnehage\/"},"img":{"alt_text":"","src":"https:\/\/i0.wp.com\/nettop.guru\/wordpress\/wp-content\/uploads\/2023\/01\/Laringsmiljosenteret_LiSkoleBhge_440x300.jpg?fit=440%2C300&ssl=1&resize=350%2C200","width":350,"height":200},"classes":[]},{"id":4459,"url":"https:\/\/nettop.guru\/wordpress\/episode-34-hva-er-egentlig-utfordrende-atferd\/","url_meta":{"origin":3833,"position":5},"title":"Episode 34: Hva er egentlig utfordrende atferd?","author":"NettOp UiS","date":"10\/04\/2025","format":false,"excerpt":"Hva ligger egentlig bak n\u00e5r barn utagerer eller viser \u00abutfordrende atferd\u00bb? Hvorfor er det s\u00e5 mye fokus p\u00e5 \u00abutfordrende atferd\u00bb i barnehage og skole for tiden? Og hvordan kan denne utviklingen forst\u00e5s, og finnes det en l\u00f8sning? I denne episoden har Cecilie Evertsen, P\u00e5l Roland, Johannes Finne og Andr\u00e9 Baraldsnes\u2026","rel":"","context":"In &quot;L\u00e6ringsmilj\u00f8 i skole og barnehage&quot;","block_context":{"text":"L\u00e6ringsmilj\u00f8 i skole og barnehage","link":"https:\/\/nettop.guru\/wordpress\/category\/laeringsmiljo-i-skole-og-barnehage\/"},"img":{"alt_text":"","src":"https:\/\/i0.wp.com\/nettop.guru\/wordpress\/wp-content\/uploads\/2023\/01\/Laringsmiljosenteret_LiSkoleBhge_440x300.jpg?fit=440%2C300&ssl=1&resize=350%2C200","width":350,"height":200},"classes":[]}],"_links":{"self":[{"href":"https:\/\/nettop.guru\/wordpress\/wp-json\/wp\/v2\/posts\/3833","targetHints":{"allow":["GET"]}}],"collection":[{"href":"https:\/\/nettop.guru\/wordpress\/wp-json\/wp\/v2\/posts"}],"about":[{"href":"https:\/\/nettop.guru\/wordpress\/wp-json\/wp\/v2\/types\/post"}],"author":[{"embeddable":true,"href":"https:\/\/nettop.guru\/wordpress\/wp-json\/wp\/v2\/users\/5"}],"replies":[{"embeddable":true,"href":"https:\/\/nettop.guru\/wordpress\/wp-json\/wp\/v2\/comments?post=3833"}],"version-history":[{"count":6,"href":"https:\/\/nettop.guru\/wordpress\/wp-json\/wp\/v2\/posts\/3833\/revisions"}],"predecessor-version":[{"id":3955,"href":"https:\/\/nettop.guru\/wordpress\/wp-json\/wp\/v2\/posts\/3833\/revisions\/3955"}],"wp:featuredmedia":[{"embeddable":true,"href":"https:\/\/nettop.guru\/wordpress\/wp-json\/wp\/v2\/media\/3419"}],"wp:attachment":[{"href":"https:\/\/nettop.guru\/wordpress\/wp-json\/wp\/v2\/media?parent=3833"}],"wp:term":[{"taxonomy":"category","embeddable":true,"href":"https:\/\/nettop.guru\/wordpress\/wp-json\/wp\/v2\/categories?post=3833"},{"taxonomy":"post_tag","embeddable":true,"href":"https:\/\/nettop.guru\/wordpress\/wp-json\/wp\/v2\/tags?post=3833"}],"curies":[{"name":"wp","href":"https:\/\/api.w.org\/{rel}","templated":true}]}}