{"id":3927,"date":"2024-03-06T10:29:11","date_gmt":"2024-03-06T09:29:11","guid":{"rendered":"https:\/\/nettop.guru\/wordpress\/?p=3927"},"modified":"2024-03-06T10:30:22","modified_gmt":"2024-03-06T09:30:22","slug":"episode-5-noen-er-ikke-alle","status":"publish","type":"post","link":"https:\/\/nettop.guru\/wordpress\/episode-5-noen-er-ikke-alle\/","title":{"rendered":"Episode 5: Noen er ikke alle"},"content":{"rendered":"\n<p>N\u00e5r vi studerer ulike fenomener i verden med tall, er det sjelden vi har mulighet til \u00e5 unders\u00f8ke alt og alle. Det f\u00e5r n\u00f8dvendigvis konsekvenser. Jo R\u00f8islien snakker med samfunnsforsker Johannes Berg om meningsm\u00e5linger, sp\u00f8rreunders\u00f8kelser og usikkerhet, og utfordringene som oppst\u00e5r n\u00e5r vi lar noen representere alle. Ekspertpanelet forklarer forskjellen p\u00e5 populasjon og utvalg.<\/p>\n\n\n\n<p><a href=\"https:\/\/podcast.uis.no\/media\/Nakne_tall\/transkripsjoner\/Transkribering_Nakne_Tall_Episode_5.pdf\" data-type=\"URL\" data-id=\"https:\/\/podcast.uis.no\/media\/Nakne_tall\/transkripsjoner\/Transkribering_Nakne_Tall_Episode_5.pdf\" target=\"_blank\" rel=\"noreferrer noopener\">Du finner transkripsjon av episoden her (pdf, \u00e5pnes i nytt vindu).<\/a><\/p>\n<div class=\"powerpress_player\" id=\"powerpress_player_9700\"><audio class=\"wp-audio-shortcode\" id=\"audio-3927-1\" preload=\"none\" style=\"width: 100%;\" controls=\"controls\"><source type=\"audio\/mpeg\" src=\"https:\/\/media.blubrry.com\/erasmus_enfermera_espaola\/dts.podtrac.com\/redirect.mp3\/podcast.uis.no\/media\/Nakne_tall\/Ep5_004_mixdown_2.mp3?_=1\" \/><a href=\"https:\/\/media.blubrry.com\/erasmus_enfermera_espaola\/dts.podtrac.com\/redirect.mp3\/podcast.uis.no\/media\/Nakne_tall\/Ep5_004_mixdown_2.mp3\">https:\/\/media.blubrry.com\/erasmus_enfermera_espaola\/dts.podtrac.com\/redirect.mp3\/podcast.uis.no\/media\/Nakne_tall\/Ep5_004_mixdown_2.mp3<\/a><\/audio><\/div><p class=\"powerpress_links powerpress_links_mp3\" style=\"margin-bottom: 1px !important;\">Podcast: <a href=\"https:\/\/media.blubrry.com\/erasmus_enfermera_espaola\/dts.podtrac.com\/redirect.mp3\/podcast.uis.no\/media\/Nakne_tall\/Ep5_004_mixdown_2.mp3\" class=\"powerpress_link_pinw\" target=\"_blank\" title=\"Play in new window\" onclick=\"return powerpress_pinw('https:\/\/nettop.guru\/wordpress\/?powerpress_pinw=3927-podcast');\" rel=\"nofollow\">Play in new window<\/a> | <a href=\"https:\/\/media.blubrry.com\/erasmus_enfermera_espaola\/dts.podtrac.com\/redirect.mp3\/podcast.uis.no\/media\/Nakne_tall\/Ep5_004_mixdown_2.mp3\" class=\"powerpress_link_d\" title=\"Download\" rel=\"nofollow\" download=\"Ep5_004_mixdown_2.mp3\">Download<\/a> (Duration: 27:15 &#8212; 37.5MB) | <a href=\"#\" class=\"powerpress_link_e\" title=\"Embed\" onclick=\"return powerpress_show_embed('3927-podcast');\" rel=\"nofollow\">Embed<\/a><\/p><p class=\"powerpress_embed_box\" id=\"powerpress_embed_3927-podcast\" style=\"display: none;\"><input id=\"powerpress_embed_3927-podcast_t\" type=\"text\" value=\"&lt;iframe width=&quot;320&quot; height=&quot;30&quot; src=&quot;https:\/\/nettop.guru\/wordpress\/?powerpress_embed=3927-podcast&amp;amp;powerpress_player=mediaelement-audio&quot; title=&quot;Blubrry Podcast Player&quot; frameborder=&quot;0&quot; scrolling=&quot;no&quot;&gt;&lt;\/iframe&gt;\" onclick=\"javascript: this.select();\" onfocus=\"javascript: this.select();\" style=\"width: 70%;\" readOnly><\/p><p class=\"powerpress_links powerpress_subscribe_links\">Subscribe: <a href=\"https:\/\/subscribebyemail.com\/nettop.guru\/wordpress\/feed\/podcast\/\" class=\"powerpress_link_subscribe powerpress_link_subscribe_email\" target=\"_blank\" title=\"Subscribe by Email\" rel=\"nofollow\">Email<\/a> | <a href=\"https:\/\/nettop.guru\/wordpress\/feed\/podcast\/\" class=\"powerpress_link_subscribe powerpress_link_subscribe_rss\" target=\"_blank\" title=\"Subscribe via RSS\" rel=\"nofollow\">RSS<\/a> | <a href=\"https:\/\/nettop.guru\/wordpress\/\" class=\"powerpress_link_subscribe powerpress_link_subscribe_more\" target=\"_blank\" title=\"More\" rel=\"nofollow\">More<\/a><\/p><!--powerpress_player-->","protected":false},"excerpt":{"rendered":"<p>N\u00e5r vi studerer ulike fenomener i verden med tall, er det sjelden vi har mulighet til \u00e5 unders\u00f8ke alt og alle. Det f\u00e5r n\u00f8dvendigvis konsekvenser. Jo R\u00f8islien snakker med samfunnsforsker Johannes Berg om meningsm\u00e5linger, sp\u00f8rreunders\u00f8kelser og usikkerhet, og utfordringene som <span class=\"readmore\"><a href=\"https:\/\/nettop.guru\/wordpress\/episode-5-noen-er-ikke-alle\/\">Les mer &#8230;<\/a><\/span><\/p>\n","protected":false},"author":5,"featured_media":3873,"comment_status":"closed","ping_status":"closed","sticky":false,"template":"","format":"standard","meta":{"jetpack_post_was_ever_published":false,"_jetpack_newsletter_access":"","_jetpack_dont_email_post_to_subs":false,"_jetpack_newsletter_tier_id":0,"_jetpack_memberships_contains_paywalled_content":false,"_jetpack_memberships_contains_paid_content":false,"footnotes":"","jetpack_publicize_message":"","jetpack_publicize_feature_enabled":true,"jetpack_social_post_already_shared":true,"jetpack_social_options":{"image_generator_settings":{"template":"highway","default_image_id":0,"font":"","enabled":false},"version":2}},"categories":[1752],"tags":[1875,1767,1785,1835,1837,1867,1868,1869,1870,1871,1872,1873,1874,1765,1876,1877,1878,1879,1880,1881,1882,1883,1884,1885,1886,666,43,48,61,64,261,269,319,483,519,521,528,574,21,801,917,1213,1413,1753,1754,1755,1756,1757,1759,1761],"class_list":["post-3927","post","type-post","status-publish","format-standard","has-post-thumbnail","hentry","category-nakne-tall","tag-populasjon","tag-pensum","tag-forskningsmetode","tag-utvalg","tag-representativt","tag-republikaner","tag-literary-digest","tag-trump","tag-clinton","tag-demokrat","tag-roosevelt","tag-konfidensintervall","tag-parameter","tag-forelesning","tag-depresjonen","tag-meningsmaling","tag-telefonkatalog","tag-slingringsmonn","tag-meningsmalingsbyra","tag-kvoter","tag-stortingsvalg","tag-utoya","tag-oslo-vest","tag-blodtrykk","tag-kysten","tag-samfunn","tag-eksamen","tag-utdanning","tag-forskning","tag-vitenskap","tag-universitet","tag-laering","tag-usa","tag-valg","tag-medisin","tag-data","tag-helse","tag-matematikk","tag-statistikk","tag-undervisning","tag-usikkerhet","tag-metode","tag-kvantitativ","tag-analyse","tag-formidler","tag-vitenskapsformidler","tag-tall","tag-naturvitenskap","tag-politikk","tag-gjennomsnitt"],"jetpack_publicize_connections":[],"jetpack_featured_media_url":"https:\/\/i0.wp.com\/nettop.guru\/wordpress\/wp-content\/uploads\/2024\/01\/NakneTall_Podcast_Cover_440x300px.png?fit=440%2C300&ssl=1","jetpack_sharing_enabled":true,"jetpack_shortlink":"https:\/\/wp.me\/p7OAJ5-11l","jetpack-related-posts":[{"id":3936,"url":"https:\/\/nettop.guru\/wordpress\/episode-6-er-du-helt-sikker\/","url_meta":{"origin":3927,"position":0},"title":"Episode 6: Er du helt sikker?","author":"NettOp UiS","date":"08\/03\/2024","format":false,"excerpt":"Verden er full av usikkerhet, og svaret p\u00e5 enhver statistisk analyse av tall vil derfor ogs\u00e5 ha usikkerhet bakt inn i seg. Jo R\u00f8islien snakker med psykolog og forskningsfinansi\u00f8r Jan-Ole Hesselberg om pizza og powerposing og hvor galt det kan g\u00e5 n\u00e5r man fisker rundt i tallene p\u00e5 leting etter\u2026","rel":"","context":"In &quot;Nakne Tall&quot;","block_context":{"text":"Nakne Tall","link":"https:\/\/nettop.guru\/wordpress\/category\/nakne-tall\/"},"img":{"alt_text":"","src":"https:\/\/i0.wp.com\/nettop.guru\/wordpress\/wp-content\/uploads\/2024\/01\/NakneTall_Podcast_Cover_440x300px.png?fit=440%2C300&ssl=1&resize=350%2C200","width":350,"height":200},"classes":[]},{"id":2265,"url":"https:\/\/nettop.guru\/wordpress\/dypdykk-uro\/","url_meta":{"origin":3927,"position":1},"title":"Dypdykk: Uro","author":"NettOp UiS","date":"10\/09\/2020","format":false,"excerpt":"Gunn Brigitte Danielsen og Inger Cecilie Rise tar for seg ulike f\u00f8lelser, verdier og begrep som er aktuelle for folk som jobber eller skal jobbe profesjonelt med folk. \u201cDypdykk\u201d er ment \u00e5 v\u00e6re en inngangsport for \u00e5 f\u00e5 tak i egne tanker, f\u00f8lelser og refleksjoner. Hva betyr det for deg,\u2026","rel":"","context":"In &quot;Du og jeg og vi to&quot;","block_context":{"text":"Du og jeg og vi to","link":"https:\/\/nettop.guru\/wordpress\/category\/du-og-jeg-og-vi-to\/"},"img":{"alt_text":"","src":"https:\/\/i0.wp.com\/nettop.guru\/wordpress\/wp-content\/uploads\/2019\/10\/dypdykk_440_episode.jpg?fit=440%2C300&ssl=1&resize=350%2C200","width":350,"height":200},"classes":[]},{"id":2578,"url":"https:\/\/nettop.guru\/wordpress\/nar-skjermer-motes\/","url_meta":{"origin":3927,"position":2},"title":"N\u00e5r skjermer m\u00f8tes","author":"NettOp UiS","date":"27\/05\/2021","format":false,"excerpt":"I denne episoden reflekterer Gunn Brigitte Danielsen og Inger Cecilie Rise rundt det vi alle har f\u00e5tt erfare det siste \u00e5ret, digitale menneskem\u00f8ter. Hva har det \u00e5 m\u00f8te mennesker gjennom en skjerm gjort med v\u00e5r praksis, med oss som profesjonelle og med de vi er der for? Er det i\u2026","rel":"","context":"In &quot;Du og jeg og vi to&quot;","block_context":{"text":"Du og jeg og vi to","link":"https:\/\/nettop.guru\/wordpress\/category\/du-og-jeg-og-vi-to\/"},"img":{"alt_text":"","src":"https:\/\/i0.wp.com\/nettop.guru\/wordpress\/wp-content\/uploads\/2019\/10\/dypdykk_440_episode.jpg?fit=440%2C300&ssl=1&resize=350%2C200","width":350,"height":200},"classes":[]},{"id":1567,"url":"https:\/\/nettop.guru\/wordpress\/episoder-12-profesjonalitet-i-grenseland\/","url_meta":{"origin":3927,"position":3},"title":"Episoder 12: Profesjonalitet i grenseland","author":"NettOp UiS","date":"19\/03\/2019","format":false,"excerpt":"I denne episoden reflekterer Gunn Brigitte Danielsen og Inger Cecilie Rise sammen med gjest Kjetil Moen rundt det som skjer med oss i de sterke m\u00f8tene, hvor mye st\u00e5r p\u00e5 spill, b\u00e5de for deg selv og for den andre. Er det noen ganger best \u00e5 bare v\u00e6re, og stoppe \u00e5\u2026","rel":"","context":"In &quot;Du og jeg og vi to&quot;","block_context":{"text":"Du og jeg og vi to","link":"https:\/\/nettop.guru\/wordpress\/category\/du-og-jeg-og-vi-to\/"},"img":{"alt_text":"","src":"https:\/\/i0.wp.com\/nettop.guru\/wordpress\/wp-content\/uploads\/2019\/09\/duvitok440_ny.jpg?fit=440%2C300&ssl=1&resize=350%2C200","width":350,"height":200},"classes":[]},{"id":1532,"url":"https:\/\/nettop.guru\/wordpress\/episode-5-hjelp-vi-snakker-om-konflikter\/","url_meta":{"origin":3927,"position":4},"title":"Episode 5: Hjelp, vi snakker om konflikter!","author":"NettOp UiS","date":"26\/10\/2018","format":false,"excerpt":"I denne episoden reflekterer Gunn Brigitte Danielsen og Inger Cecilie Rise rundt temaet konflikter i profesjonell rolle og praksis. N\u00e5r blir det \u00e5 v\u00e6re uenige til en konflikt? Og finnes det noen gode verkt\u00f8y som kan hjelpe oss \u00e5 f\u00e5 tilgang til vettet n\u00e5r vi virkelig trenger det?\u00a0I denne episoden\u2026","rel":"","context":"In &quot;Du og jeg og vi to&quot;","block_context":{"text":"Du og jeg og vi to","link":"https:\/\/nettop.guru\/wordpress\/category\/du-og-jeg-og-vi-to\/"},"img":{"alt_text":"","src":"https:\/\/i0.wp.com\/nettop.guru\/wordpress\/wp-content\/uploads\/2019\/09\/duvitok440_ny.jpg?fit=440%2C300&ssl=1&resize=350%2C200","width":350,"height":200},"classes":[]},{"id":3358,"url":"https:\/\/nettop.guru\/wordpress\/robust-og-sosial-og-emosjonell-kompetanse\/","url_meta":{"origin":3927,"position":5},"title":"ROBUST og sosial og emosjonell kompetanse","author":"NettOp UiS","date":"23\/11\/2022","format":false,"excerpt":"I samtale med professor Terje Ogden fra NUBU reflekterer f\u00f8rsteamanuensis Kjersti Tharaldsen over viktigheten av sosial og emosjonell kompetanse i en fremtidsrettet skolekontekst. Podkastepisoden retter seg mot l\u00e6rere p\u00e5 ungdomstrinnet og andre som jobber i eller med skole. Ogden mener undervisningsopplegget ROBUST har klart \u00e5 ta innover seg det viktigste\u2026","rel":"","context":"In &quot;ROBUST&quot;","block_context":{"text":"ROBUST","link":"https:\/\/nettop.guru\/wordpress\/category\/robust\/"},"img":{"alt_text":"","src":"https:\/\/i0.wp.com\/nettop.guru\/wordpress\/wp-content\/uploads\/2022\/11\/ROBUST-podkast-440x300-px.jpg?fit=440%2C300&ssl=1&resize=350%2C200","width":350,"height":200},"classes":[]}],"_links":{"self":[{"href":"https:\/\/nettop.guru\/wordpress\/wp-json\/wp\/v2\/posts\/3927","targetHints":{"allow":["GET"]}}],"collection":[{"href":"https:\/\/nettop.guru\/wordpress\/wp-json\/wp\/v2\/posts"}],"about":[{"href":"https:\/\/nettop.guru\/wordpress\/wp-json\/wp\/v2\/types\/post"}],"author":[{"embeddable":true,"href":"https:\/\/nettop.guru\/wordpress\/wp-json\/wp\/v2\/users\/5"}],"replies":[{"embeddable":true,"href":"https:\/\/nettop.guru\/wordpress\/wp-json\/wp\/v2\/comments?post=3927"}],"version-history":[{"count":1,"href":"https:\/\/nettop.guru\/wordpress\/wp-json\/wp\/v2\/posts\/3927\/revisions"}],"predecessor-version":[{"id":3928,"href":"https:\/\/nettop.guru\/wordpress\/wp-json\/wp\/v2\/posts\/3927\/revisions\/3928"}],"wp:featuredmedia":[{"embeddable":true,"href":"https:\/\/nettop.guru\/wordpress\/wp-json\/wp\/v2\/media\/3873"}],"wp:attachment":[{"href":"https:\/\/nettop.guru\/wordpress\/wp-json\/wp\/v2\/media?parent=3927"}],"wp:term":[{"taxonomy":"category","embeddable":true,"href":"https:\/\/nettop.guru\/wordpress\/wp-json\/wp\/v2\/categories?post=3927"},{"taxonomy":"post_tag","embeddable":true,"href":"https:\/\/nettop.guru\/wordpress\/wp-json\/wp\/v2\/tags?post=3927"}],"curies":[{"name":"wp","href":"https:\/\/api.w.org\/{rel}","templated":true}]}}