{"id":4034,"date":"2024-07-05T10:00:00","date_gmt":"2024-07-05T08:00:00","guid":{"rendered":"https:\/\/nettop.guru\/wordpress\/?p=4034"},"modified":"2024-07-05T08:57:39","modified_gmt":"2024-07-05T06:57:39","slug":"episode-26-behovet-for-meir-leik-inn-i-smaskulen","status":"publish","type":"post","link":"https:\/\/nettop.guru\/wordpress\/episode-26-behovet-for-meir-leik-inn-i-smaskulen\/","title":{"rendered":"Episode 26: Behovet for meir leik inn i sm\u00e5skulen"},"content":{"rendered":"\n<p>Mange skular ser no mot barnehagen for korleis dette f\u00f8rste \u00e5ret i skulen b\u00f8r vere, og bruken av \u00abLekbasert l\u00e6ring\u00bb byrjar \u00e5 bli \u00abvanleg\u00bb i 1. klasse. Kan ein tolke dette som eit signal om at det er eit skrikande behov for \u00e5 f\u00e5 meir leik inn i dei f\u00f8rste trinna p\u00e5 skulen?&nbsp;Og kva b\u00f8r skulane gjere n\u00e5r dei ser \u00abskuleleie\u00bb elevar allereie i 2. klasse? Dette var noko rektor Tone Rabben H\u00f8lland opplevde p\u00e5 Grannes skole i Sola, og noko som f\u00f8rte til ein omorganisering av opplegget i 1. klasse. No nyttar dei ein kombinasjon av lekbasert l\u00e6ring, frileik og uteskule i 1. klasse ved hennar skule, og dette til glede for l\u00e6rarane og elevane. No ynskjer rektoren \u00e5 sj\u00e5 p\u00e5 moglegheita til \u00e5 ta med seg leiken inn i 2. klasse ogs\u00e5. Dette er gode nyheiter, meiner professor Ingunn St\u00f8rksen, som har vore med \u00e5 utvikla lekbasert l\u00e6ring, som sv\u00e6rt mange skular no nyttar. H\u00f8yr denne podkasten-episoden om lekbasert l\u00e6ring i skulen \u2013 og korleis leiken kan f\u00e5 ein meir naturleg plass i 1. klassingane sin kvardag.<\/p>\n\n\n\n<p>&nbsp;<strong>Aktuelle tema som vert dr\u00f8fta i podkasten:<\/strong><\/p>\n\n\n\n<ul class=\"wp-block-list\"><li>Korleis b\u00f8r dette f\u00f8rste \u00e5ret p\u00e5 skulen vere?<\/li><li>Kombinasjonen av lekbasert l\u00e6ring, frileik og uteskule<\/li><li>Teorien om lekbasert l\u00e6ring og forskinga som ligg bak<\/li><li>Kor viktig leik er for born<\/li><li>Leiken gjev rom for l\u00e6ring<\/li><\/ul>\n\n\n\n<p><strong>&nbsp;Les meir:<\/strong><\/p>\n\n\n\n<p>1.&nbsp;&nbsp;&nbsp;<a href=\"https:\/\/url11.mailanyone.net\/scanner?m=1sFZ4p-0005mc-3Y&amp;d=4%7Cmail%2F90%2F1717764600%2F1sFZ4p-0005mc-3Y%7Cin11d%7C57e1b682%7C13423172%7C7970642%7C6663027F2F5A2D40283B12043962880C&amp;o=%2Fphtw%3A%2Fwtsoiw.n.n%2Fus%2Fkb%2Felemso-lir-iki-eessm-ulnakv-ha-jeergsegolreud-tat&amp;s=k1uMVg0A6aaVVTxCo93re6uUf6U\">Meir leik i sm\u00e5skulen har gjeve gode resultat&nbsp;<\/a>(uis.no)<br>2.&nbsp;&nbsp;&nbsp;<a href=\"https:\/\/url11.mailanyone.net\/scanner?m=1sFZ4p-0005mc-3Y&amp;d=4%7Cmail%2F90%2F1717764600%2F1sFZ4p-0005mc-3Y%7Cin11d%7C57e1b682%7C13423172%7C7970642%7C6663027F2F5A2D40283B12043962880C&amp;o=%2Fphtw%3A%2Fwtsoiw.n.n%2Fusgab%2Fminslrtoilrenejslbetkk-e%2Folebaet-asrgnir&amp;s=ctv3VVTfUfDcBgwzn9yPBzgPtxM\">Bok: Lekbasert l\u00e6ring&nbsp;<\/a>(uis.no)<br>3.&nbsp;&nbsp;&nbsp;<a href=\"https:\/\/url11.mailanyone.net\/scanner?m=1sFZ4p-0005mc-3Y&amp;d=4%7Cmail%2F90%2F1717764600%2F1sFZ4p-0005mc-3Y%7Cin11d%7C57e1b682%7C13423172%7C7970642%7C6663027F2F5A2D40283B12043962880C&amp;o=%2Fphte%3A%2Flts.skbortnae%2F&amp;s=fkan-JUC6bZQn_gmOt9peTGuA-k\">Nettsiden til lekbasert l\u00e6ring<\/a>&nbsp;(lekbasert.no)<\/p>\n\n\n\n<p><a href=\"https:\/\/podcast.uis.no\/media\/Laeringsmiljoe_i_skole_og_barnehage\/transkripsjon\/Episode_26_Behovet_for_meir_leik_inn_i_sm\u00e5skulen.pdf\" data-type=\"URL\" data-id=\"https:\/\/podcast.uis.no\/media\/Laeringsmiljoe_i_skole_og_barnehage\/transkripsjon\/Episode_26_Behovet_for_meir_leik_inn_i_sm\u00e5skulen.pdf\" target=\"_blank\" rel=\"noreferrer noopener\">Du finner transkripsjon av episoden her (pdf, \u00e5pnes i nytt vindu).<\/a><\/p>\n\n\n<div class=\"powerpress_player\" id=\"powerpress_player_5753\"><audio class=\"wp-audio-shortcode\" id=\"audio-4034-1\" preload=\"none\" style=\"width: 100%;\" controls=\"controls\"><source type=\"audio\/mpeg\" src=\"https:\/\/media.blubrry.com\/erasmus_enfermera_espaola\/dts.podtrac.com\/redirect.mp3\/podcast.uis.no\/media\/Laeringsmiljoe_i_skole_og_barnehage\/1906.mp3?_=1\" \/><a href=\"https:\/\/media.blubrry.com\/erasmus_enfermera_espaola\/dts.podtrac.com\/redirect.mp3\/podcast.uis.no\/media\/Laeringsmiljoe_i_skole_og_barnehage\/1906.mp3\">https:\/\/media.blubrry.com\/erasmus_enfermera_espaola\/dts.podtrac.com\/redirect.mp3\/podcast.uis.no\/media\/Laeringsmiljoe_i_skole_og_barnehage\/1906.mp3<\/a><\/audio><\/div><p class=\"powerpress_links powerpress_links_mp3\" style=\"margin-bottom: 1px !important;\">Podcast: <a href=\"https:\/\/media.blubrry.com\/erasmus_enfermera_espaola\/dts.podtrac.com\/redirect.mp3\/podcast.uis.no\/media\/Laeringsmiljoe_i_skole_og_barnehage\/1906.mp3\" class=\"powerpress_link_pinw\" target=\"_blank\" title=\"Play in new window\" onclick=\"return powerpress_pinw('https:\/\/nettop.guru\/wordpress\/?powerpress_pinw=4034-podcast');\" rel=\"nofollow\">Play in new window<\/a> | <a href=\"https:\/\/media.blubrry.com\/erasmus_enfermera_espaola\/dts.podtrac.com\/redirect.mp3\/podcast.uis.no\/media\/Laeringsmiljoe_i_skole_og_barnehage\/1906.mp3\" class=\"powerpress_link_d\" title=\"Download\" rel=\"nofollow\" download=\"1906.mp3\">Download<\/a> (Duration: 32:53 &#8212; 45.2MB) | <a href=\"#\" class=\"powerpress_link_e\" title=\"Embed\" onclick=\"return powerpress_show_embed('4034-podcast');\" rel=\"nofollow\">Embed<\/a><\/p><p class=\"powerpress_embed_box\" id=\"powerpress_embed_4034-podcast\" style=\"display: none;\"><input id=\"powerpress_embed_4034-podcast_t\" type=\"text\" value=\"&lt;iframe width=&quot;320&quot; height=&quot;30&quot; src=&quot;https:\/\/nettop.guru\/wordpress\/?powerpress_embed=4034-podcast&amp;amp;powerpress_player=mediaelement-audio&quot; title=&quot;Blubrry Podcast Player&quot; frameborder=&quot;0&quot; scrolling=&quot;no&quot;&gt;&lt;\/iframe&gt;\" onclick=\"javascript: this.select();\" onfocus=\"javascript: this.select();\" style=\"width: 70%;\" readOnly><\/p><p class=\"powerpress_links powerpress_subscribe_links\">Subscribe: <a href=\"https:\/\/subscribebyemail.com\/nettop.guru\/wordpress\/feed\/podcast\/\" class=\"powerpress_link_subscribe powerpress_link_subscribe_email\" target=\"_blank\" title=\"Subscribe by Email\" rel=\"nofollow\">Email<\/a> | <a href=\"https:\/\/nettop.guru\/wordpress\/feed\/podcast\/\" class=\"powerpress_link_subscribe powerpress_link_subscribe_rss\" target=\"_blank\" title=\"Subscribe via RSS\" rel=\"nofollow\">RSS<\/a> | <a href=\"https:\/\/nettop.guru\/wordpress\/\" class=\"powerpress_link_subscribe powerpress_link_subscribe_more\" target=\"_blank\" title=\"More\" rel=\"nofollow\">More<\/a><\/p><!--powerpress_player-->","protected":false},"excerpt":{"rendered":"<p>Mange skular ser no mot barnehagen for korleis dette f\u00f8rste \u00e5ret i skulen b\u00f8r vere, og bruken av \u00abLekbasert l\u00e6ring\u00bb byrjar \u00e5 bli \u00abvanleg\u00bb i 1. klasse. Kan ein tolke dette som eit signal om at det er eit skrikande <span class=\"readmore\"><a href=\"https:\/\/nettop.guru\/wordpress\/episode-26-behovet-for-meir-leik-inn-i-smaskulen\/\">Les mer &#8230;<\/a><\/span><\/p>\n","protected":false},"author":5,"featured_media":3419,"comment_status":"closed","ping_status":"closed","sticky":false,"template":"","format":"standard","meta":{"jetpack_post_was_ever_published":false,"_jetpack_newsletter_access":"","_jetpack_dont_email_post_to_subs":false,"_jetpack_newsletter_tier_id":0,"_jetpack_memberships_contains_paywalled_content":false,"_jetpack_memberships_contains_paid_content":false,"footnotes":"","jetpack_publicize_message":"","jetpack_publicize_feature_enabled":true,"jetpack_social_post_already_shared":true,"jetpack_social_options":{"image_generator_settings":{"template":"highway","default_image_id":0,"font":"","enabled":false},"version":2}},"categories":[724],"tags":[48,269,715,1667,2062,2063],"class_list":["post-4034","post","type-post","status-publish","format-standard","has-post-thumbnail","hentry","category-laeringsmiljo-i-skole-og-barnehage","tag-utdanning","tag-laering","tag-skole","tag-lekbasert-laering","tag-frilek","tag-lek"],"jetpack_publicize_connections":[],"jetpack_featured_media_url":"https:\/\/i0.wp.com\/nettop.guru\/wordpress\/wp-content\/uploads\/2023\/01\/Laringsmiljosenteret_LiSkoleBhge_440x300.jpg?fit=440%2C300&ssl=1","jetpack_sharing_enabled":true,"jetpack_shortlink":"https:\/\/wp.me\/p7OAJ5-134","jetpack-related-posts":[{"id":4022,"url":"https:\/\/nettop.guru\/wordpress\/episode-25-er-det-plass-til-bade-leik-og-laering-i-barnehagen\/","url_meta":{"origin":4034,"position":0},"title":"Episode 25: Er det plass til b\u00e5de leik og l\u00e6ring i barnehagen?","author":"NettOp UiS","date":"20\/06\/2024","format":false,"excerpt":"Kva form for l\u00e6ring finst det i barnehagane i dag? Har alle barnehagane eit fast opplegg med aktivitetar for 5-\u00e5ringane? Kva g\u00e5r faktisk \u00ablekbasert l\u00e6ring\u00bb ut p\u00e5? Og kva erfaringar har barnehagar og skular som har nytta seg av dette opplegget? Desse sp\u00f8rsm\u00e5la stiller programleiar Maria Gilje Strand til professor\u2026","rel":"","context":"In &quot;L\u00e6ringsmilj\u00f8 i skole og barnehage&quot;","block_context":{"text":"L\u00e6ringsmilj\u00f8 i skole og barnehage","link":"https:\/\/nettop.guru\/wordpress\/category\/laeringsmiljo-i-skole-og-barnehage\/"},"img":{"alt_text":"","src":"https:\/\/i0.wp.com\/nettop.guru\/wordpress\/wp-content\/uploads\/2023\/01\/Laringsmiljosenteret_LiSkoleBhge_440x300.jpg?fit=440%2C300&ssl=1&resize=350%2C200","width":350,"height":200},"classes":[]},{"id":3975,"url":"https:\/\/nettop.guru\/wordpress\/episode-24-skulen-sitt-forste-mote-med-elevar-og-foresette\/","url_meta":{"origin":4034,"position":1},"title":"Episode 24: Skulen sitt f\u00f8rste m\u00f8te med elevar og f\u00f8resette","author":"NettOp UiS","date":"13\/05\/2024","format":false,"excerpt":"I desse dagar er det mange 5-6-\u00e5ringar som vitjar skulen dei skal byrje p\u00e5 i haust. Dei er sj\u00f8lvsagt spente p\u00e5 kva skulen eigentleg er, og kva det \u00e5 byrje p\u00e5 skulen faktisk inneber. Men det er ikkje berre borna som skal byrje p\u00e5 skulen til hausten som er spente.\u2026","rel":"","context":"In &quot;L\u00e6ringsmilj\u00f8 i skole og barnehage&quot;","block_context":{"text":"L\u00e6ringsmilj\u00f8 i skole og barnehage","link":"https:\/\/nettop.guru\/wordpress\/category\/laeringsmiljo-i-skole-og-barnehage\/"},"img":{"alt_text":"","src":"https:\/\/i0.wp.com\/nettop.guru\/wordpress\/wp-content\/uploads\/2023\/01\/Laringsmiljosenteret_LiSkoleBhge_440x300.jpg?fit=440%2C300&ssl=1&resize=350%2C200","width":350,"height":200},"classes":[]},{"id":3942,"url":"https:\/\/nettop.guru\/wordpress\/episode-23-med-livsmeistring-pa-timeplanen\/","url_meta":{"origin":4034,"position":2},"title":"Episode 23: Med livsmeistring p\u00e5 timeplanen","author":"NettOp UiS","date":"15\/03\/2024","format":false,"excerpt":"Livsmeistring i skulen var eit heitt tema d\u00e5 \u00abfolkehelse og livsmeistring\u00bb vart lansert som eit tverrfagleg tema i skulen, men no kan det verke som om debatten har stilna noko. Korleis er stoda i skulen no n\u00e5r ein har hatt dette temaet p\u00e5 timeplanen ei stund? Og kva legg ein\u2026","rel":"","context":"In &quot;L\u00e6ringsmilj\u00f8 i skole og barnehage&quot;","block_context":{"text":"L\u00e6ringsmilj\u00f8 i skole og barnehage","link":"https:\/\/nettop.guru\/wordpress\/category\/laeringsmiljo-i-skole-og-barnehage\/"},"img":{"alt_text":"","src":"https:\/\/i0.wp.com\/nettop.guru\/wordpress\/wp-content\/uploads\/2023\/01\/Laringsmiljosenteret_LiSkoleBhge_440x300.jpg?fit=440%2C300&ssl=1&resize=350%2C200","width":350,"height":200},"classes":[]},{"id":3776,"url":"https:\/\/nettop.guru\/wordpress\/episode-18-vaksne-som-mobbar-eigne-elevar\/","url_meta":{"origin":4034,"position":3},"title":"Episode 18: Vaksne som mobbar eigne elevar","author":"NettOp UiS","date":"13\/11\/2023","format":false,"excerpt":"At elevar vert utsett for mobbing av vaksne p\u00e5 skolen, er eit globalt problem. I dei fleste tilfella dreier det seg om l\u00e6rarar som krenkjer eller mobbar sine eigne elevar. Kvifor gjer dei det? Og kva gjer dette med elevane som opplev \u00e5 verte mobba eller krenkja av ein vaksen\u2026","rel":"","context":"In &quot;L\u00e6ringsmilj\u00f8 i skole og barnehage&quot;","block_context":{"text":"L\u00e6ringsmilj\u00f8 i skole og barnehage","link":"https:\/\/nettop.guru\/wordpress\/category\/laeringsmiljo-i-skole-og-barnehage\/"},"img":{"alt_text":"","src":"https:\/\/i0.wp.com\/nettop.guru\/wordpress\/wp-content\/uploads\/2023\/01\/Laringsmiljosenteret_LiSkoleBhge_440x300.jpg?fit=440%2C300&ssl=1&resize=350%2C200","width":350,"height":200},"classes":[]},{"id":3475,"url":"https:\/\/nettop.guru\/wordpress\/episode-10-systematisk-arbeid-mot-mobbing-i-skulen\/","url_meta":{"origin":4034,"position":4},"title":"Episode 11: Systematisk arbeid mot mobbing i skulen","author":"NettOp UiS","date":"02\/03\/2023","format":false,"excerpt":"Kvifor oppst\u00e5r mobbing? Og korleis b\u00f8r eigentleg skular jobbe best mogleg for \u00e5 f\u00f8rebygge mobbing, men ogs\u00e5 for \u00e5 ta vare p\u00e5 alle involverte dersom ei mobbesak oppst\u00e5r? Johannes Finne og Guttorm Helg\u00f8y svarer p\u00e5 desse sp\u00f8rsm\u00e5la med meir i denne episoden av podcast-serien v\u00e5r, som handlar om systematisk arbeid\u2026","rel":"","context":"In &quot;L\u00e6ringsmilj\u00f8 i skole og barnehage&quot;","block_context":{"text":"L\u00e6ringsmilj\u00f8 i skole og barnehage","link":"https:\/\/nettop.guru\/wordpress\/category\/laeringsmiljo-i-skole-og-barnehage\/"},"img":{"alt_text":"","src":"https:\/\/i0.wp.com\/nettop.guru\/wordpress\/wp-content\/uploads\/2023\/01\/Laringsmiljosenteret_LiSkoleBhge_440x300.jpg?fit=440%2C300&ssl=1&resize=350%2C200","width":350,"height":200},"classes":[]},{"id":3914,"url":"https:\/\/nettop.guru\/wordpress\/episode-22-trygt-og-godt-pa-sfo\/","url_meta":{"origin":4034,"position":5},"title":"Episode 22: Trygt og godt p\u00e5 SFO","author":"NettOp UiS","date":"29\/02\/2024","format":false,"excerpt":"De fleste skolestartene begynner faktisk ikke p\u00e5 skolen f\u00f8rst, men p\u00e5 skolefritidsordningen (SFO). I dag er det mange barn fra 1-4. klasse som tilbringer flere timer p\u00e5 SFO hver eneste dag, b\u00e5de f\u00f8r og etter skolen. SFO kan derfor sies \u00e5 v\u00e6re en s\u00e6rs viktig arena i barnas liv, b\u00e5de\u2026","rel":"","context":"In &quot;L\u00e6ringsmilj\u00f8 i skole og barnehage&quot;","block_context":{"text":"L\u00e6ringsmilj\u00f8 i skole og barnehage","link":"https:\/\/nettop.guru\/wordpress\/category\/laeringsmiljo-i-skole-og-barnehage\/"},"img":{"alt_text":"","src":"https:\/\/i0.wp.com\/nettop.guru\/wordpress\/wp-content\/uploads\/2023\/01\/Laringsmiljosenteret_LiSkoleBhge_440x300.jpg?fit=440%2C300&ssl=1&resize=350%2C200","width":350,"height":200},"classes":[]}],"_links":{"self":[{"href":"https:\/\/nettop.guru\/wordpress\/wp-json\/wp\/v2\/posts\/4034","targetHints":{"allow":["GET"]}}],"collection":[{"href":"https:\/\/nettop.guru\/wordpress\/wp-json\/wp\/v2\/posts"}],"about":[{"href":"https:\/\/nettop.guru\/wordpress\/wp-json\/wp\/v2\/types\/post"}],"author":[{"embeddable":true,"href":"https:\/\/nettop.guru\/wordpress\/wp-json\/wp\/v2\/users\/5"}],"replies":[{"embeddable":true,"href":"https:\/\/nettop.guru\/wordpress\/wp-json\/wp\/v2\/comments?post=4034"}],"version-history":[{"count":2,"href":"https:\/\/nettop.guru\/wordpress\/wp-json\/wp\/v2\/posts\/4034\/revisions"}],"predecessor-version":[{"id":4037,"href":"https:\/\/nettop.guru\/wordpress\/wp-json\/wp\/v2\/posts\/4034\/revisions\/4037"}],"wp:featuredmedia":[{"embeddable":true,"href":"https:\/\/nettop.guru\/wordpress\/wp-json\/wp\/v2\/media\/3419"}],"wp:attachment":[{"href":"https:\/\/nettop.guru\/wordpress\/wp-json\/wp\/v2\/media?parent=4034"}],"wp:term":[{"taxonomy":"category","embeddable":true,"href":"https:\/\/nettop.guru\/wordpress\/wp-json\/wp\/v2\/categories?post=4034"},{"taxonomy":"post_tag","embeddable":true,"href":"https:\/\/nettop.guru\/wordpress\/wp-json\/wp\/v2\/tags?post=4034"}],"curies":[{"name":"wp","href":"https:\/\/api.w.org\/{rel}","templated":true}]}}