{"id":4042,"date":"2024-07-25T13:00:33","date_gmt":"2024-07-25T11:00:33","guid":{"rendered":"https:\/\/nettop.guru\/wordpress\/?p=4042"},"modified":"2024-07-25T13:00:37","modified_gmt":"2024-07-25T11:00:37","slug":"innforing-i-sosialt-arbeids-kunnskapsgrunnlag","status":"publish","type":"post","link":"https:\/\/nettop.guru\/wordpress\/innforing-i-sosialt-arbeids-kunnskapsgrunnlag\/","title":{"rendered":"Innf\u00f8ring i sosialt arbeids kunnskapsgrunnlag"},"content":{"rendered":"\n<p>I denne episoden prater jeg med emneansvarlige, Evelyn Ottesen. Hun jobber ved UiS; Institutt for sosialfag og er faglig ansvarlige for det f\u00f8rste emnet studenter m\u00f8ter n\u00e5r de starter p\u00e5 en bachelor i Sosialt arbeid ved UiS. Evelyn forklarer kort de tema studentene m\u00f8ter i dette emonnet, tema som: 1. Introduksjon til faget sosialt arbeid 2. Sosiale problemer 3. Verdier og profesjonsetikk og 4. Ut\u00f8velse av sosialt arbeid. Hun viser til ulike arbeidsm\u00e5ter i undervisningen i emnet, samt gir innblikk i hvor sosionomer arbeider.<\/p>\n<p>In this episode, I talk with the coordinator, Evelyn Ottesen. She works at UiS in the Department of Social Work.\u00a0 She is academically responsible for the first subject students encounter when they start a bachelor&#8217;s degree in Social Work at UiS. Evelyn briefly explains the topics students will encounter in this subject, topics such as: 1. Introduction to the field of social work 2. Social problems 3. Values and professional ethics, and 4. Practice of social work. She refers to the various teaching methods used, and she provides insights into where social workers are employed<\/p>\n<p><a href=\"https:\/\/podcast.uis.no\/media\/kafe_student\/Innforing_i_sosialt_arbeids_kunnskapsgrunnlag.pdf\">Lenke til transkripsjon<\/a><\/p>\n<p><u>Editor:<\/u>\u00a0<\/p>\n<p>Wenche Hovland University of Stavanger, Norway <br \/>Sarah Hean University of Stavanger, Norway\u00a0<\/p>\n<p>Sosialt arbeid: en grunnbok (2023): Ellingsen, I. T., Kleppe, L. C, Levin, I., Berg, B. (red) (2023). <em>Sosialt Arbeid: En grunnbok. <\/em>2. utgave. Universitetsforlaget.<\/p>\n<p>Sosiologi i sosialfagene (2018): Olsen, B. C. R., Skotte, P. S., Farstad, G. R. (2018). <em>Sosiologi i sosialfagene. <\/em>Universitetsforlaget.<\/p>\n<p>Menneskets dimensjoner: L\u00e6rebok i psykologi (2021):Helgesen, L. A. (2021). <em>Menneskets dimensjoner: L\u00e6rebok i psykologi. <\/em>4. utgave. Cappelen Damm Akademisk.<\/p>\n<div class=\"powerpress_player\" id=\"powerpress_player_8321\"><audio class=\"wp-audio-shortcode\" id=\"audio-4042-1\" preload=\"none\" style=\"width: 100%;\" controls=\"controls\"><source type=\"audio\/mpeg\" src=\"https:\/\/media.blubrry.com\/erasmus_enfermera_espaola\/dts.podtrac.com\/redirect.mp3\/podcast.uis.no\/media\/kafe_student\/Innforing_i_sosialt_arbeids_kunnskapsgrunnlag.mp3?_=1\" \/><a href=\"https:\/\/media.blubrry.com\/erasmus_enfermera_espaola\/dts.podtrac.com\/redirect.mp3\/podcast.uis.no\/media\/kafe_student\/Innforing_i_sosialt_arbeids_kunnskapsgrunnlag.mp3\">https:\/\/media.blubrry.com\/erasmus_enfermera_espaola\/dts.podtrac.com\/redirect.mp3\/podcast.uis.no\/media\/kafe_student\/Innforing_i_sosialt_arbeids_kunnskapsgrunnlag.mp3<\/a><\/audio><\/div><p class=\"powerpress_links powerpress_links_mp3\" style=\"margin-bottom: 1px !important;\">Podcast: <a href=\"https:\/\/media.blubrry.com\/erasmus_enfermera_espaola\/dts.podtrac.com\/redirect.mp3\/podcast.uis.no\/media\/kafe_student\/Innforing_i_sosialt_arbeids_kunnskapsgrunnlag.mp3\" class=\"powerpress_link_pinw\" target=\"_blank\" title=\"Play in new window\" onclick=\"return powerpress_pinw('https:\/\/nettop.guru\/wordpress\/?powerpress_pinw=4042-podcast');\" rel=\"nofollow\">Play in new window<\/a> | <a href=\"https:\/\/media.blubrry.com\/erasmus_enfermera_espaola\/dts.podtrac.com\/redirect.mp3\/podcast.uis.no\/media\/kafe_student\/Innforing_i_sosialt_arbeids_kunnskapsgrunnlag.mp3\" class=\"powerpress_link_d\" title=\"Download\" rel=\"nofollow\" download=\"Innforing_i_sosialt_arbeids_kunnskapsgrunnlag.mp3\">Download<\/a> (Duration: 11:59 &#8212; 11.0MB) | <a href=\"#\" class=\"powerpress_link_e\" title=\"Embed\" onclick=\"return powerpress_show_embed('4042-podcast');\" rel=\"nofollow\">Embed<\/a><\/p><p class=\"powerpress_embed_box\" id=\"powerpress_embed_4042-podcast\" style=\"display: none;\"><input id=\"powerpress_embed_4042-podcast_t\" type=\"text\" value=\"&lt;iframe width=&quot;320&quot; height=&quot;30&quot; src=&quot;https:\/\/nettop.guru\/wordpress\/?powerpress_embed=4042-podcast&amp;amp;powerpress_player=mediaelement-audio&quot; title=&quot;Blubrry Podcast Player&quot; frameborder=&quot;0&quot; scrolling=&quot;no&quot;&gt;&lt;\/iframe&gt;\" onclick=\"javascript: this.select();\" onfocus=\"javascript: this.select();\" style=\"width: 70%;\" readOnly><\/p><p class=\"powerpress_links powerpress_subscribe_links\">Subscribe: <a href=\"https:\/\/subscribebyemail.com\/nettop.guru\/wordpress\/feed\/podcast\/\" class=\"powerpress_link_subscribe powerpress_link_subscribe_email\" target=\"_blank\" title=\"Subscribe by Email\" rel=\"nofollow\">Email<\/a> | <a href=\"https:\/\/nettop.guru\/wordpress\/feed\/podcast\/\" class=\"powerpress_link_subscribe powerpress_link_subscribe_rss\" target=\"_blank\" title=\"Subscribe via RSS\" rel=\"nofollow\">RSS<\/a> | <a href=\"https:\/\/nettop.guru\/wordpress\/\" class=\"powerpress_link_subscribe powerpress_link_subscribe_more\" target=\"_blank\" title=\"More\" rel=\"nofollow\">More<\/a><\/p><!--powerpress_player-->","protected":false},"excerpt":{"rendered":"<p>I denne episoden prater jeg med emneansvarlige, Evelyn Ottesen. Hun jobber ved UiS; Institutt for sosialfag og er faglig ansvarlige for det f\u00f8rste emnet studenter m\u00f8ter n\u00e5r de starter p\u00e5 en bachelor i Sosialt arbeid ved UiS. Evelyn forklarer kort <span class=\"readmore\"><a href=\"https:\/\/nettop.guru\/wordpress\/innforing-i-sosialt-arbeids-kunnskapsgrunnlag\/\">Les mer &#8230;<\/a><\/span><\/p>\n","protected":false},"author":5,"featured_media":3532,"comment_status":"closed","ping_status":"closed","sticky":false,"template":"","format":"standard","meta":{"jetpack_post_was_ever_published":false,"_jetpack_newsletter_access":"","_jetpack_dont_email_post_to_subs":false,"_jetpack_newsletter_tier_id":0,"_jetpack_memberships_contains_paywalled_content":false,"_jetpack_memberships_contains_paid_content":false,"footnotes":"","jetpack_publicize_message":"","jetpack_publicize_feature_enabled":true,"jetpack_social_post_already_shared":true,"jetpack_social_options":{"image_generator_settings":{"template":"highway","default_image_id":0,"font":"","enabled":false},"version":2}},"categories":[1595],"tags":[],"class_list":["post-4042","post","type-post","status-publish","format-standard","has-post-thumbnail","hentry","category-kafe-student"],"jetpack_publicize_connections":[],"jetpack_featured_media_url":"https:\/\/i0.wp.com\/nettop.guru\/wordpress\/wp-content\/uploads\/2023\/04\/KafeStudent_440x300px.png?fit=440%2C300&ssl=1","jetpack_sharing_enabled":true,"jetpack_shortlink":"https:\/\/wp.me\/p7OAJ5-13c","jetpack-related-posts":[{"id":4671,"url":"https:\/\/nettop.guru\/wordpress\/teorier-i-sosialt-arbeid\/","url_meta":{"origin":4042,"position":0},"title":"Teorier i sosialt arbeid","author":"NettOp UiS","date":"07\/11\/2025","format":false,"excerpt":"Teorier i sosialt arbeid er viktig for \u00e5 kunne utforske praksis og bidra til fagutvikling. Praksis er komplisert. Teorier skal derfor hjelpe oss til \u00e5 kunne diskutere hva som skjer og hvordan finne m\u00f8nster og sammenhenger. I denne episoden samtaler ansatte ved sosialarbeiderutdanningene ved Universitetet i Stavanger: Siv Oltedal, Heidi\u2026","rel":"","context":"In &quot;Welfare Talks&quot;","block_context":{"text":"Welfare Talks","link":"https:\/\/nettop.guru\/wordpress\/category\/welfare-talks\/"},"img":{"alt_text":"","src":"https:\/\/i0.wp.com\/nettop.guru\/wordpress\/wp-content\/uploads\/2023\/01\/UiS_WelfareTalks_440x300px.png?fit=440%2C300&ssl=1&resize=350%2C200","width":350,"height":200},"classes":[]},{"id":3601,"url":"https:\/\/nettop.guru\/wordpress\/hjelpeprosessar-og-rettsbruk-i-nav-kontor\/","url_meta":{"origin":4042,"position":1},"title":"Hjelpeprosessar og rettsbruk i NAV-Kontor","author":"NettOp UiS","date":"12\/09\/2023","format":false,"excerpt":"Forfattarane av boka \u00abhjelpeprosessar og rettsbruk i NAV-kontor\u00bb presenterer boka, utgangspunkt for den og trekkjer opp sentrale tema fr\u00e5 boka. Episoden let deg bli kjent med innhaldet i boka og du m\u00f8ter forfattarane i samtale om kva sentrale sider ved arbeidet i NAV-kontoret inneheld. Sosialt arbeid vert presentert som ein\u2026","rel":"","context":"In &quot;Welfare Talks&quot;","block_context":{"text":"Welfare Talks","link":"https:\/\/nettop.guru\/wordpress\/category\/welfare-talks\/"},"img":{"alt_text":"","src":"https:\/\/i0.wp.com\/nettop.guru\/wordpress\/wp-content\/uploads\/2023\/01\/UiS_WelfareTalks_440x300px.png?fit=440%2C300&ssl=1&resize=350%2C200","width":350,"height":200},"classes":[]},{"id":4681,"url":"https:\/\/nettop.guru\/wordpress\/konfliktteorier-i-sosialt-arbeid\/","url_meta":{"origin":4042,"position":2},"title":"Konfliktteorier i sosialt arbeid","author":"NettOp UiS","date":"10\/11\/2025","format":false,"excerpt":"Konfliktteorier retter s\u00f8kelyset p\u00e5 ulikhet, maktbruk og arbeid for frigj\u00f8ring. En tenker at problemer blir skapt p\u00e5 samfunnsniv\u00e5 og som f\u00f8rer til at mennesker opplever en vanskelig livssituasjon. Det er sentralt \u00e5 se kritisk p\u00e5 den eksisterende situasjonen, for \u00e5 arbeide for \u00e5 skape mer rettferdighet. Du finner transkripsjon av\u2026","rel":"","context":"In &quot;Welfare Talks&quot;","block_context":{"text":"Welfare Talks","link":"https:\/\/nettop.guru\/wordpress\/category\/welfare-talks\/"},"img":{"alt_text":"","src":"https:\/\/i0.wp.com\/nettop.guru\/wordpress\/wp-content\/uploads\/2023\/01\/UiS_WelfareTalks_440x300px.png?fit=440%2C300&ssl=1&resize=350%2C200","width":350,"height":200},"classes":[]},{"id":4673,"url":"https:\/\/nettop.guru\/wordpress\/interaksjonistiske-teorier-i-sosialt-arbeid\/","url_meta":{"origin":4042,"position":3},"title":"Interaksjonistiske teorier i sosialt arbeid","author":"NettOp UiS","date":"10\/11\/2025","format":false,"excerpt":"Interaksjonistiske teorien i sosialt arbeid er opptatt av hvordan vi samhandler for \u00e5 skape mening. Det er viktig \u00e5 fors\u00f8ke \u00e5 forst\u00e5 den andre sitt perspektiv, for at vi skal kunne v\u00e6re til hjelp og for \u00e5 redusere utenforskap. Vi handler utifra hvordan vi oppfatter en situasjon. Du finner transkripsjon\u2026","rel":"","context":"In &quot;Welfare Talks&quot;","block_context":{"text":"Welfare Talks","link":"https:\/\/nettop.guru\/wordpress\/category\/welfare-talks\/"},"img":{"alt_text":"","src":"https:\/\/i0.wp.com\/nettop.guru\/wordpress\/wp-content\/uploads\/2023\/01\/UiS_WelfareTalks_440x300px.png?fit=440%2C300&ssl=1&resize=350%2C200","width":350,"height":200},"classes":[]},{"id":4686,"url":"https:\/\/nettop.guru\/wordpress\/systemteorier-i-sosialt-arbeid\/","url_meta":{"origin":4042,"position":4},"title":"Systemteorier i sosialt arbeid","author":"NettOp UiS","date":"17\/11\/2025","format":false,"excerpt":"System er en gruppe enheter som danner en samvirkende helhet. I sosialt arbeid er det sentralt \u00e5 se mennesket i sin samfunnsmessige kontekst. Systemteorier er opptatt av at alt henger sammen med alt. Kompleksiteten h\u00e5ndterer vi ved \u00e5 se p\u00e5 verden i systemspesifikke perspektiv. Transkripsjon av episoden her","rel":"","context":"In &quot;Welfare Talks&quot;","block_context":{"text":"Welfare Talks","link":"https:\/\/nettop.guru\/wordpress\/category\/welfare-talks\/"},"img":{"alt_text":"","src":"https:\/\/i0.wp.com\/nettop.guru\/wordpress\/wp-content\/uploads\/2023\/01\/UiS_WelfareTalks_440x300px.png?fit=440%2C300&ssl=1&resize=350%2C200","width":350,"height":200},"classes":[]},{"id":3485,"url":"https:\/\/nettop.guru\/wordpress\/nav-skjonn-og-sosialt-arbeid\/","url_meta":{"origin":4042,"position":5},"title":"NAV, skj\u00f8nn og sosialt arbeid","author":"NettOp UiS","date":"15\/03\/2023","format":false,"excerpt":"Det er noe sant i det at NAV er velferdsstatens ansikt utad og at et stort ansvar hviler p\u00e5 de ansattes skuldre. Men hva er NAV og hvem skal jobbe der?\u00a0 Kan skj\u00f8nnsut\u00f8velse i lys av menneskeverd, sosialarbeid og Nav som fattigdomsbekjemper gi oss noe svar? Episoden tar oss med\u2026","rel":"","context":"In &quot;Welfare Talks&quot;","block_context":{"text":"Welfare Talks","link":"https:\/\/nettop.guru\/wordpress\/category\/welfare-talks\/"},"img":{"alt_text":"","src":"https:\/\/i0.wp.com\/nettop.guru\/wordpress\/wp-content\/uploads\/2023\/01\/UiS_WelfareTalks_440x300px.png?fit=440%2C300&ssl=1&resize=350%2C200","width":350,"height":200},"classes":[]}],"_links":{"self":[{"href":"https:\/\/nettop.guru\/wordpress\/wp-json\/wp\/v2\/posts\/4042","targetHints":{"allow":["GET"]}}],"collection":[{"href":"https:\/\/nettop.guru\/wordpress\/wp-json\/wp\/v2\/posts"}],"about":[{"href":"https:\/\/nettop.guru\/wordpress\/wp-json\/wp\/v2\/types\/post"}],"author":[{"embeddable":true,"href":"https:\/\/nettop.guru\/wordpress\/wp-json\/wp\/v2\/users\/5"}],"replies":[{"embeddable":true,"href":"https:\/\/nettop.guru\/wordpress\/wp-json\/wp\/v2\/comments?post=4042"}],"version-history":[{"count":1,"href":"https:\/\/nettop.guru\/wordpress\/wp-json\/wp\/v2\/posts\/4042\/revisions"}],"predecessor-version":[{"id":4043,"href":"https:\/\/nettop.guru\/wordpress\/wp-json\/wp\/v2\/posts\/4042\/revisions\/4043"}],"wp:featuredmedia":[{"embeddable":true,"href":"https:\/\/nettop.guru\/wordpress\/wp-json\/wp\/v2\/media\/3532"}],"wp:attachment":[{"href":"https:\/\/nettop.guru\/wordpress\/wp-json\/wp\/v2\/media?parent=4042"}],"wp:term":[{"taxonomy":"category","embeddable":true,"href":"https:\/\/nettop.guru\/wordpress\/wp-json\/wp\/v2\/categories?post=4042"},{"taxonomy":"post_tag","embeddable":true,"href":"https:\/\/nettop.guru\/wordpress\/wp-json\/wp\/v2\/tags?post=4042"}],"curies":[{"name":"wp","href":"https:\/\/api.w.org\/{rel}","templated":true}]}}