{"id":406,"date":"2016-08-22T08:19:36","date_gmt":"2016-08-22T06:19:36","guid":{"rendered":"http:\/\/nettop.guru\/wordpress\/?p=406"},"modified":"2022-02-14T11:53:02","modified_gmt":"2022-02-14T10:53:02","slug":"mikrobiologi","status":"publish","type":"post","link":"https:\/\/nettop.guru\/wordpress\/mikrobiologi\/","title":{"rendered":"Mikrobiologi"},"content":{"rendered":"<p>Episode: \u201cMikrobiologi\u201d.<\/p>\n<p>Dette er en podkast fra Universitetet i Stavanger som er utviklet av Det helsevitenskaplige fakultet. Denne podkastserien inng\u00e5r i sykepleieutdanningen.<\/p>\n<p>Manusforfatter: Brynjar Foss 2009<br \/>\nSpr\u00e5kvask og innlesing: Kjell Inge Torgersen 2009<\/p>\n<p>\u00d8nsker du \u00e5 f\u00e5 mer informasjon om sykepleieutdanningen, finner du det p\u00e5 uis.no.<\/p>\n<div class=\"powerpress_player\" id=\"powerpress_player_3779\"><audio class=\"wp-audio-shortcode\" id=\"audio-406-1\" preload=\"none\" style=\"width: 100%;\" controls=\"controls\"><source type=\"audio\/mpeg\" src=\"https:\/\/media.blubrry.com\/erasmus_enfermera_espaola\/dts.podtrac.com\/redirect.mp3\/podcast.uis.no\/media\/Sykepleiens_naturvitenskapelige_og_medisinske_grunnlag\/Mikrobiologi.mp3?_=1\" \/><a href=\"https:\/\/media.blubrry.com\/erasmus_enfermera_espaola\/dts.podtrac.com\/redirect.mp3\/podcast.uis.no\/media\/Sykepleiens_naturvitenskapelige_og_medisinske_grunnlag\/Mikrobiologi.mp3\">https:\/\/media.blubrry.com\/erasmus_enfermera_espaola\/dts.podtrac.com\/redirect.mp3\/podcast.uis.no\/media\/Sykepleiens_naturvitenskapelige_og_medisinske_grunnlag\/Mikrobiologi.mp3<\/a><\/audio><\/div><p class=\"powerpress_links powerpress_links_mp3\" style=\"margin-bottom: 1px !important;\">Podcast: <a href=\"https:\/\/media.blubrry.com\/erasmus_enfermera_espaola\/dts.podtrac.com\/redirect.mp3\/podcast.uis.no\/media\/Sykepleiens_naturvitenskapelige_og_medisinske_grunnlag\/Mikrobiologi.mp3\" class=\"powerpress_link_pinw\" target=\"_blank\" title=\"Play in new window\" onclick=\"return powerpress_pinw('https:\/\/nettop.guru\/wordpress\/?powerpress_pinw=406-podcast');\" rel=\"nofollow\">Play in new window<\/a> | <a href=\"https:\/\/media.blubrry.com\/erasmus_enfermera_espaola\/dts.podtrac.com\/redirect.mp3\/podcast.uis.no\/media\/Sykepleiens_naturvitenskapelige_og_medisinske_grunnlag\/Mikrobiologi.mp3\" class=\"powerpress_link_d\" title=\"Download\" rel=\"nofollow\" download=\"Mikrobiologi.mp3\">Download<\/a> (Duration: 1:43:47 &#8212; 47.5MB) | <a href=\"#\" class=\"powerpress_link_e\" title=\"Embed\" onclick=\"return powerpress_show_embed('406-podcast');\" rel=\"nofollow\">Embed<\/a><\/p><p class=\"powerpress_embed_box\" id=\"powerpress_embed_406-podcast\" style=\"display: none;\"><input id=\"powerpress_embed_406-podcast_t\" type=\"text\" value=\"&lt;iframe width=&quot;320&quot; height=&quot;30&quot; src=&quot;https:\/\/nettop.guru\/wordpress\/?powerpress_embed=406-podcast&amp;amp;powerpress_player=mediaelement-audio&quot; title=&quot;Blubrry Podcast Player&quot; frameborder=&quot;0&quot; scrolling=&quot;no&quot;&gt;&lt;\/iframe&gt;\" onclick=\"javascript: this.select();\" onfocus=\"javascript: this.select();\" style=\"width: 70%;\" readOnly><\/p><p class=\"powerpress_links powerpress_subscribe_links\">Subscribe: <a href=\"https:\/\/subscribebyemail.com\/nettop.guru\/wordpress\/feed\/podcast\/\" class=\"powerpress_link_subscribe powerpress_link_subscribe_email\" target=\"_blank\" title=\"Subscribe by Email\" rel=\"nofollow\">Email<\/a> | <a href=\"https:\/\/nettop.guru\/wordpress\/feed\/podcast\/\" class=\"powerpress_link_subscribe powerpress_link_subscribe_rss\" target=\"_blank\" title=\"Subscribe via RSS\" rel=\"nofollow\">RSS<\/a> | <a href=\"https:\/\/nettop.guru\/wordpress\/\" class=\"powerpress_link_subscribe powerpress_link_subscribe_more\" target=\"_blank\" title=\"More\" rel=\"nofollow\">More<\/a><\/p><!--powerpress_player-->","protected":false},"excerpt":{"rendered":"<p>Episode: \u201cMikrobiologi\u201d. Dette er en podkast fra Universitetet i Stavanger som er utviklet av Det helsevitenskaplige fakultet. Denne podkastserien inng\u00e5r i sykepleieutdanningen. Manusforfatter: Brynjar Foss 2009 Spr\u00e5kvask og innlesing: Kjell Inge Torgersen 2009 \u00d8nsker du \u00e5 f\u00e5 mer informasjon om <span class=\"readmore\"><a href=\"https:\/\/nettop.guru\/wordpress\/mikrobiologi\/\">Les mer &#8230;<\/a><\/span><\/p>\n","protected":false},"author":5,"featured_media":0,"comment_status":"closed","ping_status":"closed","sticky":false,"template":"","format":"standard","meta":{"jetpack_post_was_ever_published":false,"_jetpack_newsletter_access":"","_jetpack_dont_email_post_to_subs":false,"_jetpack_newsletter_tier_id":0,"_jetpack_memberships_contains_paywalled_content":false,"_jetpack_memberships_contains_paid_content":false,"footnotes":"","jetpack_publicize_message":"","jetpack_publicize_feature_enabled":true,"jetpack_social_post_already_shared":true,"jetpack_social_options":{"image_generator_settings":{"template":"highway","default_image_id":0,"font":"","enabled":false},"version":2}},"categories":[15],"tags":[338],"class_list":["post-406","post","type-post","status-publish","format-standard","hentry","category-sykepleiens-naturvitenskapelige-og-medisinske-grunnlag","tag-sykepleie"],"jetpack_publicize_connections":[],"jetpack_featured_media_url":"","jetpack_sharing_enabled":true,"jetpack_shortlink":"https:\/\/wp.me\/p7OAJ5-6y","jetpack-related-posts":[{"id":403,"url":"https:\/\/nettop.guru\/wordpress\/basal-farmakologi\/","url_meta":{"origin":406,"position":0},"title":"Basal farmakologi","author":"NettOp UiS","date":"22\/08\/2016","format":false,"excerpt":"Episode: \u201cBasal farmakologi\u201d. Dette er en podkast fra Universitetet i Stavanger som er utviklet av Det helsevitenskaplige fakultet. Denne podkastserien inng\u00e5r i sykepleieutdanningen. Manusforfatter: Brynjar Foss 2009 Spr\u00e5kvask og innlesing: Kjell Inge Torgersen 2009 \u00d8nsker du \u00e5 f\u00e5 mer informasjon om sykepleieutdanningen, finner du det p\u00e5 uis.no.","rel":"","context":"In &quot;Sykepleiens naturvitenskapelige og medisinske grunnlag&quot;","block_context":{"text":"Sykepleiens naturvitenskapelige og medisinske grunnlag","link":"https:\/\/nettop.guru\/wordpress\/category\/sykepleiens-naturvitenskapelige-og-medisinske-grunnlag\/"},"img":{"alt_text":"","src":"","width":0,"height":0},"classes":[]},{"id":2303,"url":"https:\/\/nettop.guru\/wordpress\/du-er-mye-mer-enn-det-du-tror\/","url_meta":{"origin":406,"position":1},"title":"Du er mye mer enn det du tror!","author":"NettOp UiS","date":"19\/10\/2020","format":false,"excerpt":"I denne episoden reflekterer Gunn Brigitte Danielsen og Inger Cecilie Rise rundt begrepet personlig kompetanse, og hva som ligger i det utvidete kompetansebegrepet til Greta Marie Skau. Hvorfor gj\u00f8r vi egentlig som vi gj\u00f8r, og hvem blir vi i m\u00f8te med andre? Er det mulig \u00e5 utvikle best practice i\u2026","rel":"","context":"In &quot;Du og jeg og vi to&quot;","block_context":{"text":"Du og jeg og vi to","link":"https:\/\/nettop.guru\/wordpress\/category\/du-og-jeg-og-vi-to\/"},"img":{"alt_text":"","src":"https:\/\/i0.wp.com\/nettop.guru\/wordpress\/wp-content\/uploads\/2019\/09\/duvitok440_ny.jpg?fit=440%2C300&ssl=1&resize=350%2C200","width":350,"height":200},"classes":[]},{"id":4123,"url":"https:\/\/nettop.guru\/wordpress\/nervesystemet-2\/","url_meta":{"origin":406,"position":2},"title":"Nervesystemet 2","author":"NettOp UiS","date":"13\/09\/2024","format":false,"excerpt":"Nervesystemet v\u00e5rt er et komplisert nettverk av nerve- og gliaceller som er lokalisert i hele kroppen v\u00e5r. Sammen med hormonsystemet regulerer det homeostasen. Nervesystemet er inndelt i to hovedsystem: sentralnervesystemet og det perifere nervesystem. Sentralnervesystemet er hjernen og ryggmargen, mens det perifere nervesystem er alle nerveceller som l\u00f8per ut fra\u2026","rel":"","context":"In &quot;Anatomi, fysiologi og biokjemi&quot;","block_context":{"text":"Anatomi, fysiologi og biokjemi","link":"https:\/\/nettop.guru\/wordpress\/category\/anatomi-og-fysiologi\/"},"img":{"alt_text":"","src":"https:\/\/i0.wp.com\/nettop.guru\/wordpress\/wp-content\/uploads\/2024\/09\/05_Nervesystemet2_Sykepleie_Podcast_440x300px.png?fit=440%2C300&ssl=1&resize=350%2C200","width":350,"height":200},"classes":[]},{"id":4497,"url":"https:\/\/nettop.guru\/wordpress\/grensesetting-101\/","url_meta":{"origin":406,"position":3},"title":"Grensesetting 101","author":"NettOp UiS","date":"08\/05\/2025","format":false,"excerpt":"Kjenner du av og til at det er en mismatch mellom andres forventinger til deg, og hva du selv egentlig trenger? Er du en kronisk people pleaser? Synes du det er vanskelig \u00e5 vite hva som er viktig n\u00e5, og hva som kan vente? I denne episoden snakker vi med\u2026","rel":"","context":"In &quot;Veiledningspodden&quot;","block_context":{"text":"Veiledningspodden","link":"https:\/\/nettop.guru\/wordpress\/category\/veiledningspodden\/"},"img":{"alt_text":"","src":"https:\/\/i0.wp.com\/nettop.guru\/wordpress\/wp-content\/uploads\/2019\/07\/Veiledningspodden_skrik_440x300.png?fit=440%2C300&ssl=1&resize=350%2C200","width":350,"height":200},"classes":[]},{"id":3462,"url":"https:\/\/nettop.guru\/wordpress\/hvordan-er-det-a-jobbe-i-vareforseldivisjonen-med-anne\/","url_meta":{"origin":406,"position":4},"title":"Hvordan er det \u00e5 jobbe i varef\u00f8rseldivisjonen, med Anne","author":"NettOp UiS","date":"01\/02\/2023","format":false,"excerpt":"I dagen episode har tollstudentene Siv og Kristijane tatt over podcasten sammen med Anne fra varef\u00f8rseldivisjonen i Tolletaten. Anne er toller og foreleser for tollstudentene i faget toll og varef\u00f8rsel p\u00e5 Universitetet i Stavanger. Hun forteller om hvordan det er \u00e5 v\u00e6re foreleser i et helt nytt fag og hvordan\u2026","rel":"","context":"In &quot;R\u00f8d\/Gr\u00f8nn sone&quot;","block_context":{"text":"R\u00f8d\/Gr\u00f8nn sone","link":"https:\/\/nettop.guru\/wordpress\/category\/rod-gronn-sone\/"},"img":{"alt_text":"","src":"https:\/\/i0.wp.com\/nettop.guru\/wordpress\/wp-content\/uploads\/2022\/02\/UiS_logo_Podcast_440x300px_RodGronnSone.png?fit=440%2C300&ssl=1&resize=350%2C200","width":350,"height":200},"classes":[]},{"id":4334,"url":"https:\/\/nettop.guru\/wordpress\/krig-og-krise-kor-farleg-er-det-med-bent-hoie-og-sissel-h-jore\/","url_meta":{"origin":406,"position":5},"title":"Krig og krise: Kor farleg er det? Med Bent H\u00f8ie og Sissel H. Jore","author":"NettOp UiS","date":"20\/02\/2025","format":false,"excerpt":"Livet har blitt meir farleg dei siste \u00e5ra. Det er krig i Europa, Trump demonterer demokratiet i USA og ny teknologi aukar risikoen for digital og hybrid sabotasje. Kor redde skal me v\u00e6re, og korleis kan me preppe? Gjester i samtalen er statsforvaltar Bent H\u00f8ie, og professor i samfunnsikkerheit Sissel\u2026","rel":"","context":"In &quot;mohnitor&quot;","block_context":{"text":"mohnitor","link":"https:\/\/nettop.guru\/wordpress\/category\/mohnitor\/"},"img":{"alt_text":"","src":"https:\/\/i0.wp.com\/nettop.guru\/wordpress\/wp-content\/uploads\/2025\/01\/mohnitor_440x300.jpg?fit=440%2C300&ssl=1&resize=350%2C200","width":350,"height":200},"classes":[]}],"_links":{"self":[{"href":"https:\/\/nettop.guru\/wordpress\/wp-json\/wp\/v2\/posts\/406","targetHints":{"allow":["GET"]}}],"collection":[{"href":"https:\/\/nettop.guru\/wordpress\/wp-json\/wp\/v2\/posts"}],"about":[{"href":"https:\/\/nettop.guru\/wordpress\/wp-json\/wp\/v2\/types\/post"}],"author":[{"embeddable":true,"href":"https:\/\/nettop.guru\/wordpress\/wp-json\/wp\/v2\/users\/5"}],"replies":[{"embeddable":true,"href":"https:\/\/nettop.guru\/wordpress\/wp-json\/wp\/v2\/comments?post=406"}],"version-history":[{"count":5,"href":"https:\/\/nettop.guru\/wordpress\/wp-json\/wp\/v2\/posts\/406\/revisions"}],"predecessor-version":[{"id":2950,"href":"https:\/\/nettop.guru\/wordpress\/wp-json\/wp\/v2\/posts\/406\/revisions\/2950"}],"wp:attachment":[{"href":"https:\/\/nettop.guru\/wordpress\/wp-json\/wp\/v2\/media?parent=406"}],"wp:term":[{"taxonomy":"category","embeddable":true,"href":"https:\/\/nettop.guru\/wordpress\/wp-json\/wp\/v2\/categories?post=406"},{"taxonomy":"post_tag","embeddable":true,"href":"https:\/\/nettop.guru\/wordpress\/wp-json\/wp\/v2\/tags?post=406"}],"curies":[{"name":"wp","href":"https:\/\/api.w.org\/{rel}","templated":true}]}}