{"id":4257,"date":"2024-12-20T12:50:56","date_gmt":"2024-12-20T11:50:56","guid":{"rendered":"https:\/\/nettop.guru\/wordpress\/?p=4257"},"modified":"2025-01-20T09:54:06","modified_gmt":"2025-01-20T08:54:06","slug":"koordinatorens-rolle-i-familietad-nokkelen-til-samarbeid-og-losninger","status":"publish","type":"post","link":"https:\/\/nettop.guru\/wordpress\/koordinatorens-rolle-i-familietad-nokkelen-til-samarbeid-og-losninger\/","title":{"rendered":"Koordinatorens rolle i familier\u00e5d: N\u00f8kkelen til samarbeid og l\u00f8sninger"},"content":{"rendered":"\n<p><strong>I denne episoden utforsker vi koordinatorens avgj\u00f8rende rolle i familier\u00e5dslag.<\/strong><br \/>Egil Sandgren, med 17 \u00e5rs erfaring som koordinator, og Randi Mortveit fra Bufetat, som driver oppl\u00e6ring i metoden, deler innsikt og erfaringer fra arbeidet med \u00e5 legge til rette for gode prosesser i familier\u00e5d. De diskuterer blant annet:<\/p>\n<ul>\n<li>Hva kreves for \u00e5 f\u00e5 til samarbeid som gir l\u00f8sninger?<\/li>\n<li>Hvordan kan du, som \u00f8nsker \u00e5 l\u00e6re metoden, komme i gang?<\/li>\n<\/ul>\n<p>Med konkrete anbefalinger og ekte erfaringer fra feltet gir denne episoden verdifull inspirasjon og kunnskap til deg som jobber med, eller er nysgjerrig p\u00e5, familier\u00e5d.<\/p>\n<p><strong>Lytt til episoden for \u00e5 l\u00e6re mer om:<\/strong><\/p>\n<ul>\n<li>Koordinatorens ansvar og rolle i prosessen.<\/li>\n<li>Hvordan skape tillit og trygge rammer for familier\u00e5d.<\/li>\n<li>Tips og r\u00e5d til deg som \u00f8nsker \u00e5 bli en dyktig familier\u00e5dskoordinator<\/li>\n<\/ul>\n<p>Dette er en episode for alle som \u00f8nsker \u00e5 forst\u00e5 mer om samarbeid og l\u00f8sninger i krevende familiesituasjoner.<\/p>\n<p><strong>In this episode, we explore the coordinator&#8217;s crucial role in family group conferences.<\/strong><br \/>Egil Sandgren, with 17 years of experience as a coordinator, and Randi Mortveit from Bufetat, who provides training in the method, share insights and experiences from their work facilitating effective processes in family group conferences. They discuss topics such as:<\/p>\n<ul>\n<li>What does it take to achieve collaboration that leads to solutions?<\/li>\n<li>How can you get started if you want to learn this method?<\/li>\n<\/ul>\n<p>With practical advice and real-life experiences from the field, this episode offers valuable inspiration and knowledge for anyone working with or curious about family group conferences.<\/p>\n<p><strong>Listen to the episode to learn more about:<\/strong><\/p>\n<ul>\n<li>The coordinator&#8217;s responsibilities and role in the process.<\/li>\n<li>How to build trust and create a safe framework for family group conferences.<\/li>\n<li>Tips and advice for becoming a skilled family group conference coordinator.<\/li>\n<\/ul>\n<p>This is an episode for everyone looking to better understand collaboration and solutions in challenging family situations.<\/p>\n<p>Randi Mortveit, Seniorr\u00e5dgiver Bufetat<\/p>\n<p>Egil Sandgren, Familier\u00e5dskoordinator<\/p>\n<p>Wenche Hovland, F\u00f8rsteamanuensis ved Institutt for sosialfag, UiS<\/p>\n<p><u>Editor:<\/u>\u00a0<\/p>\n<p>Wenche Hovland and<br \/>Sarah Hean University of Stavanger, Norway\u00a0<\/p>\n<p><a href=\"https:\/\/podcast.uis.no\/media\/kafe_student\/familierad_Egil_og_Randi_1.pdf\" target=\"_blank\" rel=\"noreferrer noopener\" data-type=\"URL\" data-id=\"https:\/\/podcast.uis.no\/media\/Nakne_tall\/transkripsjoner\/E9_Hvorfor_er_statistikk_vanskelig_transkripsjon.pdf\">Du finner transkripsjon av episoden her (pdf, \u00e5pnes i nytt vindu).<\/a><\/p>\n<div class=\"powerpress_player\" id=\"powerpress_player_4364\"><audio class=\"wp-audio-shortcode\" id=\"audio-4257-1\" preload=\"none\" style=\"width: 100%;\" controls=\"controls\"><source type=\"audio\/mpeg\" src=\"https:\/\/media.blubrry.com\/erasmus_enfermera_espaola\/dts.podtrac.com\/redirect.mp3\/podcast.uis.no\/media\/kafe_student\/familierad_Egil_og_Randi_1.mp3?_=1\" \/><a href=\"https:\/\/media.blubrry.com\/erasmus_enfermera_espaola\/dts.podtrac.com\/redirect.mp3\/podcast.uis.no\/media\/kafe_student\/familierad_Egil_og_Randi_1.mp3\">https:\/\/media.blubrry.com\/erasmus_enfermera_espaola\/dts.podtrac.com\/redirect.mp3\/podcast.uis.no\/media\/kafe_student\/familierad_Egil_og_Randi_1.mp3<\/a><\/audio><\/div><p class=\"powerpress_links powerpress_links_mp3\" style=\"margin-bottom: 1px !important;\">Podcast: <a href=\"https:\/\/media.blubrry.com\/erasmus_enfermera_espaola\/dts.podtrac.com\/redirect.mp3\/podcast.uis.no\/media\/kafe_student\/familierad_Egil_og_Randi_1.mp3\" class=\"powerpress_link_pinw\" target=\"_blank\" title=\"Play in new window\" onclick=\"return powerpress_pinw('https:\/\/nettop.guru\/wordpress\/?powerpress_pinw=4257-podcast');\" rel=\"nofollow\">Play in new window<\/a> | <a href=\"https:\/\/media.blubrry.com\/erasmus_enfermera_espaola\/dts.podtrac.com\/redirect.mp3\/podcast.uis.no\/media\/kafe_student\/familierad_Egil_og_Randi_1.mp3\" class=\"powerpress_link_d\" title=\"Download\" rel=\"nofollow\" download=\"familierad_Egil_og_Randi_1.mp3\">Download<\/a> (Duration: 37:05 &#8212; 33.2MB) | <a href=\"#\" class=\"powerpress_link_e\" title=\"Embed\" onclick=\"return powerpress_show_embed('4257-podcast');\" rel=\"nofollow\">Embed<\/a><\/p><p class=\"powerpress_embed_box\" id=\"powerpress_embed_4257-podcast\" style=\"display: none;\"><input id=\"powerpress_embed_4257-podcast_t\" type=\"text\" value=\"&lt;iframe width=&quot;320&quot; height=&quot;30&quot; src=&quot;https:\/\/nettop.guru\/wordpress\/?powerpress_embed=4257-podcast&amp;amp;powerpress_player=mediaelement-audio&quot; title=&quot;Blubrry Podcast Player&quot; frameborder=&quot;0&quot; scrolling=&quot;no&quot;&gt;&lt;\/iframe&gt;\" onclick=\"javascript: this.select();\" onfocus=\"javascript: this.select();\" style=\"width: 70%;\" readOnly><\/p><p class=\"powerpress_links powerpress_subscribe_links\">Subscribe: <a href=\"https:\/\/subscribebyemail.com\/nettop.guru\/wordpress\/feed\/podcast\/\" class=\"powerpress_link_subscribe powerpress_link_subscribe_email\" target=\"_blank\" title=\"Subscribe by Email\" rel=\"nofollow\">Email<\/a> | <a href=\"https:\/\/nettop.guru\/wordpress\/feed\/podcast\/\" class=\"powerpress_link_subscribe powerpress_link_subscribe_rss\" target=\"_blank\" title=\"Subscribe via RSS\" rel=\"nofollow\">RSS<\/a> | <a href=\"https:\/\/nettop.guru\/wordpress\/\" class=\"powerpress_link_subscribe powerpress_link_subscribe_more\" target=\"_blank\" title=\"More\" rel=\"nofollow\">More<\/a><\/p><!--powerpress_player-->","protected":false},"excerpt":{"rendered":"<p>I denne episoden utforsker vi koordinatorens avgj\u00f8rende rolle i familier\u00e5dslag.Egil Sandgren, med 17 \u00e5rs erfaring som koordinator, og Randi Mortveit fra Bufetat, som driver oppl\u00e6ring i metoden, deler innsikt og erfaringer fra arbeidet med \u00e5 legge til rette for gode <span class=\"readmore\"><a href=\"https:\/\/nettop.guru\/wordpress\/koordinatorens-rolle-i-familietad-nokkelen-til-samarbeid-og-losninger\/\">Les mer &#8230;<\/a><\/span><\/p>\n","protected":false},"author":5,"featured_media":3532,"comment_status":"closed","ping_status":"closed","sticky":false,"template":"","format":"standard","meta":{"jetpack_post_was_ever_published":false,"_jetpack_newsletter_access":"","_jetpack_dont_email_post_to_subs":false,"_jetpack_newsletter_tier_id":0,"_jetpack_memberships_contains_paywalled_content":false,"_jetpack_memberships_contains_paid_content":false,"footnotes":"","jetpack_publicize_message":"","jetpack_publicize_feature_enabled":true,"jetpack_social_post_already_shared":true,"jetpack_social_options":{"image_generator_settings":{"template":"highway","default_image_id":0,"font":"","enabled":false},"version":2}},"categories":[1595],"tags":[],"class_list":["post-4257","post","type-post","status-publish","format-standard","has-post-thumbnail","hentry","category-kafe-student"],"jetpack_publicize_connections":[],"jetpack_featured_media_url":"https:\/\/i0.wp.com\/nettop.guru\/wordpress\/wp-content\/uploads\/2023\/04\/KafeStudent_440x300px.png?fit=440%2C300&ssl=1","jetpack_sharing_enabled":true,"jetpack_shortlink":"https:\/\/wp.me\/p7OAJ5-16F","jetpack-related-posts":[{"id":3572,"url":"https:\/\/nettop.guru\/wordpress\/11-familieradslag-med-randi-mortveit\/","url_meta":{"origin":4257,"position":0},"title":"11. Familier\u00e5dslag med Randi Mortveit","author":"NettOp UiS","date":"15\/05\/2023","format":false,"excerpt":"Familier\u00e5d gir barn, unge og familier mulighet til \u00e5 selv l\u00f8se problemer og utfordringer de st\u00e5r i. Metoden gir gode rammer for medvirkning, empowerment og opplevelse av sammenheng. Familier\u00e5d er en metode som i hovedsak brukes i barnevernet i Norge. I podcasten snakker vi om metoden og verdigrunnlaget. Vi kommer\u2026","rel":"","context":"In &quot;Kaf\u00e9 Sosial&quot;","block_context":{"text":"Kaf\u00e9 Sosial","link":"https:\/\/nettop.guru\/wordpress\/category\/kafe-sosial\/"},"img":{"alt_text":"","src":"https:\/\/i0.wp.com\/nettop.guru\/wordpress\/wp-content\/uploads\/2022\/09\/KafeSosial_Podcast_440x300px.png?fit=440%2C300&ssl=1&resize=350%2C200","width":350,"height":200},"classes":[]},{"id":4744,"url":"https:\/\/nettop.guru\/wordpress\/episode-2-prosjekt-verdi-og-glenns-erfaring-som-medforsker\/","url_meta":{"origin":4257,"position":1},"title":"Episode 2 \u2013 Prosjekt VERDI og Glenns erfaring som medforsker","author":"NettOp UiS","date":"22\/12\/2025","format":false,"excerpt":"I denne episoden av Matematikk for livet m\u00f8ter vi Glenn og hans mor og st\u00f8ttekontakt Hege. Samtalen viser hvordan Glenn, gjennom egne erfaringer, har oppdaget at matematikk ikke bare er noe som finnes i skoleb\u00f8kene, men i alt han gj\u00f8r i hverdagen \u2013 fra praktiske oppgaver og arbeidssituasjoner til interessene\u2026","rel":"","context":"In &quot;Matematikk for livet&quot;","block_context":{"text":"Matematikk for livet","link":"https:\/\/nettop.guru\/wordpress\/category\/matematikk-for-livet\/"},"img":{"alt_text":"","src":"https:\/\/i0.wp.com\/nettop.guru\/wordpress\/wp-content\/uploads\/2025\/12\/Matematikk_for_livet_UiS_logo_Podcast_440x300px_mal-copy.png?fit=440%2C300&ssl=1&resize=350%2C200","width":350,"height":200},"classes":[]},{"id":3975,"url":"https:\/\/nettop.guru\/wordpress\/episode-24-skulen-sitt-forste-mote-med-elevar-og-foresette\/","url_meta":{"origin":4257,"position":2},"title":"Episode 24: Skulen sitt f\u00f8rste m\u00f8te med elevar og f\u00f8resette","author":"NettOp UiS","date":"13\/05\/2024","format":false,"excerpt":"I desse dagar er det mange 5-6-\u00e5ringar som vitjar skulen dei skal byrje p\u00e5 i haust. Dei er sj\u00f8lvsagt spente p\u00e5 kva skulen eigentleg er, og kva det \u00e5 byrje p\u00e5 skulen faktisk inneber. Men det er ikkje berre borna som skal byrje p\u00e5 skulen til hausten som er spente.\u2026","rel":"","context":"In &quot;L\u00e6ringsmilj\u00f8 i skole og barnehage&quot;","block_context":{"text":"L\u00e6ringsmilj\u00f8 i skole og barnehage","link":"https:\/\/nettop.guru\/wordpress\/category\/laeringsmiljo-i-skole-og-barnehage\/"},"img":{"alt_text":"","src":"https:\/\/i0.wp.com\/nettop.guru\/wordpress\/wp-content\/uploads\/2023\/01\/Laringsmiljosenteret_LiSkoleBhge_440x300.jpg?fit=440%2C300&ssl=1&resize=350%2C200","width":350,"height":200},"classes":[]},{"id":4783,"url":"https:\/\/nettop.guru\/wordpress\/episode-6-nar-matematikk-gir-mestring-glenn-som-medforsker\/","url_meta":{"origin":4257,"position":3},"title":"Episode 6 \u2013 N\u00e5r matematikk gir mestring \u2013 Glenn som medforsker","author":"NettOp UiS","date":"02\/02\/2026","format":false,"excerpt":"I denne episoden av Matematikk for livet m\u00f8ter vi Glenn Knudsen, en av medforskerne i prosjektet VERDI. Glenn jobber p\u00e5 Rema 1000 og deler hvordan han bruker matematikk i arbeid og fritid \u2013 n\u00e5r han estimerer mengder, organiserer varer, planlegger tid, lager mat og bygger LEGO-skip. Gjennom samtalen f\u00e5r vi\u2026","rel":"","context":"In &quot;Matematikk for livet&quot;","block_context":{"text":"Matematikk for livet","link":"https:\/\/nettop.guru\/wordpress\/category\/matematikk-for-livet\/"},"img":{"alt_text":"","src":"https:\/\/i0.wp.com\/nettop.guru\/wordpress\/wp-content\/uploads\/2025\/12\/Matematikk_for_livet_UiS_logo_Podcast_440x300px_mal-copy.png?fit=440%2C300&ssl=1&resize=350%2C200","width":350,"height":200},"classes":[]},{"id":4741,"url":"https:\/\/nettop.guru\/wordpress\/episode-1-hvorfor-matematikk-bor-vaere-for-alle\/","url_meta":{"origin":4257,"position":4},"title":"Episode 1 \u2013 Hvorfor matematikk b\u00f8r v\u00e6re for alle","author":"NettOp UiS","date":"17\/12\/2025","format":false,"excerpt":"Denne f\u00f8rste episoden av Matematikk for livet \u00f8nsker Francesca Granone lytterne velkommen inn i prosjektet VERDI og forklarer hvorfor matematikk i hverdagen ang\u00e5r oss alle \u2013 uansett alder eller utviklingsprofil. Episoden l\u00f8fter tre hovedtemaer:\u2022 hvorfor matematikk er n\u00f8dvendig for \u00e5 mestre livet,\u2022 hvorfor noen opplever ekstra utfordringer i \u00e5 forst\u00e5\u2026","rel":"","context":"In &quot;Matematikk for livet&quot;","block_context":{"text":"Matematikk for livet","link":"https:\/\/nettop.guru\/wordpress\/category\/matematikk-for-livet\/"},"img":{"alt_text":"","src":"https:\/\/i0.wp.com\/nettop.guru\/wordpress\/wp-content\/uploads\/2025\/12\/Matematikk_for_livet_UiS_logo_Podcast_440x300px_mal-copy.png?fit=440%2C300&ssl=1&resize=350%2C200","width":350,"height":200},"classes":[]},{"id":4571,"url":"https:\/\/nettop.guru\/wordpress\/ikke-bare-en-aksent-erfaringer-fra-studenter-med-norsk-som-andresprak\/","url_meta":{"origin":4257,"position":5},"title":"Ikke bare en aksent: Erfaringer fra studenter med norsk som andrespr\u00e5k","author":"NettOp UiS","date":"14\/07\/2025","format":false,"excerpt":"Hvordan er det \u00e5 studere barnevern n\u00e5r norsk ikke er morsm\u00e5let ditt? I denne episoden m\u00f8ter vi N2-studenter som deler sine erfaringer med \u00e5 ta en h\u00f8yere utdanning p\u00e5 et nytt spr\u00e5k \u2013 og ikke minst, med \u00e5 utdanne seg til et yrke som krever b\u00e5de faglig trygghet og spr\u00e5klig\u2026","rel":"","context":"In &quot;Kaf\u00e9 Student&quot;","block_context":{"text":"Kaf\u00e9 Student","link":"https:\/\/nettop.guru\/wordpress\/category\/kafe-student\/"},"img":{"alt_text":"","src":"https:\/\/i0.wp.com\/nettop.guru\/wordpress\/wp-content\/uploads\/2023\/04\/KafeStudent_440x300px.png?fit=440%2C300&ssl=1&resize=350%2C200","width":350,"height":200},"classes":[]}],"_links":{"self":[{"href":"https:\/\/nettop.guru\/wordpress\/wp-json\/wp\/v2\/posts\/4257","targetHints":{"allow":["GET"]}}],"collection":[{"href":"https:\/\/nettop.guru\/wordpress\/wp-json\/wp\/v2\/posts"}],"about":[{"href":"https:\/\/nettop.guru\/wordpress\/wp-json\/wp\/v2\/types\/post"}],"author":[{"embeddable":true,"href":"https:\/\/nettop.guru\/wordpress\/wp-json\/wp\/v2\/users\/5"}],"replies":[{"embeddable":true,"href":"https:\/\/nettop.guru\/wordpress\/wp-json\/wp\/v2\/comments?post=4257"}],"version-history":[{"count":3,"href":"https:\/\/nettop.guru\/wordpress\/wp-json\/wp\/v2\/posts\/4257\/revisions"}],"predecessor-version":[{"id":4293,"href":"https:\/\/nettop.guru\/wordpress\/wp-json\/wp\/v2\/posts\/4257\/revisions\/4293"}],"wp:featuredmedia":[{"embeddable":true,"href":"https:\/\/nettop.guru\/wordpress\/wp-json\/wp\/v2\/media\/3532"}],"wp:attachment":[{"href":"https:\/\/nettop.guru\/wordpress\/wp-json\/wp\/v2\/media?parent=4257"}],"wp:term":[{"taxonomy":"category","embeddable":true,"href":"https:\/\/nettop.guru\/wordpress\/wp-json\/wp\/v2\/categories?post=4257"},{"taxonomy":"post_tag","embeddable":true,"href":"https:\/\/nettop.guru\/wordpress\/wp-json\/wp\/v2\/tags?post=4257"}],"curies":[{"name":"wp","href":"https:\/\/api.w.org\/{rel}","templated":true}]}}