{"id":4322,"date":"2025-02-10T10:21:41","date_gmt":"2025-02-10T09:21:41","guid":{"rendered":"https:\/\/nettop.guru\/wordpress\/?p=4322"},"modified":"2025-02-10T10:21:43","modified_gmt":"2025-02-10T09:21:43","slug":"drukner-elevene-i-informasjonsmengden","status":"publish","type":"post","link":"https:\/\/nettop.guru\/wordpress\/drukner-elevene-i-informasjonsmengden\/","title":{"rendered":"Drukner elevene i informasjonsmengden?"},"content":{"rendered":"\n<p>I denne episoden diskuterer vi medie bevissthet i skolen og hvordan elever skal forholde seg til den \u00f8kende informasjonsmengden i samfunnet.<\/p>\n<p><a href=\"http:\/\/podcast.uis.no\/media\/fremtidens_klasserom\/DDV_drukner.pdf\" target=\"_blank\" rel=\"noopener\">Transkripsjon av episoden<\/a><\/p>\n<div class=\"powerpress_player\" id=\"powerpress_player_9398\"><audio class=\"wp-audio-shortcode\" id=\"audio-4322-1\" preload=\"none\" style=\"width: 100%;\" controls=\"controls\"><source type=\"audio\/mpeg\" src=\"https:\/\/media.blubrry.com\/erasmus_enfermera_espaola\/dts.podtrac.com\/redirect.mp3\/podcast.uis.no\/media\/fremtidens_klasserom\/Drukner_elevene.mp3?_=1\" \/><a href=\"https:\/\/media.blubrry.com\/erasmus_enfermera_espaola\/dts.podtrac.com\/redirect.mp3\/podcast.uis.no\/media\/fremtidens_klasserom\/Drukner_elevene.mp3\">https:\/\/media.blubrry.com\/erasmus_enfermera_espaola\/dts.podtrac.com\/redirect.mp3\/podcast.uis.no\/media\/fremtidens_klasserom\/Drukner_elevene.mp3<\/a><\/audio><\/div><p class=\"powerpress_links powerpress_links_mp3\" style=\"margin-bottom: 1px !important;\">Podcast: <a href=\"https:\/\/media.blubrry.com\/erasmus_enfermera_espaola\/dts.podtrac.com\/redirect.mp3\/podcast.uis.no\/media\/fremtidens_klasserom\/Drukner_elevene.mp3\" class=\"powerpress_link_pinw\" target=\"_blank\" title=\"Play in new window\" onclick=\"return powerpress_pinw('https:\/\/nettop.guru\/wordpress\/?powerpress_pinw=4322-podcast');\" rel=\"nofollow\">Play in new window<\/a> | <a href=\"https:\/\/media.blubrry.com\/erasmus_enfermera_espaola\/dts.podtrac.com\/redirect.mp3\/podcast.uis.no\/media\/fremtidens_klasserom\/Drukner_elevene.mp3\" class=\"powerpress_link_d\" title=\"Download\" rel=\"nofollow\" download=\"Drukner_elevene.mp3\">Download<\/a> (Duration: 14:47 &#8212; 20.3MB) | <a href=\"#\" class=\"powerpress_link_e\" title=\"Embed\" onclick=\"return powerpress_show_embed('4322-podcast');\" rel=\"nofollow\">Embed<\/a><\/p><p class=\"powerpress_embed_box\" id=\"powerpress_embed_4322-podcast\" style=\"display: none;\"><input id=\"powerpress_embed_4322-podcast_t\" type=\"text\" value=\"&lt;iframe width=&quot;320&quot; height=&quot;30&quot; src=&quot;https:\/\/nettop.guru\/wordpress\/?powerpress_embed=4322-podcast&amp;amp;powerpress_player=mediaelement-audio&quot; title=&quot;Blubrry Podcast Player&quot; frameborder=&quot;0&quot; scrolling=&quot;no&quot;&gt;&lt;\/iframe&gt;\" onclick=\"javascript: this.select();\" onfocus=\"javascript: this.select();\" style=\"width: 70%;\" readOnly><\/p><p class=\"powerpress_links powerpress_subscribe_links\">Subscribe: <a href=\"https:\/\/subscribebyemail.com\/nettop.guru\/wordpress\/feed\/podcast\/\" class=\"powerpress_link_subscribe powerpress_link_subscribe_email\" target=\"_blank\" title=\"Subscribe by Email\" rel=\"nofollow\">Email<\/a> | <a href=\"https:\/\/nettop.guru\/wordpress\/feed\/podcast\/\" class=\"powerpress_link_subscribe powerpress_link_subscribe_rss\" target=\"_blank\" title=\"Subscribe via RSS\" rel=\"nofollow\">RSS<\/a> | <a href=\"https:\/\/nettop.guru\/wordpress\/\" class=\"powerpress_link_subscribe powerpress_link_subscribe_more\" target=\"_blank\" title=\"More\" rel=\"nofollow\">More<\/a><\/p><!--powerpress_player-->","protected":false},"excerpt":{"rendered":"<p>I denne episoden diskuterer vi medie bevissthet i skolen og hvordan elever skal forholde seg til den \u00f8kende informasjonsmengden i samfunnet. Transkripsjon av episoden https:\/\/media.blubrry.com\/erasmus_enfermera_espaola\/dts.podtrac.com\/redirect.mp3\/podcast.uis.no\/media\/fremtidens_klasserom\/Drukner_elevene.mp3 Podcast: Play in new window | Download (Duration: 14:47 &#8212; 20.3MB) | Embed Subscribe: Email <span class=\"readmore\"><a href=\"https:\/\/nettop.guru\/wordpress\/drukner-elevene-i-informasjonsmengden\/\">Les mer &#8230;<\/a><\/span><\/p>\n","protected":false},"author":5,"featured_media":4215,"comment_status":"closed","ping_status":"closed","sticky":false,"template":"","format":"standard","meta":{"jetpack_post_was_ever_published":false,"_jetpack_newsletter_access":"","_jetpack_dont_email_post_to_subs":false,"_jetpack_newsletter_tier_id":0,"_jetpack_memberships_contains_paywalled_content":false,"_jetpack_memberships_contains_paid_content":false,"footnotes":"","jetpack_publicize_message":"","jetpack_publicize_feature_enabled":true,"jetpack_social_post_already_shared":true,"jetpack_social_options":{"image_generator_settings":{"template":"highway","default_image_id":0,"font":"","enabled":false},"version":2}},"categories":[1314],"tags":[47,532,728,1238,1658,2187],"class_list":["post-4322","post","type-post","status-publish","format-standard","has-post-thumbnail","hentry","category-fremtidensklasserom","tag-uis","tag-laerer","tag-elever","tag-ddv","tag-laererlivet","tag-mediebevissthet"],"jetpack_publicize_connections":[],"jetpack_featured_media_url":"https:\/\/i0.wp.com\/nettop.guru\/wordpress\/wp-content\/uploads\/2024\/11\/DDVFremtidensKlasserom2024_440x300px.png?fit=440%2C300&ssl=1","jetpack_sharing_enabled":true,"jetpack_shortlink":"https:\/\/wp.me\/p7OAJ5-17I","jetpack-related-posts":[{"id":4757,"url":"https:\/\/nettop.guru\/wordpress\/episode-17-elever-i-laererrollen\/","url_meta":{"origin":4322,"position":0},"title":"Episode 17: Elever i l\u00e6rerrollen","author":"NettOp UiS","date":"13\/01\/2026","format":false,"excerpt":"Tanu Biswas, f\u00f8rsteamanuensis i pedagogikk ved Universitetet i Stavanger, og Trine Abbedissen, kontakt- og dramal\u00e6rer ved Harestad skole i Randaberg, deler erfaringer fra et unikt prosjekt der\u00a0 grunnskoleelever bes\u00f8kte UiS campus og underviste l\u00e6rerstudenter i drama. Sammen med Alessandro reflekterer de over elevmedvirkning og det filosofiske perspektivet \u00abchildism\u00bb. De l\u00e6rere\u2026","rel":"","context":"In &quot;Refill&quot;","block_context":{"text":"Refill","link":"https:\/\/nettop.guru\/wordpress\/category\/refill-en-podkast-om-religion-filosofi-og-livssyn\/"},"img":{"alt_text":"","src":"https:\/\/i0.wp.com\/nettop.guru\/wordpress\/wp-content\/uploads\/2024\/12\/UiS_REFILL_Podcast_440x300px.png?fit=440%2C300&ssl=1&resize=350%2C200","width":350,"height":200},"classes":[]},{"id":4278,"url":"https:\/\/nettop.guru\/wordpress\/forskning-pa-relasjoner-mellom-laerere-og-elever\/","url_meta":{"origin":4322,"position":1},"title":"Forskning p\u00e5 relasjoner mellom l\u00e6rere og elever","author":"NettOp UiS","date":"13\/01\/2025","format":false,"excerpt":"Dagens tema er forskning p\u00e5 relasjoner mellom l\u00e6rere og elever. Hva vet vi? Hva blir viktig \u00e5 unders\u00f8ke framover? Hvordan kan kunnskapen v\u00e6re nyttig for l\u00e6rere? Og: Hva har denne forskningen \u00e5 si for videreutvikling av skole? Professor Elaine Munthe intervjuer Robert C. Pianta, en av verdens fremste utdanningsforskere, og\u2026","rel":"","context":"In &quot;Oppsummert kunnskap&quot;","block_context":{"text":"Oppsummert kunnskap","link":"https:\/\/nettop.guru\/wordpress\/category\/oppsummert-kunnskap\/"},"img":{"alt_text":"","src":"https:\/\/i0.wp.com\/nettop.guru\/wordpress\/wp-content\/uploads\/2021\/06\/Podkast_KSU_OppsummertKunnskap_440x300.jpg?fit=440%2C300&ssl=1&resize=350%2C200","width":350,"height":200},"classes":[]},{"id":3964,"url":"https:\/\/nettop.guru\/wordpress\/robust-som-viktig-tiltak-i-skolen\/","url_meta":{"origin":4322,"position":2},"title":"ROBUST som viktig tiltak i skolen","author":"NettOp UiS","date":"19\/04\/2024","format":false,"excerpt":"I samtale med professor Terje Ogden fra NUBU og professor Edvin Bru fra L\u00e6ringsmilj\u00f8senteret ved UiS, reflekterer f\u00f8rsteamanuensis Kjersti B. Tharaldsen over tiltaket ROBUST etter endt gjennomf\u00f8ring p\u00e5 ungdomstrinnet. Hvor langt har vi kommet, hvile erfaringer har vi gjort, og hva er egentlig behovet for sosial og emosjonell kompetanse blant\u2026","rel":"","context":"In &quot;ROBUST&quot;","block_context":{"text":"ROBUST","link":"https:\/\/nettop.guru\/wordpress\/category\/robust\/"},"img":{"alt_text":"","src":"https:\/\/i0.wp.com\/nettop.guru\/wordpress\/wp-content\/uploads\/2022\/11\/ROBUST-podkast-440x300-px.jpg?fit=440%2C300&ssl=1&resize=350%2C200","width":350,"height":200},"classes":[]},{"id":3666,"url":"https:\/\/nettop.guru\/wordpress\/engasjerende-undervisning\/","url_meta":{"origin":4322,"position":3},"title":"Premiere!","author":"NettOp UiS","date":"26\/09\/2023","format":false,"excerpt":"Engasjerte elever som er aktive deltakere i egen l\u00e6ring er dr\u00f8mmen for mange l\u00e6rere. I denne nye podkastserien tar vi et dypdykk i hva engasjement egentlig handler om. \u00a0 Deltakere i denne episoden: Professor Oddny Judith Solheim (Institutt for grunnskolel\u00e6rerutdanning, idrett og spesialpedagogikk) og programleder Elisabeth Rongved (Lesesenteret), Universitetet i\u2026","rel":"","context":"In &quot;Engasjerende undervisning&quot;","block_context":{"text":"Engasjerende undervisning","link":"https:\/\/nettop.guru\/wordpress\/category\/engasjerende-undervisning\/"},"img":{"alt_text":"","src":"https:\/\/i0.wp.com\/nettop.guru\/wordpress\/wp-content\/uploads\/2023\/09\/EngasjerendeUndervisningLesesenteret440x300.png?fit=440%2C300&ssl=1&resize=350%2C200","width":350,"height":200},"classes":[]},{"id":3827,"url":"https:\/\/nettop.guru\/wordpress\/kan-et-enkelt-grep-engasjere-elevene-mer-i-teksten\/","url_meta":{"origin":4322,"position":4},"title":"9. Kan et enkelt grep engasjere elevene mer i teksten?","author":"NettOp UiS","date":"13\/12\/2023","format":false,"excerpt":"B\u00e5de forskere og l\u00e6rere har latt seg overraske over et enkelt grep som engasjerer elever p\u00e5 alle ferdighetsniv\u00e5 i tekstene de skal lese p\u00e5 skolen. I denne episoden forteller f\u00f8rsteamanuensis Aslaug Fodstad Gourvennec hva dette handler om. Og vi har en oppfordring til lytterne! Du finner transkripsjon av episoden her\u2026","rel":"","context":"In &quot;Engasjerende undervisning&quot;","block_context":{"text":"Engasjerende undervisning","link":"https:\/\/nettop.guru\/wordpress\/category\/engasjerende-undervisning\/"},"img":{"alt_text":"","src":"https:\/\/i0.wp.com\/nettop.guru\/wordpress\/wp-content\/uploads\/2023\/09\/EngasjerendeUndervisningLesesenteret440x300.png?fit=440%2C300&ssl=1&resize=350%2C200","width":350,"height":200},"classes":[]},{"id":4765,"url":"https:\/\/nettop.guru\/wordpress\/hva-handler-egentlig-gode-relasjoner-mellom-laerere-og-elever-om\/","url_meta":{"origin":4322,"position":5},"title":"Episode 18: Hva handler egentlig gode relasjoner mellom l\u00e6rere og elever om?","author":"NettOp UiS","date":"22\/01\/2026","format":false,"excerpt":"Gode relasjoner mellom l\u00e6rere og elever blir ofte omtalt som n\u00f8kkelen til trivsel og l\u00e6ring i skolen. Likevel snakkes det lite om hvordan slike relasjoner skapes i virkeligheten. I denne episoden m\u00f8ter vi \u00d8ystein Nyb\u00f8e, som skriver doktorgrad ved UiS om nettopp dette temaet. Med utgangspunkt i den tyske filosofen\u2026","rel":"","context":"In &quot;Refill&quot;","block_context":{"text":"Refill","link":"https:\/\/nettop.guru\/wordpress\/category\/refill-en-podkast-om-religion-filosofi-og-livssyn\/"},"img":{"alt_text":"","src":"https:\/\/i0.wp.com\/nettop.guru\/wordpress\/wp-content\/uploads\/2024\/12\/UiS_REFILL_Podcast_440x300px.png?fit=440%2C300&ssl=1&resize=350%2C200","width":350,"height":200},"classes":[]}],"_links":{"self":[{"href":"https:\/\/nettop.guru\/wordpress\/wp-json\/wp\/v2\/posts\/4322","targetHints":{"allow":["GET"]}}],"collection":[{"href":"https:\/\/nettop.guru\/wordpress\/wp-json\/wp\/v2\/posts"}],"about":[{"href":"https:\/\/nettop.guru\/wordpress\/wp-json\/wp\/v2\/types\/post"}],"author":[{"embeddable":true,"href":"https:\/\/nettop.guru\/wordpress\/wp-json\/wp\/v2\/users\/5"}],"replies":[{"embeddable":true,"href":"https:\/\/nettop.guru\/wordpress\/wp-json\/wp\/v2\/comments?post=4322"}],"version-history":[{"count":1,"href":"https:\/\/nettop.guru\/wordpress\/wp-json\/wp\/v2\/posts\/4322\/revisions"}],"predecessor-version":[{"id":4323,"href":"https:\/\/nettop.guru\/wordpress\/wp-json\/wp\/v2\/posts\/4322\/revisions\/4323"}],"wp:featuredmedia":[{"embeddable":true,"href":"https:\/\/nettop.guru\/wordpress\/wp-json\/wp\/v2\/media\/4215"}],"wp:attachment":[{"href":"https:\/\/nettop.guru\/wordpress\/wp-json\/wp\/v2\/media?parent=4322"}],"wp:term":[{"taxonomy":"category","embeddable":true,"href":"https:\/\/nettop.guru\/wordpress\/wp-json\/wp\/v2\/categories?post=4322"},{"taxonomy":"post_tag","embeddable":true,"href":"https:\/\/nettop.guru\/wordpress\/wp-json\/wp\/v2\/tags?post=4322"}],"curies":[{"name":"wp","href":"https:\/\/api.w.org\/{rel}","templated":true}]}}