{"id":4394,"date":"2025-03-10T13:26:36","date_gmt":"2025-03-10T12:26:36","guid":{"rendered":"https:\/\/nettop.guru\/wordpress\/?p=4394"},"modified":"2025-03-11T07:35:35","modified_gmt":"2025-03-11T06:35:35","slug":"introducing-support4resilience","status":"publish","type":"post","link":"https:\/\/nettop.guru\/wordpress\/introducing-support4resilience\/","title":{"rendered":"Introducing Support4Resilience"},"content":{"rendered":"\n<p><span class=\"apple-converted-space\">In this first episode of <\/span><span class=\"apple-converted-space\"><span lang=\"EN-US\">Supporting<\/span><\/span><span class=\"apple-converted-space\"> Resilience <\/span><span class=\"apple-converted-space\"><span lang=\"EN-US\">in Healthcare<\/span><\/span><span class=\"apple-converted-space\">, we introduce the Support4Resilience project\u2014an EU-funded initiative dedicated to strengthening resilience and mental wellbeing in elderly care. Host Shalini Fr\u00f8iland speaks with Professor Siri Wiig, the project\u2019s Principal Investigator, about the urgent challenges facing healthcare workers, caregivers, and leaders. They discuss workforce shortages, burnout, and the need for practical solutions. Tune in to learn how this project aims to make a lasting impact through its innovative Support4Resilience Toolbox and what success will look like by 2028<\/span><span class=\"apple-converted-space\"><span lang=\"EN-US\">. <\/span><\/span><\/p>\n<p><span class=\"apple-converted-space\"><span lang=\"EN-US\">Website: <a title=\"https:\/\/support4resilience.eu\/\" href=\"https:\/\/support4resilience.eu\/\">https:\/\/support4resilience.eu\/<\/a><\/span><\/span><\/p>\n<p><a href=\"https:\/\/podcast.uis.no\/media\/Supporting_Resilience_in_Healthcare\/1344.pdf\" target=\"_blank\" rel=\"noopener\">Episode transcript<\/a><\/p>\n<div class=\"powerpress_player\" id=\"powerpress_player_8606\"><audio class=\"wp-audio-shortcode\" id=\"audio-4394-1\" preload=\"none\" style=\"width: 100%;\" controls=\"controls\"><source type=\"audio\/mpeg\" src=\"https:\/\/media.blubrry.com\/erasmus_enfermera_espaola\/dts.podtrac.com\/redirect.mp3\/podcast.uis.no\/media\/Supporting_Resilience_in_Healthcare\/2024_1004_1344_Master.mp3?_=1\" \/><a href=\"https:\/\/media.blubrry.com\/erasmus_enfermera_espaola\/dts.podtrac.com\/redirect.mp3\/podcast.uis.no\/media\/Supporting_Resilience_in_Healthcare\/2024_1004_1344_Master.mp3\">https:\/\/media.blubrry.com\/erasmus_enfermera_espaola\/dts.podtrac.com\/redirect.mp3\/podcast.uis.no\/media\/Supporting_Resilience_in_Healthcare\/2024_1004_1344_Master.mp3<\/a><\/audio><\/div><p class=\"powerpress_links powerpress_links_mp3\" style=\"margin-bottom: 1px !important;\">Podcast: <a href=\"https:\/\/media.blubrry.com\/erasmus_enfermera_espaola\/dts.podtrac.com\/redirect.mp3\/podcast.uis.no\/media\/Supporting_Resilience_in_Healthcare\/2024_1004_1344_Master.mp3\" class=\"powerpress_link_pinw\" target=\"_blank\" title=\"Play in new window\" onclick=\"return powerpress_pinw('https:\/\/nettop.guru\/wordpress\/?powerpress_pinw=4394-podcast');\" rel=\"nofollow\">Play in new window<\/a> | <a href=\"https:\/\/media.blubrry.com\/erasmus_enfermera_espaola\/dts.podtrac.com\/redirect.mp3\/podcast.uis.no\/media\/Supporting_Resilience_in_Healthcare\/2024_1004_1344_Master.mp3\" class=\"powerpress_link_d\" title=\"Download\" rel=\"nofollow\" download=\"2024_1004_1344_Master.mp3\">Download<\/a> (Duration: 29:14 &#8212; 66.9MB) | <a href=\"#\" class=\"powerpress_link_e\" title=\"Embed\" onclick=\"return powerpress_show_embed('4394-podcast');\" rel=\"nofollow\">Embed<\/a><\/p><p class=\"powerpress_embed_box\" id=\"powerpress_embed_4394-podcast\" style=\"display: none;\"><input id=\"powerpress_embed_4394-podcast_t\" type=\"text\" value=\"&lt;iframe width=&quot;320&quot; height=&quot;30&quot; src=&quot;https:\/\/nettop.guru\/wordpress\/?powerpress_embed=4394-podcast&amp;amp;powerpress_player=mediaelement-audio&quot; title=&quot;Blubrry Podcast Player&quot; frameborder=&quot;0&quot; scrolling=&quot;no&quot;&gt;&lt;\/iframe&gt;\" onclick=\"javascript: this.select();\" onfocus=\"javascript: this.select();\" style=\"width: 70%;\" readOnly><\/p><p class=\"powerpress_links powerpress_subscribe_links\">Subscribe: <a href=\"https:\/\/subscribebyemail.com\/nettop.guru\/wordpress\/feed\/podcast\/\" class=\"powerpress_link_subscribe powerpress_link_subscribe_email\" target=\"_blank\" title=\"Subscribe by Email\" rel=\"nofollow\">Email<\/a> | <a href=\"https:\/\/nettop.guru\/wordpress\/feed\/podcast\/\" class=\"powerpress_link_subscribe powerpress_link_subscribe_rss\" target=\"_blank\" title=\"Subscribe via RSS\" rel=\"nofollow\">RSS<\/a> | <a href=\"https:\/\/nettop.guru\/wordpress\/\" class=\"powerpress_link_subscribe powerpress_link_subscribe_more\" target=\"_blank\" title=\"More\" rel=\"nofollow\">More<\/a><\/p><!--powerpress_player-->","protected":false},"excerpt":{"rendered":"<p>In this first episode of Supporting Resilience in Healthcare, we introduce the Support4Resilience project\u2014an EU-funded initiative dedicated to strengthening resilience and mental wellbeing in elderly care. Host Shalini Fr\u00f8iland speaks with Professor Siri Wiig, the project\u2019s Principal Investigator, about the <span class=\"readmore\"><a href=\"https:\/\/nettop.guru\/wordpress\/introducing-support4resilience\/\">Les mer &#8230;<\/a><\/span><\/p>\n","protected":false},"author":5,"featured_media":4327,"comment_status":"closed","ping_status":"closed","sticky":false,"template":"","format":"standard","meta":{"jetpack_post_was_ever_published":false,"_jetpack_newsletter_access":"","_jetpack_dont_email_post_to_subs":false,"_jetpack_newsletter_tier_id":0,"_jetpack_memberships_contains_paywalled_content":false,"_jetpack_memberships_contains_paid_content":false,"footnotes":"","jetpack_publicize_message":"","jetpack_publicize_feature_enabled":true,"jetpack_social_post_already_shared":true,"jetpack_social_options":{"image_generator_settings":{"template":"highway","default_image_id":0,"font":"","enabled":false},"version":2}},"categories":[2191],"tags":[2243,2244,2245,2246,2247,2248,2249,2250,2251,2252,2253],"class_list":["post-4394","post","type-post","status-publish","format-standard","has-post-thumbnail","hentry","category-supporting-resilience-in-healthcare","tag-healthcare-resilience","tag-elderly-care","tag-mental-wellbeing","tag-caregiver-support","tag-healthcare-leadership","tag-support4resilience","tag-workforce-wellbeing","tag-healthcare-innovation","tag-resilient-care","tag-sustainable-healthcare","tag-healthcare-challenges"],"jetpack_publicize_connections":[],"jetpack_featured_media_url":"https:\/\/i0.wp.com\/nettop.guru\/wordpress\/wp-content\/uploads\/2025\/02\/S4R_Podcast_440px.png?fit=440%2C300&ssl=1","jetpack_sharing_enabled":true,"jetpack_shortlink":"https:\/\/wp.me\/p7OAJ5-18S","jetpack-related-posts":[{"id":4415,"url":"https:\/\/nettop.guru\/wordpress\/mapping-healthcare-systems-insights-from-support4resilience\/","url_meta":{"origin":4394,"position":0},"title":"Mapping Healthcare Systems: Insights from Support4Resilience","author":"NettOp UiS","date":"24\/03\/2025","format":false,"excerpt":"\u00a0In this episode, Deputy project manager, Hilda B\u00f8 Lyng talks with Dutch colleagues, Roland Bal and Martijn Felder about how the Support4Resilience project maps and analyzes healthcare systems across countries. They explore key findings, the impact on the S4R Toolbox and Resource Bank, and how this work supports healthcare leaders\u2026","rel":"","context":"In &quot;Supporting Resilience in Healthcare&quot;","block_context":{"text":"Supporting Resilience in Healthcare","link":"https:\/\/nettop.guru\/wordpress\/category\/supporting-resilience-in-healthcare\/"},"img":{"alt_text":"","src":"https:\/\/i0.wp.com\/nettop.guru\/wordpress\/wp-content\/uploads\/2025\/02\/S4R_Podcast_440px.png?fit=440%2C300&ssl=1&resize=350%2C200","width":350,"height":200},"classes":[]},{"id":4403,"url":"https:\/\/nettop.guru\/wordpress\/caring-for-the-caregivers-mental-wellbeing-in-elderly-care\/","url_meta":{"origin":4394,"position":1},"title":"Caring for the Caregivers: Mental Wellbeing in Elderly Care","author":"NettOp UiS","date":"12\/03\/2025","format":false,"excerpt":"\u00a0In the second episode of of Supporting Resilience in Healthcare, we focus on those who actively care for the elderly, both professional and informal caregivers. The discussion between associate professor Daniel Adrian Lungu and PhD candidate Maha Kamran addresses the challenges that caregivers face across Europe and in Norway, investigating\u2026","rel":"","context":"In &quot;Supporting Resilience in Healthcare&quot;","block_context":{"text":"Supporting Resilience in Healthcare","link":"https:\/\/nettop.guru\/wordpress\/category\/supporting-resilience-in-healthcare\/"},"img":{"alt_text":"","src":"https:\/\/i0.wp.com\/nettop.guru\/wordpress\/wp-content\/uploads\/2025\/02\/S4R_Podcast_440px.png?fit=440%2C300&ssl=1&resize=350%2C200","width":350,"height":200},"classes":[]},{"id":4700,"url":"https:\/\/nettop.guru\/wordpress\/rebutting-some-common-ideas-about-risk\/","url_meta":{"origin":4394,"position":2},"title":"Rebutting some common ideas about risk","author":"NettOp UiS","date":"17\/11\/2025","format":false,"excerpt":"Professor Terje Aven is rebutting some common ideas about risk: \u201cRisk is same as risk perception\u201d, \u201cRisk is adequately understood and characterized using quantification, probabilities and numbers\u201d, \u201cResilience needs to be addressed beyond risk\u00a0 -\u00a0 resilience needs more focus than risk\u201d and \u201cGeneric risk science knowledge and guidance are not\u2026","rel":"","context":"In &quot;Fundamental issues in risk science&quot;","block_context":{"text":"Fundamental issues in risk science","link":"https:\/\/nettop.guru\/wordpress\/category\/fundamental-issues-in-risk-science\/"},"img":{"alt_text":"","src":"https:\/\/i0.wp.com\/nettop.guru\/wordpress\/wp-content\/uploads\/2025\/08\/TAven_Podcast_FundamentalRisk_440x300px.png?fit=440%2C300&ssl=1&resize=350%2C200","width":350,"height":200},"classes":[]},{"id":4030,"url":"https:\/\/nettop.guru\/wordpress\/reunifying-children-and-their-birth-families-after-foster-care-in-albania\/","url_meta":{"origin":4394,"position":3},"title":"Reunifying children and their birth families after foster care in Albania","author":"NettOp UiS","date":"01\/07\/2024","format":false,"excerpt":"Professor Sarah Hean talks to Megi Xhumari, social worker in Bethany Social Services, Albania and PhD candidate (University of Tirana), Albania. \u00a0They discuss foster care\u00a0as an innovative service in the Albania context\u00a0and issues of reunification of children\u00a0with birth families when\u00a0taken from institutional into foster care. Professor Sarah Hean snakker med\u2026","rel":"","context":"In &quot;Kaf\u00e9 Sosial&quot;","block_context":{"text":"Kaf\u00e9 Sosial","link":"https:\/\/nettop.guru\/wordpress\/category\/kafe-sosial\/"},"img":{"alt_text":"","src":"https:\/\/i0.wp.com\/nettop.guru\/wordpress\/wp-content\/uploads\/2022\/09\/KafeSosial_Podcast_440x300px.png?fit=440%2C300&ssl=1&resize=350%2C200","width":350,"height":200},"classes":[]},{"id":4492,"url":"https:\/\/nettop.guru\/wordpress\/kan-jeg-bo-hos-deg-om-barn-behov-og-rekruttering-av-fosterhjem\/","url_meta":{"origin":4394,"position":4},"title":"Kan jeg bo hos deg? \u2013 om barn, behov og rekruttering av fosterhjem","author":"NettOp UiS","date":"03\/05\/2025","format":false,"excerpt":"Denne episoden av Kaf\u00e9 Student utforsker fosterhjemsrekruttering \u2013 en sentral, men ofte underkommunisert del av barnevernets arbeid. Hvordan finner vi de varme, stabile og kloke menneskene som kan \u00e5pne hjemmene sine for barn som trenger omsorg? Og hvordan s\u00f8rger vi for at de blir \u2013 og f\u00e5r den st\u00f8tten de\u2026","rel":"","context":"In &quot;Kaf\u00e9 Student&quot;","block_context":{"text":"Kaf\u00e9 Student","link":"https:\/\/nettop.guru\/wordpress\/category\/kafe-student\/"},"img":{"alt_text":"","src":"https:\/\/i0.wp.com\/nettop.guru\/wordpress\/wp-content\/uploads\/2023\/04\/KafeStudent_440x300px.png?fit=440%2C300&ssl=1&resize=350%2C200","width":350,"height":200},"classes":[]},{"id":3569,"url":"https:\/\/nettop.guru\/wordpress\/10-familievernkontoret-samtaleforlop-for-foreldre-som-har-barn-i-institusjon-eller-fosterhjem\/","url_meta":{"origin":4394,"position":5},"title":"10. Familievernkontoret \u2013 Samtaleforl\u00f8p for foreldre som har barn i institusjon eller fosterhjem","author":"NettOp UiS","date":"10\/05\/2023","format":false,"excerpt":"Familievernet har et nasjonalt spisskompetansemilj\u00f8 for foreldreoppf\u00f8lging etter omsorgsovertakelse, som blant annet arbeider med \u00e5 videreutvikle og kvalitetssikre et tilbud til foreldre med barn i fosterhjem eller p\u00e5 institusjon. Heidi Susort og Kristi Jorunn Solheim er to av til sammen fire personer som jobber i dette spisskompetansemilj\u00f8et. De vil i\u2026","rel":"","context":"In &quot;Kaf\u00e9 Sosial&quot;","block_context":{"text":"Kaf\u00e9 Sosial","link":"https:\/\/nettop.guru\/wordpress\/category\/kafe-sosial\/"},"img":{"alt_text":"","src":"https:\/\/i0.wp.com\/nettop.guru\/wordpress\/wp-content\/uploads\/2022\/09\/KafeSosial_Podcast_440x300px.png?fit=440%2C300&ssl=1&resize=350%2C200","width":350,"height":200},"classes":[]}],"_links":{"self":[{"href":"https:\/\/nettop.guru\/wordpress\/wp-json\/wp\/v2\/posts\/4394","targetHints":{"allow":["GET"]}}],"collection":[{"href":"https:\/\/nettop.guru\/wordpress\/wp-json\/wp\/v2\/posts"}],"about":[{"href":"https:\/\/nettop.guru\/wordpress\/wp-json\/wp\/v2\/types\/post"}],"author":[{"embeddable":true,"href":"https:\/\/nettop.guru\/wordpress\/wp-json\/wp\/v2\/users\/5"}],"replies":[{"embeddable":true,"href":"https:\/\/nettop.guru\/wordpress\/wp-json\/wp\/v2\/comments?post=4394"}],"version-history":[{"count":2,"href":"https:\/\/nettop.guru\/wordpress\/wp-json\/wp\/v2\/posts\/4394\/revisions"}],"predecessor-version":[{"id":4398,"href":"https:\/\/nettop.guru\/wordpress\/wp-json\/wp\/v2\/posts\/4394\/revisions\/4398"}],"wp:featuredmedia":[{"embeddable":true,"href":"https:\/\/nettop.guru\/wordpress\/wp-json\/wp\/v2\/media\/4327"}],"wp:attachment":[{"href":"https:\/\/nettop.guru\/wordpress\/wp-json\/wp\/v2\/media?parent=4394"}],"wp:term":[{"taxonomy":"category","embeddable":true,"href":"https:\/\/nettop.guru\/wordpress\/wp-json\/wp\/v2\/categories?post=4394"},{"taxonomy":"post_tag","embeddable":true,"href":"https:\/\/nettop.guru\/wordpress\/wp-json\/wp\/v2\/tags?post=4394"}],"curies":[{"name":"wp","href":"https:\/\/api.w.org\/{rel}","templated":true}]}}