{"id":4403,"date":"2025-03-12T11:25:10","date_gmt":"2025-03-12T10:25:10","guid":{"rendered":"https:\/\/nettop.guru\/wordpress\/?p=4403"},"modified":"2025-03-12T11:25:14","modified_gmt":"2025-03-12T10:25:14","slug":"caring-for-the-caregivers-mental-wellbeing-in-elderly-care","status":"publish","type":"post","link":"https:\/\/nettop.guru\/wordpress\/caring-for-the-caregivers-mental-wellbeing-in-elderly-care\/","title":{"rendered":"Caring for the Caregivers: Mental Wellbeing in Elderly Care"},"content":{"rendered":"\n<p>\u00a0In the second episode of of Supporting Resilience in Healthcare, we focus on those who actively care for the elderly, both professional and informal caregivers. The discussion between associate professor Daniel Adrian Lungu and PhD candidate Maha Kamran addresses the challenges that caregivers face across Europe and in Norway, investigating causes and hypothesising possible future scenarios. The episode sets the ground for the data collected by the Support4Resilience project and findings will be made available in a new episode after the data has been analysed.<\/p>\n<p><a href=\"https:\/\/support4resilience.eu\/\" target=\"_blank\" rel=\"noopener\">Support4resilience website<\/a>\u00a0<\/p>\n<p><a href=\"https:\/\/podcast.uis.no\/media\/Supporting_Resilience_in_Healthcare\/1513.pdf\" target=\"_blank\" rel=\"noopener\">Episode transcript<\/a><\/p>\n<div class=\"powerpress_player\" id=\"powerpress_player_5279\"><audio class=\"wp-audio-shortcode\" id=\"audio-4403-1\" preload=\"none\" style=\"width: 100%;\" controls=\"controls\"><source type=\"audio\/mpeg\" src=\"https:\/\/media.blubrry.com\/erasmus_enfermera_espaola\/dts.podtrac.com\/redirect.mp3\/podcast.uis.no\/media\/Supporting_Resilience_in_Healthcare\/2024_1202_1513_Master.mp3?_=1\" \/><a href=\"https:\/\/media.blubrry.com\/erasmus_enfermera_espaola\/dts.podtrac.com\/redirect.mp3\/podcast.uis.no\/media\/Supporting_Resilience_in_Healthcare\/2024_1202_1513_Master.mp3\">https:\/\/media.blubrry.com\/erasmus_enfermera_espaola\/dts.podtrac.com\/redirect.mp3\/podcast.uis.no\/media\/Supporting_Resilience_in_Healthcare\/2024_1202_1513_Master.mp3<\/a><\/audio><\/div><p class=\"powerpress_links powerpress_links_mp3\" style=\"margin-bottom: 1px !important;\">Podcast: <a href=\"https:\/\/media.blubrry.com\/erasmus_enfermera_espaola\/dts.podtrac.com\/redirect.mp3\/podcast.uis.no\/media\/Supporting_Resilience_in_Healthcare\/2024_1202_1513_Master.mp3\" class=\"powerpress_link_pinw\" target=\"_blank\" title=\"Play in new window\" onclick=\"return powerpress_pinw('https:\/\/nettop.guru\/wordpress\/?powerpress_pinw=4403-podcast');\" rel=\"nofollow\">Play in new window<\/a> | <a href=\"https:\/\/media.blubrry.com\/erasmus_enfermera_espaola\/dts.podtrac.com\/redirect.mp3\/podcast.uis.no\/media\/Supporting_Resilience_in_Healthcare\/2024_1202_1513_Master.mp3\" class=\"powerpress_link_d\" title=\"Download\" rel=\"nofollow\" download=\"2024_1202_1513_Master.mp3\">Download<\/a> (Duration: 20:29 &#8212; 46.9MB) | <a href=\"#\" class=\"powerpress_link_e\" title=\"Embed\" onclick=\"return powerpress_show_embed('4403-podcast');\" rel=\"nofollow\">Embed<\/a><\/p><p class=\"powerpress_embed_box\" id=\"powerpress_embed_4403-podcast\" style=\"display: none;\"><input id=\"powerpress_embed_4403-podcast_t\" type=\"text\" value=\"&lt;iframe width=&quot;320&quot; height=&quot;30&quot; src=&quot;https:\/\/nettop.guru\/wordpress\/?powerpress_embed=4403-podcast&amp;amp;powerpress_player=mediaelement-audio&quot; title=&quot;Blubrry Podcast Player&quot; frameborder=&quot;0&quot; scrolling=&quot;no&quot;&gt;&lt;\/iframe&gt;\" onclick=\"javascript: this.select();\" onfocus=\"javascript: this.select();\" style=\"width: 70%;\" readOnly><\/p><p class=\"powerpress_links powerpress_subscribe_links\">Subscribe: <a href=\"https:\/\/subscribebyemail.com\/nettop.guru\/wordpress\/feed\/podcast\/\" class=\"powerpress_link_subscribe powerpress_link_subscribe_email\" target=\"_blank\" title=\"Subscribe by Email\" rel=\"nofollow\">Email<\/a> | <a href=\"https:\/\/nettop.guru\/wordpress\/feed\/podcast\/\" class=\"powerpress_link_subscribe powerpress_link_subscribe_rss\" target=\"_blank\" title=\"Subscribe via RSS\" rel=\"nofollow\">RSS<\/a> | <a href=\"https:\/\/nettop.guru\/wordpress\/\" class=\"powerpress_link_subscribe powerpress_link_subscribe_more\" target=\"_blank\" title=\"More\" rel=\"nofollow\">More<\/a><\/p><!--powerpress_player-->","protected":false},"excerpt":{"rendered":"<p>\u00a0In the second episode of of Supporting Resilience in Healthcare, we focus on those who actively care for the elderly, both professional and informal caregivers. The discussion between associate professor Daniel Adrian Lungu and PhD candidate Maha Kamran addresses the <span class=\"readmore\"><a href=\"https:\/\/nettop.guru\/wordpress\/caring-for-the-caregivers-mental-wellbeing-in-elderly-care\/\">Les mer &#8230;<\/a><\/span><\/p>\n","protected":false},"author":5,"featured_media":4327,"comment_status":"closed","ping_status":"closed","sticky":false,"template":"","format":"standard","meta":{"jetpack_post_was_ever_published":false,"_jetpack_newsletter_access":"","_jetpack_dont_email_post_to_subs":false,"_jetpack_newsletter_tier_id":0,"_jetpack_memberships_contains_paywalled_content":false,"_jetpack_memberships_contains_paid_content":false,"footnotes":"","jetpack_publicize_message":"","jetpack_publicize_feature_enabled":true,"jetpack_social_post_already_shared":true,"jetpack_social_options":{"image_generator_settings":{"template":"highway","default_image_id":0,"font":"","enabled":false},"version":2}},"categories":[2191],"tags":[47,2243,2246,2251,2262,2263,2264],"class_list":["post-4403","post","type-post","status-publish","format-standard","has-post-thumbnail","hentry","category-supporting-resilience-in-healthcare","tag-uis","tag-healthcare-resilience","tag-caregiver-support","tag-resilient-care","tag-informal-caregiver","tag-caregiver-wellbeing","tag-healthcare"],"jetpack_publicize_connections":[],"jetpack_featured_media_url":"https:\/\/i0.wp.com\/nettop.guru\/wordpress\/wp-content\/uploads\/2025\/02\/S4R_Podcast_440px.png?fit=440%2C300&ssl=1","jetpack_sharing_enabled":true,"jetpack_shortlink":"https:\/\/wp.me\/p7OAJ5-191","jetpack-related-posts":[{"id":4394,"url":"https:\/\/nettop.guru\/wordpress\/introducing-support4resilience\/","url_meta":{"origin":4403,"position":0},"title":"Introducing Support4Resilience","author":"NettOp UiS","date":"10\/03\/2025","format":false,"excerpt":"In this first episode of Supporting Resilience in Healthcare, we introduce the Support4Resilience project\u2014an EU-funded initiative dedicated to strengthening resilience and mental wellbeing in elderly care. Host Shalini Fr\u00f8iland speaks with Professor Siri Wiig, the project\u2019s Principal Investigator, about the urgent challenges facing healthcare workers, caregivers, and leaders. They discuss\u2026","rel":"","context":"In &quot;Supporting Resilience in Healthcare&quot;","block_context":{"text":"Supporting Resilience in Healthcare","link":"https:\/\/nettop.guru\/wordpress\/category\/supporting-resilience-in-healthcare\/"},"img":{"alt_text":"","src":"https:\/\/i0.wp.com\/nettop.guru\/wordpress\/wp-content\/uploads\/2025\/02\/S4R_Podcast_440px.png?fit=440%2C300&ssl=1&resize=350%2C200","width":350,"height":200},"classes":[]},{"id":4415,"url":"https:\/\/nettop.guru\/wordpress\/mapping-healthcare-systems-insights-from-support4resilience\/","url_meta":{"origin":4403,"position":1},"title":"Mapping Healthcare Systems: Insights from Support4Resilience","author":"NettOp UiS","date":"24\/03\/2025","format":false,"excerpt":"\u00a0In this episode, Deputy project manager, Hilda B\u00f8 Lyng talks with Dutch colleagues, Roland Bal and Martijn Felder about how the Support4Resilience project maps and analyzes healthcare systems across countries. They explore key findings, the impact on the S4R Toolbox and Resource Bank, and how this work supports healthcare leaders\u2026","rel":"","context":"In &quot;Supporting Resilience in Healthcare&quot;","block_context":{"text":"Supporting Resilience in Healthcare","link":"https:\/\/nettop.guru\/wordpress\/category\/supporting-resilience-in-healthcare\/"},"img":{"alt_text":"","src":"https:\/\/i0.wp.com\/nettop.guru\/wordpress\/wp-content\/uploads\/2025\/02\/S4R_Podcast_440px.png?fit=440%2C300&ssl=1&resize=350%2C200","width":350,"height":200},"classes":[]},{"id":4104,"url":"https:\/\/nettop.guru\/wordpress\/barnehusene-trygg-hjelp-for-barn-nar-saken-er-anmeldt-til-politiet\/","url_meta":{"origin":4403,"position":2},"title":"Barnehusene: Trygg Hjelp for Barn N\u00e5r Saken er Anmeldt til Politiet","author":"NettOp UiS","date":"30\/08\/2024","format":false,"excerpt":"I denne episoden snakker jeg, Wenche Hovland, med Cissel Merete \u00d8kland, som har jobbet ved Barnehuset i Stavanger siden oppstarten i 2011. \u00d8kland deler sin erfaring med hvordan Barnehuset bist\u00e5r barn i saker der det er anmeldt vold eller seksuelle overgrep til politiet. Vi f\u00e5r et innblikk i hvilke typer\u2026","rel":"","context":"In &quot;Kaf\u00e9 Student&quot;","block_context":{"text":"Kaf\u00e9 Student","link":"https:\/\/nettop.guru\/wordpress\/category\/kafe-student\/"},"img":{"alt_text":"","src":"https:\/\/i0.wp.com\/nettop.guru\/wordpress\/wp-content\/uploads\/2023\/04\/KafeStudent_440x300px.png?fit=440%2C300&ssl=1&resize=350%2C200","width":350,"height":200},"classes":[]},{"id":3300,"url":"https:\/\/nettop.guru\/wordpress\/1-intro-til-kafe-sosial\/","url_meta":{"origin":4403,"position":3},"title":"1. Intro til Kaf\u00e9 Sosial","author":"NettOp UiS","date":"20\/09\/2022","format":false,"excerpt":"We all feel vulnerable at some point in our lives and may need the support of others to help us through. \u00a0\u00a0 Kaf\u00e9 Sosial is an inclusive forum where multiple voices unite (practitioners, industry,\u00a0 client, citizens, researchers, educators) in informal conversations on the many experiences of vulnerability and of the\u2026","rel":"","context":"In &quot;Kaf\u00e9 Sosial&quot;","block_context":{"text":"Kaf\u00e9 Sosial","link":"https:\/\/nettop.guru\/wordpress\/category\/kafe-sosial\/"},"img":{"alt_text":"","src":"https:\/\/i0.wp.com\/nettop.guru\/wordpress\/wp-content\/uploads\/2022\/09\/KafeSosial_Podcast_440x300px.png?fit=440%2C300&ssl=1&resize=350%2C200","width":350,"height":200},"classes":[]},{"id":2978,"url":"https:\/\/nettop.guru\/wordpress\/what-does-market-data-tell-us-about-the-industry\/","url_meta":{"origin":4403,"position":4},"title":"What does market data tell us about the industry?","author":"NettOp UiS","date":"23\/02\/2022","format":false,"excerpt":"In today's episode, we are joined with Peter Wiederstr\u00f8m. He runs a hotel consultancy firm called Wiederstr\u00f8m Consulting, where he offers expert advice within hospitality, generates market data and releases quarterly reports on the hospitality industry. In this episode, we look back at the last couple of years of corona\u2026","rel":"","context":"In &quot;NHS Jobbsenter&quot;","block_context":{"text":"NHS Jobbsenter","link":"https:\/\/nettop.guru\/wordpress\/category\/nhs-jobbsenter\/"},"img":{"alt_text":"","src":"https:\/\/i0.wp.com\/nettop.guru\/wordpress\/wp-content\/uploads\/2021\/05\/Logo-440x300-1.png?fit=440%2C300&ssl=1&resize=350%2C200","width":350,"height":200},"classes":[]},{"id":4004,"url":"https:\/\/nettop.guru\/wordpress\/soskenrelasjoner-i-mote-med-barnevernet-episode-2\/","url_meta":{"origin":4403,"position":5},"title":"S\u00f8skenrelasjoner i m\u00f8te med barnevernet \u2013 episode 2","author":"NettOp UiS","date":"07\/06\/2024","format":false,"excerpt":"I denne andre episoden av \u00abs\u00f8skenrelasoner i m\u00f8te med barnevernet\u00bb, f\u00e5r vi h\u00f8re hvordan Sarah Hean og Wenche Hovland forklarer teorier om sosial st\u00f8tte, som bakgrunn for \u00e5 informere de m\u00f8nster de fant i studien om kvaliteter p\u00e5 s\u00f8skenrelasjoner. Videre viser de til de kategorier av kvaliteter p\u00e5 s\u00f8skenrelasjoner fra\u2026","rel":"","context":"In &quot;Kaf\u00e9 Student&quot;","block_context":{"text":"Kaf\u00e9 Student","link":"https:\/\/nettop.guru\/wordpress\/category\/kafe-student\/"},"img":{"alt_text":"","src":"https:\/\/i0.wp.com\/nettop.guru\/wordpress\/wp-content\/uploads\/2023\/04\/KafeStudent_440x300px.png?fit=440%2C300&ssl=1&resize=350%2C200","width":350,"height":200},"classes":[]}],"_links":{"self":[{"href":"https:\/\/nettop.guru\/wordpress\/wp-json\/wp\/v2\/posts\/4403","targetHints":{"allow":["GET"]}}],"collection":[{"href":"https:\/\/nettop.guru\/wordpress\/wp-json\/wp\/v2\/posts"}],"about":[{"href":"https:\/\/nettop.guru\/wordpress\/wp-json\/wp\/v2\/types\/post"}],"author":[{"embeddable":true,"href":"https:\/\/nettop.guru\/wordpress\/wp-json\/wp\/v2\/users\/5"}],"replies":[{"embeddable":true,"href":"https:\/\/nettop.guru\/wordpress\/wp-json\/wp\/v2\/comments?post=4403"}],"version-history":[{"count":1,"href":"https:\/\/nettop.guru\/wordpress\/wp-json\/wp\/v2\/posts\/4403\/revisions"}],"predecessor-version":[{"id":4404,"href":"https:\/\/nettop.guru\/wordpress\/wp-json\/wp\/v2\/posts\/4403\/revisions\/4404"}],"wp:featuredmedia":[{"embeddable":true,"href":"https:\/\/nettop.guru\/wordpress\/wp-json\/wp\/v2\/media\/4327"}],"wp:attachment":[{"href":"https:\/\/nettop.guru\/wordpress\/wp-json\/wp\/v2\/media?parent=4403"}],"wp:term":[{"taxonomy":"category","embeddable":true,"href":"https:\/\/nettop.guru\/wordpress\/wp-json\/wp\/v2\/categories?post=4403"},{"taxonomy":"post_tag","embeddable":true,"href":"https:\/\/nettop.guru\/wordpress\/wp-json\/wp\/v2\/tags?post=4403"}],"curies":[{"name":"wp","href":"https:\/\/api.w.org\/{rel}","templated":true}]}}