{"id":4449,"date":"2025-04-03T07:00:00","date_gmt":"2025-04-03T05:00:00","guid":{"rendered":"https:\/\/nettop.guru\/wordpress\/?p=4449"},"modified":"2025-04-02T11:05:09","modified_gmt":"2025-04-02T09:05:09","slug":"kva-er-det-med-generasjon-z-med-liv-sand-og-kayla-vagen","status":"publish","type":"post","link":"https:\/\/nettop.guru\/wordpress\/kva-er-det-med-generasjon-z-med-liv-sand-og-kayla-vagen\/","title":{"rendered":"Kva er det med generasjon Z? med Liv Sand og Kayla V\u00e5gen"},"content":{"rendered":"\n<p>Generasjon Z er er pressa av produktivitet, perfeksjonisme, kroppspress og konstant digital deltaking. Med f\u00f8rsteamanuensis og psykolog Liv Sand og student Kayla V\u00e5gen tek me samtalen om korleis generasjon Z tilpassar seg, kva som st\u00e5r p\u00e5 spel, og kva for potensial ungdommen v\u00e5r ber p\u00e5.<\/p>\n<p><a href=\"https:\/\/podcast.uis.no\/media\/Mohnitor\/2025_0327_1400.pdf\" target=\"_blank\" rel=\"noopener\">Transkripsjon av episoden<\/a><\/p>\n<div class=\"powerpress_player\" id=\"powerpress_player_9690\"><audio class=\"wp-audio-shortcode\" id=\"audio-4449-1\" preload=\"none\" style=\"width: 100%;\" controls=\"controls\"><source type=\"audio\/mpeg\" src=\"https:\/\/media.blubrry.com\/erasmus_enfermera_espaola\/dts.podtrac.com\/redirect.mp3\/podcast.uis.no\/media\/Mohnitor\/2025_0327_1400_MASTER.mp3?_=1\" \/><a href=\"https:\/\/media.blubrry.com\/erasmus_enfermera_espaola\/dts.podtrac.com\/redirect.mp3\/podcast.uis.no\/media\/Mohnitor\/2025_0327_1400_MASTER.mp3\">https:\/\/media.blubrry.com\/erasmus_enfermera_espaola\/dts.podtrac.com\/redirect.mp3\/podcast.uis.no\/media\/Mohnitor\/2025_0327_1400_MASTER.mp3<\/a><\/audio><\/div><p class=\"powerpress_links powerpress_links_mp3\" style=\"margin-bottom: 1px !important;\">Podcast: <a href=\"https:\/\/media.blubrry.com\/erasmus_enfermera_espaola\/dts.podtrac.com\/redirect.mp3\/podcast.uis.no\/media\/Mohnitor\/2025_0327_1400_MASTER.mp3\" class=\"powerpress_link_pinw\" target=\"_blank\" title=\"Play in new window\" onclick=\"return powerpress_pinw('https:\/\/nettop.guru\/wordpress\/?powerpress_pinw=4449-podcast');\" rel=\"nofollow\">Play in new window<\/a> | <a href=\"https:\/\/media.blubrry.com\/erasmus_enfermera_espaola\/dts.podtrac.com\/redirect.mp3\/podcast.uis.no\/media\/Mohnitor\/2025_0327_1400_MASTER.mp3\" class=\"powerpress_link_d\" title=\"Download\" rel=\"nofollow\" download=\"2025_0327_1400_MASTER.mp3\">Download<\/a> (Duration: 47:23 &#8212; 65.1MB) | <a href=\"#\" class=\"powerpress_link_e\" title=\"Embed\" onclick=\"return powerpress_show_embed('4449-podcast');\" rel=\"nofollow\">Embed<\/a><\/p><p class=\"powerpress_embed_box\" id=\"powerpress_embed_4449-podcast\" style=\"display: none;\"><input id=\"powerpress_embed_4449-podcast_t\" type=\"text\" value=\"&lt;iframe width=&quot;320&quot; height=&quot;30&quot; src=&quot;https:\/\/nettop.guru\/wordpress\/?powerpress_embed=4449-podcast&amp;amp;powerpress_player=mediaelement-audio&quot; title=&quot;Blubrry Podcast Player&quot; frameborder=&quot;0&quot; scrolling=&quot;no&quot;&gt;&lt;\/iframe&gt;\" onclick=\"javascript: this.select();\" onfocus=\"javascript: this.select();\" style=\"width: 70%;\" readOnly><\/p><p class=\"powerpress_links powerpress_subscribe_links\">Subscribe: <a href=\"https:\/\/subscribebyemail.com\/nettop.guru\/wordpress\/feed\/podcast\/\" class=\"powerpress_link_subscribe powerpress_link_subscribe_email\" target=\"_blank\" title=\"Subscribe by Email\" rel=\"nofollow\">Email<\/a> | <a href=\"https:\/\/nettop.guru\/wordpress\/feed\/podcast\/\" class=\"powerpress_link_subscribe powerpress_link_subscribe_rss\" target=\"_blank\" title=\"Subscribe via RSS\" rel=\"nofollow\">RSS<\/a> | <a href=\"https:\/\/nettop.guru\/wordpress\/\" class=\"powerpress_link_subscribe powerpress_link_subscribe_more\" target=\"_blank\" title=\"More\" rel=\"nofollow\">More<\/a><\/p><!--powerpress_player-->","protected":false},"excerpt":{"rendered":"<p>Generasjon Z er er pressa av produktivitet, perfeksjonisme, kroppspress og konstant digital deltaking. Med f\u00f8rsteamanuensis og psykolog Liv Sand og student Kayla V\u00e5gen tek me samtalen om korleis generasjon Z tilpassar seg, kva som st\u00e5r p\u00e5 spel, og kva for <span class=\"readmore\"><a href=\"https:\/\/nettop.guru\/wordpress\/kva-er-det-med-generasjon-z-med-liv-sand-og-kayla-vagen\/\">Les mer &#8230;<\/a><\/span><\/p>\n","protected":false},"author":5,"featured_media":4287,"comment_status":"closed","ping_status":"closed","sticky":false,"template":"","format":"standard","meta":{"jetpack_post_was_ever_published":false,"_jetpack_newsletter_access":"","_jetpack_dont_email_post_to_subs":false,"_jetpack_newsletter_tier_id":0,"_jetpack_memberships_contains_paywalled_content":false,"_jetpack_memberships_contains_paid_content":false,"footnotes":"","jetpack_publicize_message":"","jetpack_publicize_feature_enabled":true,"jetpack_social_post_already_shared":true,"jetpack_social_options":{"image_generator_settings":{"template":"highway","default_image_id":0,"font":"","enabled":false},"version":2}},"categories":[2148],"tags":[47,429,562,1743,2179,2297,2298,2299,2300,2301,2302],"class_list":["post-4449","post","type-post","status-publish","format-standard","has-post-thumbnail","hentry","category-mohnitor","tag-uis","tag-press","tag-perfeksjonisme","tag-psykologi","tag-klaus-mohn","tag-generasjon-z","tag-gen-z","tag-gen-z-2","tag-unge","tag-generasjonsskille","tag-digital-natives"],"jetpack_publicize_connections":[],"jetpack_featured_media_url":"https:\/\/i0.wp.com\/nettop.guru\/wordpress\/wp-content\/uploads\/2025\/01\/mohnitor_440x300.jpg?fit=440%2C300&ssl=1","jetpack_sharing_enabled":true,"jetpack_shortlink":"https:\/\/wp.me\/p7OAJ5-19L","jetpack-related-posts":[{"id":3818,"url":"https:\/\/nettop.guru\/wordpress\/episode-21-skuleradgjevaren-si-naerast-umoglege-oppgave\/","url_meta":{"origin":4449,"position":0},"title":"Episode 21: Skuler\u00e5dgjevaren si n\u00e6rast umoglege oppg\u00e5ve","author":"NettOp UiS","date":"05\/01\/2024","format":false,"excerpt":"Kva rolle har skuler\u00e5dgjevaren i skulen i dag? Og kva rolle b\u00f8r han f\u00e5 i framtida? Dette er to store sp\u00f8rsm\u00e5l som skuler\u00e5dgjevar Liv Synn\u00f8ve Gilje Hofgaard og forskar Ida Holth Mathiesen pr\u00f8ver \u00e5 svare p\u00e5 i denne podkasten. I tillegg tek skuler\u00e5dgjevar Liv oss igjennom ein typisk dag som\u2026","rel":"","context":"In &quot;L\u00e6ringsmilj\u00f8 i skole og barnehage&quot;","block_context":{"text":"L\u00e6ringsmilj\u00f8 i skole og barnehage","link":"https:\/\/nettop.guru\/wordpress\/category\/laeringsmiljo-i-skole-og-barnehage\/"},"img":{"alt_text":"","src":"https:\/\/i0.wp.com\/nettop.guru\/wordpress\/wp-content\/uploads\/2023\/01\/Laringsmiljosenteret_LiSkoleBhge_440x300.jpg?fit=440%2C300&ssl=1&resize=350%2C200","width":350,"height":200},"classes":[]},{"id":3975,"url":"https:\/\/nettop.guru\/wordpress\/episode-24-skulen-sitt-forste-mote-med-elevar-og-foresette\/","url_meta":{"origin":4449,"position":1},"title":"Episode 24: Skulen sitt f\u00f8rste m\u00f8te med elevar og f\u00f8resette","author":"NettOp UiS","date":"13\/05\/2024","format":false,"excerpt":"I desse dagar er det mange 5-6-\u00e5ringar som vitjar skulen dei skal byrje p\u00e5 i haust. Dei er sj\u00f8lvsagt spente p\u00e5 kva skulen eigentleg er, og kva det \u00e5 byrje p\u00e5 skulen faktisk inneber. Men det er ikkje berre borna som skal byrje p\u00e5 skulen til hausten som er spente.\u2026","rel":"","context":"In &quot;L\u00e6ringsmilj\u00f8 i skole og barnehage&quot;","block_context":{"text":"L\u00e6ringsmilj\u00f8 i skole og barnehage","link":"https:\/\/nettop.guru\/wordpress\/category\/laeringsmiljo-i-skole-og-barnehage\/"},"img":{"alt_text":"","src":"https:\/\/i0.wp.com\/nettop.guru\/wordpress\/wp-content\/uploads\/2023\/01\/Laringsmiljosenteret_LiSkoleBhge_440x300.jpg?fit=440%2C300&ssl=1&resize=350%2C200","width":350,"height":200},"classes":[]},{"id":3942,"url":"https:\/\/nettop.guru\/wordpress\/episode-23-med-livsmeistring-pa-timeplanen\/","url_meta":{"origin":4449,"position":2},"title":"Episode 23: Med livsmeistring p\u00e5 timeplanen","author":"NettOp UiS","date":"15\/03\/2024","format":false,"excerpt":"Livsmeistring i skulen var eit heitt tema d\u00e5 \u00abfolkehelse og livsmeistring\u00bb vart lansert som eit tverrfagleg tema i skulen, men no kan det verke som om debatten har stilna noko. Korleis er stoda i skulen no n\u00e5r ein har hatt dette temaet p\u00e5 timeplanen ei stund? Og kva legg ein\u2026","rel":"","context":"In &quot;L\u00e6ringsmilj\u00f8 i skole og barnehage&quot;","block_context":{"text":"L\u00e6ringsmilj\u00f8 i skole og barnehage","link":"https:\/\/nettop.guru\/wordpress\/category\/laeringsmiljo-i-skole-og-barnehage\/"},"img":{"alt_text":"","src":"https:\/\/i0.wp.com\/nettop.guru\/wordpress\/wp-content\/uploads\/2023\/01\/Laringsmiljosenteret_LiSkoleBhge_440x300.jpg?fit=440%2C300&ssl=1&resize=350%2C200","width":350,"height":200},"classes":[]},{"id":4022,"url":"https:\/\/nettop.guru\/wordpress\/episode-25-er-det-plass-til-bade-leik-og-laering-i-barnehagen\/","url_meta":{"origin":4449,"position":3},"title":"Episode 25: Er det plass til b\u00e5de leik og l\u00e6ring i barnehagen?","author":"NettOp UiS","date":"20\/06\/2024","format":false,"excerpt":"Kva form for l\u00e6ring finst det i barnehagane i dag? Har alle barnehagane eit fast opplegg med aktivitetar for 5-\u00e5ringane? Kva g\u00e5r faktisk \u00ablekbasert l\u00e6ring\u00bb ut p\u00e5? Og kva erfaringar har barnehagar og skular som har nytta seg av dette opplegget? Desse sp\u00f8rsm\u00e5la stiller programleiar Maria Gilje Strand til professor\u2026","rel":"","context":"In &quot;L\u00e6ringsmilj\u00f8 i skole og barnehage&quot;","block_context":{"text":"L\u00e6ringsmilj\u00f8 i skole og barnehage","link":"https:\/\/nettop.guru\/wordpress\/category\/laeringsmiljo-i-skole-og-barnehage\/"},"img":{"alt_text":"","src":"https:\/\/i0.wp.com\/nettop.guru\/wordpress\/wp-content\/uploads\/2023\/01\/Laringsmiljosenteret_LiSkoleBhge_440x300.jpg?fit=440%2C300&ssl=1&resize=350%2C200","width":350,"height":200},"classes":[]},{"id":4732,"url":"https:\/\/nettop.guru\/wordpress\/episode-42-korleis-meistre-god-klasseleiing\/","url_meta":{"origin":4449,"position":4},"title":"Episode 42: Korleis meistre god klasseleiing?","author":"NettOp UiS","date":"19\/12\/2025","format":false,"excerpt":"L\u00e6rarar har meir \u00e5 stri med enn nokon gong \u2013 mange er sletne og fleire endar opp med \u00e5 slutte i jobben. Kan god st\u00f8tte til klasseleiing v\u00e6re ein del av l\u00f8ysinga for \u00e5 f\u00e5 fleire l\u00e6rarar til \u00e5 bli i jobben? Og kva rolle kan interaksjonar mellom l\u00e6rar og\u2026","rel":"","context":"In &quot;L\u00e6ringsmilj\u00f8 i skole og barnehage&quot;","block_context":{"text":"L\u00e6ringsmilj\u00f8 i skole og barnehage","link":"https:\/\/nettop.guru\/wordpress\/category\/laeringsmiljo-i-skole-og-barnehage\/"},"img":{"alt_text":"","src":"https:\/\/i0.wp.com\/nettop.guru\/wordpress\/wp-content\/uploads\/2023\/01\/Laringsmiljosenteret_LiSkoleBhge_440x300.jpg?fit=440%2C300&ssl=1&resize=350%2C200","width":350,"height":200},"classes":[]},{"id":4515,"url":"https:\/\/nettop.guru\/wordpress\/laksen-og-livet-med-finn-e-krogh-og-anders-lamberg\/","url_meta":{"origin":4449,"position":5},"title":"Laksen og livet \u2013 med Finn E. Krogh og Anders Lamberg","author":"NettOp UiS","date":"20\/05\/2025","format":false,"excerpt":"Beskrivelse av episoden: Kva er det med villaksen, korleis lever han, og kva skal me med han? H\u00f8yr lakseepisoden i podkasten mohnitor, med Finn E. Krogh og Anders Lamberg, to store kapasitetar innan lakseforvaltning og naturoverv\u00e5king. Den eine kjenner laksen gjennom fiskestanga \u2013 den andre gjennom data, feltarbeid og forsking.\u2026","rel":"","context":"In &quot;mohnitor&quot;","block_context":{"text":"mohnitor","link":"https:\/\/nettop.guru\/wordpress\/category\/mohnitor\/"},"img":{"alt_text":"","src":"https:\/\/i0.wp.com\/nettop.guru\/wordpress\/wp-content\/uploads\/2025\/01\/mohnitor_440x300.jpg?fit=440%2C300&ssl=1&resize=350%2C200","width":350,"height":200},"classes":[]}],"_links":{"self":[{"href":"https:\/\/nettop.guru\/wordpress\/wp-json\/wp\/v2\/posts\/4449","targetHints":{"allow":["GET"]}}],"collection":[{"href":"https:\/\/nettop.guru\/wordpress\/wp-json\/wp\/v2\/posts"}],"about":[{"href":"https:\/\/nettop.guru\/wordpress\/wp-json\/wp\/v2\/types\/post"}],"author":[{"embeddable":true,"href":"https:\/\/nettop.guru\/wordpress\/wp-json\/wp\/v2\/users\/5"}],"replies":[{"embeddable":true,"href":"https:\/\/nettop.guru\/wordpress\/wp-json\/wp\/v2\/comments?post=4449"}],"version-history":[{"count":1,"href":"https:\/\/nettop.guru\/wordpress\/wp-json\/wp\/v2\/posts\/4449\/revisions"}],"predecessor-version":[{"id":4450,"href":"https:\/\/nettop.guru\/wordpress\/wp-json\/wp\/v2\/posts\/4449\/revisions\/4450"}],"wp:featuredmedia":[{"embeddable":true,"href":"https:\/\/nettop.guru\/wordpress\/wp-json\/wp\/v2\/media\/4287"}],"wp:attachment":[{"href":"https:\/\/nettop.guru\/wordpress\/wp-json\/wp\/v2\/media?parent=4449"}],"wp:term":[{"taxonomy":"category","embeddable":true,"href":"https:\/\/nettop.guru\/wordpress\/wp-json\/wp\/v2\/categories?post=4449"},{"taxonomy":"post_tag","embeddable":true,"href":"https:\/\/nettop.guru\/wordpress\/wp-json\/wp\/v2\/tags?post=4449"}],"curies":[{"name":"wp","href":"https:\/\/api.w.org\/{rel}","templated":true}]}}