{"id":4515,"date":"2025-05-20T13:10:34","date_gmt":"2025-05-20T11:10:34","guid":{"rendered":"https:\/\/nettop.guru\/wordpress\/?p=4515"},"modified":"2025-05-20T13:26:19","modified_gmt":"2025-05-20T11:26:19","slug":"laksen-og-livet-med-finn-e-krogh-og-anders-lamberg","status":"publish","type":"post","link":"https:\/\/nettop.guru\/wordpress\/laksen-og-livet-med-finn-e-krogh-og-anders-lamberg\/","title":{"rendered":"Laksen og livet \u2013 med Finn E. Krogh og Anders Lamberg"},"content":{"rendered":"\n<p>Beskrivelse av episoden: <span lang=\"NO-NYN\">Kva er det med villaksen, korleis lever han, og kva skal me med han? H\u00f8yr lakseepisoden i podkasten mohnitor, med Finn E. Krogh og Anders Lamberg, to store kapasitetar innan lakseforvaltning og naturoverv\u00e5king. Den eine kjenner laksen gjennom fiskestanga \u2013 den andre gjennom data, feltarbeid og forsking.<\/span><\/p>\n<p>\u00a0<\/p>\n<p><a href=\"https:\/\/podcast.uis.no\/media\/Mohnitor\/2025_0515_0921_Master.pdf\" target=\"_blank\" rel=\"noopener\">Du finner transkripsjon av episoden her (pdf, \u00e5pnes i nytt vindu).<\/a><\/p>\n<div class=\"powerpress_player\" id=\"powerpress_player_7797\"><audio class=\"wp-audio-shortcode\" id=\"audio-4515-1\" preload=\"none\" style=\"width: 100%;\" controls=\"controls\"><source type=\"audio\/mpeg\" src=\"https:\/\/media.blubrry.com\/erasmus_enfermera_espaola\/dts.podtrac.com\/redirect.mp3\/podcast.uis.no\/media\/Mohnitor\/2025_0515_0921_Master.mp3?_=1\" \/><a href=\"https:\/\/media.blubrry.com\/erasmus_enfermera_espaola\/dts.podtrac.com\/redirect.mp3\/podcast.uis.no\/media\/Mohnitor\/2025_0515_0921_Master.mp3\">https:\/\/media.blubrry.com\/erasmus_enfermera_espaola\/dts.podtrac.com\/redirect.mp3\/podcast.uis.no\/media\/Mohnitor\/2025_0515_0921_Master.mp3<\/a><\/audio><\/div><p class=\"powerpress_links powerpress_links_mp3\" style=\"margin-bottom: 1px !important;\">Podcast: <a href=\"https:\/\/media.blubrry.com\/erasmus_enfermera_espaola\/dts.podtrac.com\/redirect.mp3\/podcast.uis.no\/media\/Mohnitor\/2025_0515_0921_Master.mp3\" class=\"powerpress_link_pinw\" target=\"_blank\" title=\"Play in new window\" onclick=\"return powerpress_pinw('https:\/\/nettop.guru\/wordpress\/?powerpress_pinw=4515-podcast');\" rel=\"nofollow\">Play in new window<\/a> | <a href=\"https:\/\/media.blubrry.com\/erasmus_enfermera_espaola\/dts.podtrac.com\/redirect.mp3\/podcast.uis.no\/media\/Mohnitor\/2025_0515_0921_Master.mp3\" class=\"powerpress_link_d\" title=\"Download\" rel=\"nofollow\" download=\"2025_0515_0921_Master.mp3\">Download<\/a> (Duration: 52:23 &#8212; 71.9MB) | <a href=\"#\" class=\"powerpress_link_e\" title=\"Embed\" onclick=\"return powerpress_show_embed('4515-podcast');\" rel=\"nofollow\">Embed<\/a><\/p><p class=\"powerpress_embed_box\" id=\"powerpress_embed_4515-podcast\" style=\"display: none;\"><input id=\"powerpress_embed_4515-podcast_t\" type=\"text\" value=\"&lt;iframe width=&quot;320&quot; height=&quot;30&quot; src=&quot;https:\/\/nettop.guru\/wordpress\/?powerpress_embed=4515-podcast&amp;amp;powerpress_player=mediaelement-audio&quot; title=&quot;Blubrry Podcast Player&quot; frameborder=&quot;0&quot; scrolling=&quot;no&quot;&gt;&lt;\/iframe&gt;\" onclick=\"javascript: this.select();\" onfocus=\"javascript: this.select();\" style=\"width: 70%;\" readOnly><\/p><p class=\"powerpress_links powerpress_subscribe_links\">Subscribe: <a href=\"https:\/\/subscribebyemail.com\/nettop.guru\/wordpress\/feed\/podcast\/\" class=\"powerpress_link_subscribe powerpress_link_subscribe_email\" target=\"_blank\" title=\"Subscribe by Email\" rel=\"nofollow\">Email<\/a> | <a href=\"https:\/\/nettop.guru\/wordpress\/feed\/podcast\/\" class=\"powerpress_link_subscribe powerpress_link_subscribe_rss\" target=\"_blank\" title=\"Subscribe via RSS\" rel=\"nofollow\">RSS<\/a> | <a href=\"https:\/\/nettop.guru\/wordpress\/\" class=\"powerpress_link_subscribe powerpress_link_subscribe_more\" target=\"_blank\" title=\"More\" rel=\"nofollow\">More<\/a><\/p><!--powerpress_player-->","protected":false},"excerpt":{"rendered":"<p>Beskrivelse av episoden: Kva er det med villaksen, korleis lever han, og kva skal me med han? H\u00f8yr lakseepisoden i podkasten mohnitor, med Finn E. Krogh og Anders Lamberg, to store kapasitetar innan lakseforvaltning og naturoverv\u00e5king. Den eine kjenner laksen <span class=\"readmore\"><a href=\"https:\/\/nettop.guru\/wordpress\/laksen-og-livet-med-finn-e-krogh-og-anders-lamberg\/\">Les mer &#8230;<\/a><\/span><\/p>\n","protected":false},"author":5,"featured_media":4287,"comment_status":"closed","ping_status":"closed","sticky":false,"template":"","format":"standard","meta":{"jetpack_post_was_ever_published":false,"_jetpack_newsletter_access":"","_jetpack_dont_email_post_to_subs":false,"_jetpack_newsletter_tier_id":0,"_jetpack_memberships_contains_paywalled_content":false,"_jetpack_memberships_contains_paid_content":false,"footnotes":"","jetpack_publicize_message":"","jetpack_publicize_feature_enabled":true,"jetpack_social_post_already_shared":true,"jetpack_social_options":{"image_generator_settings":{"template":"highway","default_image_id":0,"font":"","enabled":false},"version":2}},"categories":[2148],"tags":[1933,1934,2338,2339,2340,2341],"class_list":["post-4515","post","type-post","status-publish","format-standard","has-post-thumbnail","hentry","category-mohnitor","tag-uis-2","tag-podkast-2","tag-laks","tag-fiske","tag-naturovervaking","tag-foskning"],"jetpack_publicize_connections":[],"jetpack_featured_media_url":"https:\/\/i0.wp.com\/nettop.guru\/wordpress\/wp-content\/uploads\/2025\/01\/mohnitor_440x300.jpg?fit=440%2C300&ssl=1","jetpack_sharing_enabled":true,"jetpack_shortlink":"https:\/\/wp.me\/p7OAJ5-1aP","jetpack-related-posts":[{"id":4454,"url":"https:\/\/nettop.guru\/wordpress\/fugl-og-folk-med-endre-h-kvangraven-og-karoline-h-hoibo\/","url_meta":{"origin":4515,"position":0},"title":"Fuglane og oss \u2013 med Karoline H. Holmboe og Endre H. Kvangraven","author":"NettOp UiS","date":"10\/04\/2025","format":false,"excerpt":"Fuglane svirrar rundt oss alle, over alt og alltid. Kva betyr dei for oss? Fred, fridom, omsorg eller undergang? Kva kan dei l\u00e6re oss \u2013 om naturen, om kulturen \u2013 og om oss sj\u00f8lv? I samtalen ser me p\u00e5 fugl og fugleliv gjennom ulike linser. Bli med p\u00e5 ei reise\u2026","rel":"","context":"In &quot;mohnitor&quot;","block_context":{"text":"mohnitor","link":"https:\/\/nettop.guru\/wordpress\/category\/mohnitor\/"},"img":{"alt_text":"","src":"https:\/\/i0.wp.com\/nettop.guru\/wordpress\/wp-content\/uploads\/2025\/01\/mohnitor_440x300.jpg?fit=440%2C300&ssl=1&resize=350%2C200","width":350,"height":200},"classes":[]},{"id":4449,"url":"https:\/\/nettop.guru\/wordpress\/kva-er-det-med-generasjon-z-med-liv-sand-og-kayla-vagen\/","url_meta":{"origin":4515,"position":1},"title":"Kva er det med generasjon Z? med Liv Sand og Kayla V\u00e5gen","author":"NettOp UiS","date":"03\/04\/2025","format":false,"excerpt":"Generasjon Z er er pressa av produktivitet, perfeksjonisme, kroppspress og konstant digital deltaking. Med f\u00f8rsteamanuensis og psykolog Liv Sand og student Kayla V\u00e5gen tek me samtalen om korleis generasjon Z tilpassar seg, kva som st\u00e5r p\u00e5 spel, og kva for potensial ungdommen v\u00e5r ber p\u00e5. Transkripsjon av episoden","rel":"","context":"In &quot;mohnitor&quot;","block_context":{"text":"mohnitor","link":"https:\/\/nettop.guru\/wordpress\/category\/mohnitor\/"},"img":{"alt_text":"","src":"https:\/\/i0.wp.com\/nettop.guru\/wordpress\/wp-content\/uploads\/2025\/01\/mohnitor_440x300.jpg?fit=440%2C300&ssl=1&resize=350%2C200","width":350,"height":200},"classes":[]},{"id":4390,"url":"https:\/\/nettop.guru\/wordpress\/kielland-ulykka-oppgjerets-time-med-mimir-kristjansson-og-marie-smith-solbakken\/","url_meta":{"origin":4515,"position":2},"title":"Kielland-ulykka, oppgjerets time &#8211; med M\u00edmir Kristj\u00e1nsson og Marie Smith-Solbakken","author":"NettOp UiS","date":"07\/03\/2025","format":false,"excerpt":"45 \u00e5r etter Kielland-ulykka, der 123 menneske mista livet p\u00e5 Ekofisk-feltet, st\u00e5r mange sp\u00f8rsm\u00e5l utan svar. Kva var \u00e5rsaka bak katastrofen, og kvifor har det vore s\u00e5 vanskeleg \u00e5 f\u00e5 klarheit? I denne episoden dykkar me ned i den nyaste rapporten som avsl\u00f8rer forsvunne dokument, og diskuterer kva dette kan\u2026","rel":"","context":"In &quot;mohnitor&quot;","block_context":{"text":"mohnitor","link":"https:\/\/nettop.guru\/wordpress\/category\/mohnitor\/"},"img":{"alt_text":"","src":"https:\/\/i0.wp.com\/nettop.guru\/wordpress\/wp-content\/uploads\/2025\/01\/mohnitor_440x300.jpg?fit=440%2C300&ssl=1&resize=350%2C200","width":350,"height":200},"classes":[]},{"id":4667,"url":"https:\/\/nettop.guru\/wordpress\/den-fabelaktige-narsissisten-med-gunhild-bjaalid-og-espen-skorstad\/","url_meta":{"origin":4515,"position":3},"title":"Den fabelaktige narsissisten, med Gunhild Bjaalid og Espen Skorstad","author":"NettOp UiS","date":"04\/11\/2025","format":false,"excerpt":"Kva skjer n\u00e5r prestasjonskultur og sj\u00f8lvforherligelse g\u00e5r viralt? Bli med p\u00e5 ein frisk prat om narsissisme, fr\u00e5 speglande selfies til sj\u00f8lvhevdande sjefar. Med psykolog og forfattar Espen Skorstad, og organisasjonsforskar Gunhild Bjaalid. Ein podkast om ego, ambisjon \u2013 og trongen til \u00e5 bli sett. \u00a0 Du finner transkripsjon av episoden\u2026","rel":"","context":"In &quot;mohnitor&quot;","block_context":{"text":"mohnitor","link":"https:\/\/nettop.guru\/wordpress\/category\/mohnitor\/"},"img":{"alt_text":"","src":"https:\/\/i0.wp.com\/nettop.guru\/wordpress\/wp-content\/uploads\/2025\/01\/mohnitor_440x300.jpg?fit=440%2C300&ssl=1&resize=350%2C200","width":350,"height":200},"classes":[]},{"id":4620,"url":"https:\/\/nettop.guru\/wordpress\/krig-krise-og-hap-med-jan-egeland-og-ingrid-tjoflat\/","url_meta":{"origin":4515,"position":4},"title":"Krig, krise og h\u00e5p. Med Jan Egeland og Ingrid Tjofl\u00e5t","author":"NettOp UiS","date":"22\/09\/2025","format":false,"excerpt":"Kva f\u00e5r ein sjukepleiar til \u00e5 dra p\u00e5 oppdrag i krigsherja Kabul n\u00e6rmast p\u00e5 st\u00e5ande fot? Og korleis bevarer ein h\u00e5pet som naudhjelpsdiplomat n\u00e5r ein ser verda falle saman \u2013 gong etter gong? I denne episoden av Mohnitor m\u00f8ter du Jan Egeland og Ingrid Tjofl\u00e5t \u2013 to som faktisk g\u00e5r\u2026","rel":"","context":"In &quot;mohnitor&quot;","block_context":{"text":"mohnitor","link":"https:\/\/nettop.guru\/wordpress\/category\/mohnitor\/"},"img":{"alt_text":"","src":"https:\/\/i0.wp.com\/nettop.guru\/wordpress\/wp-content\/uploads\/2025\/01\/mohnitor_440x300.jpg?fit=440%2C300&ssl=1&resize=350%2C200","width":350,"height":200},"classes":[]},{"id":4503,"url":"https:\/\/nettop.guru\/wordpress\/folkeopplysing-i-hyperoffentlegheita-med-hilde-sandvik-og-jan-inge-reilstad\/","url_meta":{"origin":4515,"position":5},"title":"Folkeopplysing i hyperoffentlegheita \u2013 med Hilde Sandvik og Jan Inge Reilstad","author":"NettOp UiS","date":"12\/05\/2025","format":false,"excerpt":"Beskrivelse av episoden: Hva skjer med folkeopplysinga n\u00e5r alt blir offentleg \u2013 heile tida? Kva hjelp kan det v\u00e6re i langsame samtaler og fysiske festivalar n\u00e5r me skal navigere i det moderne medielandskapet. Bli med p\u00e5 ei ein tankevekkande samtale med Hilde Sandvik og Jan Inge Reilstad - om sanning,\u2026","rel":"","context":"In &quot;mohnitor&quot;","block_context":{"text":"mohnitor","link":"https:\/\/nettop.guru\/wordpress\/category\/mohnitor\/"},"img":{"alt_text":"","src":"https:\/\/i0.wp.com\/nettop.guru\/wordpress\/wp-content\/uploads\/2025\/01\/mohnitor_440x300.jpg?fit=440%2C300&ssl=1&resize=350%2C200","width":350,"height":200},"classes":[]}],"_links":{"self":[{"href":"https:\/\/nettop.guru\/wordpress\/wp-json\/wp\/v2\/posts\/4515","targetHints":{"allow":["GET"]}}],"collection":[{"href":"https:\/\/nettop.guru\/wordpress\/wp-json\/wp\/v2\/posts"}],"about":[{"href":"https:\/\/nettop.guru\/wordpress\/wp-json\/wp\/v2\/types\/post"}],"author":[{"embeddable":true,"href":"https:\/\/nettop.guru\/wordpress\/wp-json\/wp\/v2\/users\/5"}],"replies":[{"embeddable":true,"href":"https:\/\/nettop.guru\/wordpress\/wp-json\/wp\/v2\/comments?post=4515"}],"version-history":[{"count":2,"href":"https:\/\/nettop.guru\/wordpress\/wp-json\/wp\/v2\/posts\/4515\/revisions"}],"predecessor-version":[{"id":4517,"href":"https:\/\/nettop.guru\/wordpress\/wp-json\/wp\/v2\/posts\/4515\/revisions\/4517"}],"wp:featuredmedia":[{"embeddable":true,"href":"https:\/\/nettop.guru\/wordpress\/wp-json\/wp\/v2\/media\/4287"}],"wp:attachment":[{"href":"https:\/\/nettop.guru\/wordpress\/wp-json\/wp\/v2\/media?parent=4515"}],"wp:term":[{"taxonomy":"category","embeddable":true,"href":"https:\/\/nettop.guru\/wordpress\/wp-json\/wp\/v2\/categories?post=4515"},{"taxonomy":"post_tag","embeddable":true,"href":"https:\/\/nettop.guru\/wordpress\/wp-json\/wp\/v2\/tags?post=4515"}],"curies":[{"name":"wp","href":"https:\/\/api.w.org\/{rel}","templated":true}]}}