{"id":4547,"date":"2025-06-20T09:47:45","date_gmt":"2025-06-20T07:47:45","guid":{"rendered":"https:\/\/nettop.guru\/wordpress\/?p=4547"},"modified":"2025-06-20T14:30:59","modified_gmt":"2025-06-20T12:30:59","slug":"episode-36-mobbing-som-fenomen","status":"publish","type":"post","link":"https:\/\/nettop.guru\/wordpress\/episode-36-mobbing-som-fenomen\/","title":{"rendered":"Episode 36: Mobbing som fenomen"},"content":{"rendered":"\n<p style=\"font-weight: 400;\">I denne episoden av \u00abL\u00e6ringsmilj\u00f8 i skole og barnehage\u00bb m\u00f8tes to mobbeforskarar fr\u00e5 to ulike milj\u00f8 for \u00e5 snakke saman om mobbing som fenomen. Korleis forst\u00e5r dei handlingane og prosessane som inng\u00e5r i mobbing? Professor i spesialpedagogikk Ingrid Lund ved UiA og f\u00f8rsteamanuensis Johannes Finne ved L\u00e6ringsmilj\u00f8senteret, UiS gjestar UiS sitt podkast-studio. Saman med programleiar Maria Gilje Strand adresser dei i tillegg korleis ein kan f\u00f8rebygge mobbing, men ogs\u00e5 handtere det n\u00e5r det skjer.<\/p>\n<p>\u00a0<\/p>\n<p style=\"font-weight: 400;\"><a href=\"https:\/\/podcast.uis.no\/media\/Laeringsmiljoe_i_skole_og_barnehage\/2025_0610_1242_Master.pdf\" target=\"_blank\" rel=\"noopener\">Du finner transkripsjon av episoden her (pdf, \u00e5pnes i nytt vindu).<\/a><\/p>\n<div class=\"powerpress_player\" id=\"powerpress_player_2871\"><audio class=\"wp-audio-shortcode\" id=\"audio-4547-1\" preload=\"none\" style=\"width: 100%;\" controls=\"controls\"><source type=\"audio\/mpeg\" src=\"https:\/\/media.blubrry.com\/erasmus_enfermera_espaola\/dts.podtrac.com\/redirect.mp3\/podcast.uis.no\/media\/Laeringsmiljoe_i_skole_og_barnehage\/2025_0610_1242_Master.mp3?_=1\" \/><a href=\"https:\/\/media.blubrry.com\/erasmus_enfermera_espaola\/dts.podtrac.com\/redirect.mp3\/podcast.uis.no\/media\/Laeringsmiljoe_i_skole_og_barnehage\/2025_0610_1242_Master.mp3\">https:\/\/media.blubrry.com\/erasmus_enfermera_espaola\/dts.podtrac.com\/redirect.mp3\/podcast.uis.no\/media\/Laeringsmiljoe_i_skole_og_barnehage\/2025_0610_1242_Master.mp3<\/a><\/audio><\/div><p class=\"powerpress_links powerpress_links_mp3\" style=\"margin-bottom: 1px !important;\">Podcast: <a href=\"https:\/\/media.blubrry.com\/erasmus_enfermera_espaola\/dts.podtrac.com\/redirect.mp3\/podcast.uis.no\/media\/Laeringsmiljoe_i_skole_og_barnehage\/2025_0610_1242_Master.mp3\" class=\"powerpress_link_pinw\" target=\"_blank\" title=\"Play in new window\" onclick=\"return powerpress_pinw('https:\/\/nettop.guru\/wordpress\/?powerpress_pinw=4547-podcast');\" rel=\"nofollow\">Play in new window<\/a> | <a href=\"https:\/\/media.blubrry.com\/erasmus_enfermera_espaola\/dts.podtrac.com\/redirect.mp3\/podcast.uis.no\/media\/Laeringsmiljoe_i_skole_og_barnehage\/2025_0610_1242_Master.mp3\" class=\"powerpress_link_d\" title=\"Download\" rel=\"nofollow\" download=\"2025_0610_1242_Master.mp3\">Download<\/a> (Duration: 42:04 &#8212; 57.8MB) | <a href=\"#\" class=\"powerpress_link_e\" title=\"Embed\" onclick=\"return powerpress_show_embed('4547-podcast');\" rel=\"nofollow\">Embed<\/a><\/p><p class=\"powerpress_embed_box\" id=\"powerpress_embed_4547-podcast\" style=\"display: none;\"><input id=\"powerpress_embed_4547-podcast_t\" type=\"text\" value=\"&lt;iframe width=&quot;320&quot; height=&quot;30&quot; src=&quot;https:\/\/nettop.guru\/wordpress\/?powerpress_embed=4547-podcast&amp;amp;powerpress_player=mediaelement-audio&quot; title=&quot;Blubrry Podcast Player&quot; frameborder=&quot;0&quot; scrolling=&quot;no&quot;&gt;&lt;\/iframe&gt;\" onclick=\"javascript: this.select();\" onfocus=\"javascript: this.select();\" style=\"width: 70%;\" readOnly><\/p><p class=\"powerpress_links powerpress_subscribe_links\">Subscribe: <a href=\"https:\/\/subscribebyemail.com\/nettop.guru\/wordpress\/feed\/podcast\/\" class=\"powerpress_link_subscribe powerpress_link_subscribe_email\" target=\"_blank\" title=\"Subscribe by Email\" rel=\"nofollow\">Email<\/a> | <a href=\"https:\/\/nettop.guru\/wordpress\/feed\/podcast\/\" class=\"powerpress_link_subscribe powerpress_link_subscribe_rss\" target=\"_blank\" title=\"Subscribe via RSS\" rel=\"nofollow\">RSS<\/a> | <a href=\"https:\/\/nettop.guru\/wordpress\/\" class=\"powerpress_link_subscribe powerpress_link_subscribe_more\" target=\"_blank\" title=\"More\" rel=\"nofollow\">More<\/a><\/p><!--powerpress_player-->","protected":false},"excerpt":{"rendered":"<p>I denne episoden av \u00abL\u00e6ringsmilj\u00f8 i skole og barnehage\u00bb m\u00f8tes to mobbeforskarar fr\u00e5 to ulike milj\u00f8 for \u00e5 snakke saman om mobbing som fenomen. Korleis forst\u00e5r dei handlingane og prosessane som inng\u00e5r i mobbing? Professor i spesialpedagogikk Ingrid Lund ved <span class=\"readmore\"><a href=\"https:\/\/nettop.guru\/wordpress\/episode-36-mobbing-som-fenomen\/\">Les mer &#8230;<\/a><\/span><\/p>\n","protected":false},"author":5,"featured_media":3419,"comment_status":"closed","ping_status":"closed","sticky":false,"template":"","format":"standard","meta":{"jetpack_post_was_ever_published":false,"_jetpack_newsletter_access":"","_jetpack_dont_email_post_to_subs":false,"_jetpack_newsletter_tier_id":0,"_jetpack_memberships_contains_paywalled_content":false,"_jetpack_memberships_contains_paid_content":false,"footnotes":"","jetpack_publicize_message":"","jetpack_publicize_feature_enabled":true,"jetpack_social_post_already_shared":true,"jetpack_social_options":{"image_generator_settings":{"template":"highway","default_image_id":0,"font":"","enabled":false},"version":2}},"categories":[724],"tags":[1937,1938,2022,2118,2145,2146],"class_list":["post-4547","post","type-post","status-publish","format-standard","has-post-thumbnail","hentry","category-laeringsmiljo-i-skole-og-barnehage","tag-skole-3","tag-utdanning-2","tag-barnehage-2","tag-utdanningsforskning-2","tag-mobbing-2","tag-laeringsmiljo-2"],"jetpack_publicize_connections":[],"jetpack_featured_media_url":"https:\/\/i0.wp.com\/nettop.guru\/wordpress\/wp-content\/uploads\/2023\/01\/Laringsmiljosenteret_LiSkoleBhge_440x300.jpg?fit=440%2C300&ssl=1","jetpack_sharing_enabled":true,"jetpack_shortlink":"https:\/\/wp.me\/p7OAJ5-1bl","jetpack-related-posts":[{"id":3475,"url":"https:\/\/nettop.guru\/wordpress\/episode-10-systematisk-arbeid-mot-mobbing-i-skulen\/","url_meta":{"origin":4547,"position":0},"title":"Episode 11: Systematisk arbeid mot mobbing i skulen","author":"NettOp UiS","date":"02\/03\/2023","format":false,"excerpt":"Kvifor oppst\u00e5r mobbing? Og korleis b\u00f8r eigentleg skular jobbe best mogleg for \u00e5 f\u00f8rebygge mobbing, men ogs\u00e5 for \u00e5 ta vare p\u00e5 alle involverte dersom ei mobbesak oppst\u00e5r? Johannes Finne og Guttorm Helg\u00f8y svarer p\u00e5 desse sp\u00f8rsm\u00e5la med meir i denne episoden av podcast-serien v\u00e5r, som handlar om systematisk arbeid\u2026","rel":"","context":"In &quot;L\u00e6ringsmilj\u00f8 i skole og barnehage&quot;","block_context":{"text":"L\u00e6ringsmilj\u00f8 i skole og barnehage","link":"https:\/\/nettop.guru\/wordpress\/category\/laeringsmiljo-i-skole-og-barnehage\/"},"img":{"alt_text":"","src":"https:\/\/i0.wp.com\/nettop.guru\/wordpress\/wp-content\/uploads\/2023\/01\/Laringsmiljosenteret_LiSkoleBhge_440x300.jpg?fit=440%2C300&ssl=1&resize=350%2C200","width":350,"height":200},"classes":[]},{"id":4399,"url":"https:\/\/nettop.guru\/wordpress\/episode-32-mobbingens-kompleksitet\/","url_meta":{"origin":4547,"position":1},"title":"Episode 32: Mobbingens kompleksitet","author":"NettOp UiS","date":"11\/03\/2025","format":false,"excerpt":"Det kan v\u00e6re vanskelig \u00e5 forst\u00e5 hva det er som gj\u00f8r at noen utsetter andre for mobbing. Spesielt vanskelig er det kanskje \u00e5 forst\u00e5 at de som har opplevd mobbing p\u00e5 kroppen selv, likevel utsetter andre for det samme. Hvorfor gj\u00f8r de det? Denne episoden av podkast-serien \u00abL\u00e6ringsmilj\u00f8 i skole\u2026","rel":"","context":"In &quot;L\u00e6ringsmilj\u00f8 i skole og barnehage&quot;","block_context":{"text":"L\u00e6ringsmilj\u00f8 i skole og barnehage","link":"https:\/\/nettop.guru\/wordpress\/category\/laeringsmiljo-i-skole-og-barnehage\/"},"img":{"alt_text":"","src":"https:\/\/i0.wp.com\/nettop.guru\/wordpress\/wp-content\/uploads\/2023\/01\/Laringsmiljosenteret_LiSkoleBhge_440x300.jpg?fit=440%2C300&ssl=1&resize=350%2C200","width":350,"height":200},"classes":[]},{"id":4567,"url":"https:\/\/nettop.guru\/wordpress\/episode-38-hvordan-skape-et-autoritativt-klima\/","url_meta":{"origin":4547,"position":2},"title":"Episode 38: Hvordan skape et autoritativt klima?","author":"NettOp UiS","date":"12\/08\/2025","format":false,"excerpt":"Elever som g\u00e5r i en barnehage eller p\u00e5 en skole med et godt autoritativt klima, opplever som oftest st\u00f8rre grad av ro og trygghet og mye mindre mobbing og atferdsproblematikk. Det er med andre ord god grunn til \u00e5 si at et autoritativt klima er \u00e5 foretrekke. Men hvordan sikre\u2026","rel":"","context":"In &quot;L\u00e6ringsmilj\u00f8 i skole og barnehage&quot;","block_context":{"text":"L\u00e6ringsmilj\u00f8 i skole og barnehage","link":"https:\/\/nettop.guru\/wordpress\/category\/laeringsmiljo-i-skole-og-barnehage\/"},"img":{"alt_text":"","src":"https:\/\/i0.wp.com\/nettop.guru\/wordpress\/wp-content\/uploads\/2023\/01\/Laringsmiljosenteret_LiSkoleBhge_440x300.jpg?fit=440%2C300&ssl=1&resize=350%2C200","width":350,"height":200},"classes":[]},{"id":2098,"url":"https:\/\/nettop.guru\/wordpress\/episode-1-konsekvenser-av-mobbing\/","url_meta":{"origin":4547,"position":3},"title":"Episode 1: Konsekvenser av mobbing","author":"NettOp UiS","date":"28\/02\/2020","format":false,"excerpt":"Mobbing kan ha store og \u00f8deleggende konsekvenser for den som blir utsatt for det. Er det annerledes for dem som blir utsatt for digital mobbing i tillegg til det som beskrives som tradisjonell mobbing? Og hva kan l\u00e6rere gj\u00f8re dersom de mistenker at en elev blir mobbet p\u00e5 digitale medier?\u2026","rel":"","context":"In &quot;L\u00e6ringsmilj\u00f8 i skole og barnehage&quot;","block_context":{"text":"L\u00e6ringsmilj\u00f8 i skole og barnehage","link":"https:\/\/nettop.guru\/wordpress\/category\/laeringsmiljo-i-skole-og-barnehage\/"},"img":{"alt_text":"","src":"https:\/\/i0.wp.com\/nettop.guru\/wordpress\/wp-content\/uploads\/2020\/02\/Podcast-440x300-1.jpg?fit=440%2C300&ssl=1&resize=350%2C200","width":350,"height":200},"classes":[]},{"id":4285,"url":"https:\/\/nettop.guru\/wordpress\/episode-30-hvorfor-er-mobbetallene-fortsatt-hoye-og-hva-kan-gjores-med-det\/","url_meta":{"origin":4547,"position":4},"title":"Episode 30: Hvorfor er mobbetallene fortsatt h\u00f8ye, og hva kan gj\u00f8res med det?","author":"NettOp UiS","date":"17\/01\/2025","format":false,"excerpt":"Denne uka kom Elevunders\u00f8kelsen, som viser at mobbetallene kanskje ser ut til \u00e5 ha stabilisert seg sammenlignet med i fjor. Men fremdeles er det altfor mange elever som blir mobbet p\u00e5 skolen i Norge. Hvorfor er mobbetallene s\u00e5 h\u00f8ye, og hva kan gj\u00f8res for \u00e5 snu denne negative utviklingen vi\u2026","rel":"","context":"In &quot;L\u00e6ringsmilj\u00f8 i skole og barnehage&quot;","block_context":{"text":"L\u00e6ringsmilj\u00f8 i skole og barnehage","link":"https:\/\/nettop.guru\/wordpress\/category\/laeringsmiljo-i-skole-og-barnehage\/"},"img":{"alt_text":"","src":"https:\/\/i0.wp.com\/nettop.guru\/wordpress\/wp-content\/uploads\/2023\/01\/Laringsmiljosenteret_LiSkoleBhge_440x300.jpg?fit=440%2C300&ssl=1&resize=350%2C200","width":350,"height":200},"classes":[]},{"id":3914,"url":"https:\/\/nettop.guru\/wordpress\/episode-22-trygt-og-godt-pa-sfo\/","url_meta":{"origin":4547,"position":5},"title":"Episode 22: Trygt og godt p\u00e5 SFO","author":"NettOp UiS","date":"29\/02\/2024","format":false,"excerpt":"De fleste skolestartene begynner faktisk ikke p\u00e5 skolen f\u00f8rst, men p\u00e5 skolefritidsordningen (SFO). I dag er det mange barn fra 1-4. klasse som tilbringer flere timer p\u00e5 SFO hver eneste dag, b\u00e5de f\u00f8r og etter skolen. SFO kan derfor sies \u00e5 v\u00e6re en s\u00e6rs viktig arena i barnas liv, b\u00e5de\u2026","rel":"","context":"In &quot;L\u00e6ringsmilj\u00f8 i skole og barnehage&quot;","block_context":{"text":"L\u00e6ringsmilj\u00f8 i skole og barnehage","link":"https:\/\/nettop.guru\/wordpress\/category\/laeringsmiljo-i-skole-og-barnehage\/"},"img":{"alt_text":"","src":"https:\/\/i0.wp.com\/nettop.guru\/wordpress\/wp-content\/uploads\/2023\/01\/Laringsmiljosenteret_LiSkoleBhge_440x300.jpg?fit=440%2C300&ssl=1&resize=350%2C200","width":350,"height":200},"classes":[]}],"_links":{"self":[{"href":"https:\/\/nettop.guru\/wordpress\/wp-json\/wp\/v2\/posts\/4547","targetHints":{"allow":["GET"]}}],"collection":[{"href":"https:\/\/nettop.guru\/wordpress\/wp-json\/wp\/v2\/posts"}],"about":[{"href":"https:\/\/nettop.guru\/wordpress\/wp-json\/wp\/v2\/types\/post"}],"author":[{"embeddable":true,"href":"https:\/\/nettop.guru\/wordpress\/wp-json\/wp\/v2\/users\/5"}],"replies":[{"embeddable":true,"href":"https:\/\/nettop.guru\/wordpress\/wp-json\/wp\/v2\/comments?post=4547"}],"version-history":[{"count":3,"href":"https:\/\/nettop.guru\/wordpress\/wp-json\/wp\/v2\/posts\/4547\/revisions"}],"predecessor-version":[{"id":4552,"href":"https:\/\/nettop.guru\/wordpress\/wp-json\/wp\/v2\/posts\/4547\/revisions\/4552"}],"wp:featuredmedia":[{"embeddable":true,"href":"https:\/\/nettop.guru\/wordpress\/wp-json\/wp\/v2\/media\/3419"}],"wp:attachment":[{"href":"https:\/\/nettop.guru\/wordpress\/wp-json\/wp\/v2\/media?parent=4547"}],"wp:term":[{"taxonomy":"category","embeddable":true,"href":"https:\/\/nettop.guru\/wordpress\/wp-json\/wp\/v2\/categories?post=4547"},{"taxonomy":"post_tag","embeddable":true,"href":"https:\/\/nettop.guru\/wordpress\/wp-json\/wp\/v2\/tags?post=4547"}],"curies":[{"name":"wp","href":"https:\/\/api.w.org\/{rel}","templated":true}]}}