{"id":4625,"date":"2025-09-29T07:33:07","date_gmt":"2025-09-29T05:33:07","guid":{"rendered":"https:\/\/nettop.guru\/wordpress\/?p=4625"},"modified":"2025-09-29T07:33:09","modified_gmt":"2025-09-29T05:33:09","slug":"ki-i-skule-og-utdanning-med-kari-nessa-nordtun-og-paolo-h-scarbocci","status":"publish","type":"post","link":"https:\/\/nettop.guru\/wordpress\/ki-i-skule-og-utdanning-med-kari-nessa-nordtun-og-paolo-h-scarbocci\/","title":{"rendered":"KI i skule og utdanning. Med Kari Nessa Nordtun og Paolo H. Scarbocci"},"content":{"rendered":"\n<p>Skjermar i sm\u00e5skulen? KI p\u00e5 eksamen? Er det framtida \u2013 eller galskap? I denne episoden m\u00f8ter du kunnskapsminister Kari Nessa Nordtun og h\u00f8gskulelektor Paolo H. Scarbocci til ein \u00e6rleg og skarp samtale om ny teknologi i skulen. Vi snakkar kunstig intelligens, skjermbruk, l\u00e6ring, leik \u2013 og kva det eigentleg betyr \u00e5 vere &#8220;digitalt kompetent&#8221; i 2025.<\/p>\n<p>Episoden er tatt opp live fra <a href=\"https:\/\/knowhowedtech.eu\/\" target=\"_blank\" rel=\"noopener\">KnowHow EdTech<\/a><\/p>\n<p><a href=\"https:\/\/podcast.uis.no\/media\/Mohnitor\/250924_live.pdf\" target=\"_blank\" rel=\"noopener\">Transkripsjon av episoden (pdf, \u00e5pnes i nytt vindu)<\/a><\/p>\n<div class=\"powerpress_player\" id=\"powerpress_player_64\"><audio class=\"wp-audio-shortcode\" id=\"audio-4625-1\" preload=\"none\" style=\"width: 100%;\" controls=\"controls\"><source type=\"audio\/mpeg\" src=\"https:\/\/media.blubrry.com\/erasmus_enfermera_espaola\/dts.podtrac.com\/redirect.mp3\/podcast.uis.no\/media\/Mohnitor\/250924_live_master.mp3?_=1\" \/><a href=\"https:\/\/media.blubrry.com\/erasmus_enfermera_espaola\/dts.podtrac.com\/redirect.mp3\/podcast.uis.no\/media\/Mohnitor\/250924_live_master.mp3\">https:\/\/media.blubrry.com\/erasmus_enfermera_espaola\/dts.podtrac.com\/redirect.mp3\/podcast.uis.no\/media\/Mohnitor\/250924_live_master.mp3<\/a><\/audio><\/div><p class=\"powerpress_links powerpress_links_mp3\" style=\"margin-bottom: 1px !important;\">Podcast: <a href=\"https:\/\/media.blubrry.com\/erasmus_enfermera_espaola\/dts.podtrac.com\/redirect.mp3\/podcast.uis.no\/media\/Mohnitor\/250924_live_master.mp3\" class=\"powerpress_link_pinw\" target=\"_blank\" title=\"Play in new window\" onclick=\"return powerpress_pinw('https:\/\/nettop.guru\/wordpress\/?powerpress_pinw=4625-podcast');\" rel=\"nofollow\">Play in new window<\/a> | <a href=\"https:\/\/media.blubrry.com\/erasmus_enfermera_espaola\/dts.podtrac.com\/redirect.mp3\/podcast.uis.no\/media\/Mohnitor\/250924_live_master.mp3\" class=\"powerpress_link_d\" title=\"Download\" rel=\"nofollow\" download=\"250924_live_master.mp3\">Download<\/a> (Duration: 40:36 &#8212; 55.8MB) | <a href=\"#\" class=\"powerpress_link_e\" title=\"Embed\" onclick=\"return powerpress_show_embed('4625-podcast');\" rel=\"nofollow\">Embed<\/a><\/p><p class=\"powerpress_embed_box\" id=\"powerpress_embed_4625-podcast\" style=\"display: none;\"><input id=\"powerpress_embed_4625-podcast_t\" type=\"text\" value=\"&lt;iframe width=&quot;320&quot; height=&quot;30&quot; src=&quot;https:\/\/nettop.guru\/wordpress\/?powerpress_embed=4625-podcast&amp;amp;powerpress_player=mediaelement-audio&quot; title=&quot;Blubrry Podcast Player&quot; frameborder=&quot;0&quot; scrolling=&quot;no&quot;&gt;&lt;\/iframe&gt;\" onclick=\"javascript: this.select();\" onfocus=\"javascript: this.select();\" style=\"width: 70%;\" readOnly><\/p><p class=\"powerpress_links powerpress_subscribe_links\">Subscribe: <a href=\"https:\/\/subscribebyemail.com\/nettop.guru\/wordpress\/feed\/podcast\/\" class=\"powerpress_link_subscribe powerpress_link_subscribe_email\" target=\"_blank\" title=\"Subscribe by Email\" rel=\"nofollow\">Email<\/a> | <a href=\"https:\/\/nettop.guru\/wordpress\/feed\/podcast\/\" class=\"powerpress_link_subscribe powerpress_link_subscribe_rss\" target=\"_blank\" title=\"Subscribe via RSS\" rel=\"nofollow\">RSS<\/a> | <a href=\"https:\/\/nettop.guru\/wordpress\/\" class=\"powerpress_link_subscribe powerpress_link_subscribe_more\" target=\"_blank\" title=\"More\" rel=\"nofollow\">More<\/a><\/p><!--powerpress_player-->","protected":false},"excerpt":{"rendered":"<p>Skjermar i sm\u00e5skulen? KI p\u00e5 eksamen? Er det framtida \u2013 eller galskap? I denne episoden m\u00f8ter du kunnskapsminister Kari Nessa Nordtun og h\u00f8gskulelektor Paolo H. Scarbocci til ein \u00e6rleg og skarp samtale om ny teknologi i skulen. Vi snakkar kunstig <span class=\"readmore\"><a href=\"https:\/\/nettop.guru\/wordpress\/ki-i-skule-og-utdanning-med-kari-nessa-nordtun-og-paolo-h-scarbocci\/\">Les mer &#8230;<\/a><\/span><\/p>\n","protected":false},"author":5,"featured_media":4287,"comment_status":"closed","ping_status":"closed","sticky":false,"template":"","format":"standard","meta":{"jetpack_post_was_ever_published":false,"_jetpack_newsletter_access":"","_jetpack_dont_email_post_to_subs":false,"_jetpack_newsletter_tier_id":0,"_jetpack_memberships_contains_paywalled_content":false,"_jetpack_memberships_contains_paid_content":false,"footnotes":"","jetpack_publicize_message":"","jetpack_publicize_feature_enabled":true,"jetpack_social_post_already_shared":true,"jetpack_social_options":{"image_generator_settings":{"template":"highway","default_image_id":0,"font":"","enabled":false},"version":2}},"categories":[2148],"tags":[43,624,1465,1615,2184,2417,2418,2419,2420],"class_list":["post-4625","post","type-post","status-publish","format-standard","has-post-thumbnail","hentry","category-mohnitor","tag-eksamen","tag-knowhow-edtech","tag-digital-kompetanse","tag-ki","tag-kari-nessa-nordtun","tag-paolo-scarbocci","tag-skjerm","tag-skjermtid","tag-teknologi-i-skolen"],"jetpack_publicize_connections":[],"jetpack_featured_media_url":"https:\/\/i0.wp.com\/nettop.guru\/wordpress\/wp-content\/uploads\/2025\/01\/mohnitor_440x300.jpg?fit=440%2C300&ssl=1","jetpack_sharing_enabled":true,"jetpack_shortlink":"https:\/\/wp.me\/p7OAJ5-1cB","jetpack-related-posts":[{"id":1972,"url":"https:\/\/nettop.guru\/wordpress\/podcasten-om-laering-og-teknologi-8-kan-teknologi-sta-i-veien-for-laering\/","url_meta":{"origin":4625,"position":0},"title":"Podcasten om l\u00e6ring og teknologi #8 &#8211; Kan teknologi st\u00e5 i veien for l\u00e6ring?","author":"NettOp UiS","date":"18\/12\/2019","format":false,"excerpt":"Debatten g\u00e5r. Rektor Eirik J\u00e5tten ved Revheim ungdomsskole i Stavanger har gjort dypdykk i historien, og det viser seg at denne debatten faktisk er 40 \u00e5r gammel! Men hva sier forskningen? Helene og Merete er spente p\u00e5 om Eirik har noen svar, og har invitert ham til en samtale i\u2026","rel":"","context":"In &quot;KnowHow EdTech&quot;","block_context":{"text":"KnowHow EdTech","link":"https:\/\/nettop.guru\/wordpress\/category\/knowhow\/"},"img":{"alt_text":"","src":"https:\/\/i0.wp.com\/nettop.guru\/wordpress\/wp-content\/uploads\/2018\/02\/edtech_post_440.png?fit=440%2C300&ssl=1&resize=350%2C200","width":350,"height":200},"classes":[]},{"id":2005,"url":"https:\/\/nettop.guru\/wordpress\/sok-og-kildekritikk-9\/","url_meta":{"origin":4625,"position":1},"title":"Podcasten om l\u00e6ring og teknologi #9 \u2013 S\u00f8k og kildekritikk","author":"NettOp UiS","date":"15\/01\/2020","format":false,"excerpt":"Som aktive samfunnsborgere skal vi bedrive kildekritikk i alt vi foretar oss, men det er ikke enkelt i en verden med b\u00e5de rene fakta og mye tulle-fakta. Hvordan f\u00e5r man god nok s\u00f8ke-kompetanse? Er Wikipedia en god kilde \u00e5 henvise til? For \u00e5 f\u00e5 svar p\u00e5 dette er Universitetsbibliotekar Ingeborg\u2026","rel":"","context":"In &quot;KnowHow EdTech&quot;","block_context":{"text":"KnowHow EdTech","link":"https:\/\/nettop.guru\/wordpress\/category\/knowhow\/"},"img":{"alt_text":"","src":"https:\/\/i0.wp.com\/nettop.guru\/wordpress\/wp-content\/uploads\/2018\/02\/edtech_post_440.png?fit=440%2C300&ssl=1&resize=350%2C200","width":350,"height":200},"classes":[]},{"id":4373,"url":"https:\/\/nettop.guru\/wordpress\/prokrastinering\/","url_meta":{"origin":4625,"position":2},"title":"Prokrastinering?!?","author":"NettOp UiS","date":"04\/03\/2025","format":false,"excerpt":"Jobber du best n\u00e5r du har et tidspress p\u00e5 deg? Utsetter du oppgaver du synes er litt kjipe? Velger du husvask fremfor \u00e5 lese til eksamen? I s\u00e5 fall kan det hende du lider av \u00abstudentsyndromet\u00bb og prokrastinerer. I denne episoden snakker vi med psykolog i SiS Magnus Melberg om\u2026","rel":"","context":"In &quot;Veiledningspodden&quot;","block_context":{"text":"Veiledningspodden","link":"https:\/\/nettop.guru\/wordpress\/category\/veiledningspodden\/"},"img":{"alt_text":"","src":"https:\/\/i0.wp.com\/nettop.guru\/wordpress\/wp-content\/uploads\/2019\/07\/Veiledningspodden_skrik_440x300.png?fit=440%2C300&ssl=1&resize=350%2C200","width":350,"height":200},"classes":[]},{"id":4711,"url":"https:\/\/nettop.guru\/wordpress\/episode-13-patalemyndighetens-organisasjon-og-kompetanse\/","url_meta":{"origin":4625,"position":3},"title":"Episode 13 &#8211; P\u00e5talemyndighetens organisasjon og kompetanse","author":"NettOp UiS","date":"01\/12\/2025","format":false,"excerpt":"I denne episoden av Paragrafprat gj\u00f8r Professor Gert Johan Kjelby oss kjent med p\u00e5talemyndighetens organisasjon og kompetanse. Vi diskuterer\u00a0det organisatoriske, lovens ordning med hvem som bestemmer hva, tvangsmidler og f\u00e5r til og med noen studietips til slutt.Episoden egner seg ypperlig til deg som skal ha eksamen i prosess- og strafferett,\u2026","rel":"","context":"In &quot;Paragrafprat&quot;","block_context":{"text":"Paragrafprat","link":"https:\/\/nettop.guru\/wordpress\/category\/paragrafprat\/"},"img":{"alt_text":"","src":"https:\/\/i0.wp.com\/nettop.guru\/wordpress\/wp-content\/uploads\/2025\/02\/Paragrafprat_440x300px.png?fit=440%2C300&ssl=1&resize=350%2C200","width":350,"height":200},"classes":[]},{"id":1911,"url":"https:\/\/nettop.guru\/wordpress\/har-det-gatt-filleveien\/","url_meta":{"origin":4625,"position":4},"title":"Har det g\u00e5tt filleveien?","author":"NettOp UiS","date":"29\/11\/2019","format":false,"excerpt":"Ta det med ro, du er ikke alene! I denne episoden snakker vi om hva du kan gj\u00f8re n\u00e5r det har g\u00e5tt skeis. I podkast-serien \u201cVeiledningspodden\u201d kan du h\u00f8re studieveiledere ved Universitetet i Stavanger diskuterer stort og sm\u00e5tt om studenttilv\u00e6relsen. Med p\u00e5 episoden: Siri Haugen, Ragnhild Scheen og Anne Marit\u2026","rel":"","context":"In &quot;Veiledningspodden&quot;","block_context":{"text":"Veiledningspodden","link":"https:\/\/nettop.guru\/wordpress\/category\/veiledningspodden\/"},"img":{"alt_text":"","src":"https:\/\/i0.wp.com\/nettop.guru\/wordpress\/wp-content\/uploads\/2019\/07\/Veiledningspodden_skrik_440x300.png?fit=440%2C300&ssl=1&resize=350%2C200","width":350,"height":200},"classes":[]},{"id":4723,"url":"https:\/\/nettop.guru\/wordpress\/o-jul-med-din-glede\/","url_meta":{"origin":4625,"position":5},"title":"O jul med din glede?!","author":"NettOp UiS","date":"01\/12\/2025","format":false,"excerpt":"Vinterlysene er hengt opp. Det er kun et par hektiske uker igjen av semesteret, f\u00f8r ferien begynner og det blir stille p\u00e5 campus. Mange av oss gleder oss til jul, og noen av oss gru-gleder oss. I denne episoden snakker vi med studentprest i Stavanger, Sigbj\u00f8rn J\u00e5rvik, om juleferie, tradisjoner\u2026","rel":"","context":"In &quot;Veiledningspodden&quot;","block_context":{"text":"Veiledningspodden","link":"https:\/\/nettop.guru\/wordpress\/category\/veiledningspodden\/"},"img":{"alt_text":"","src":"https:\/\/i0.wp.com\/nettop.guru\/wordpress\/wp-content\/uploads\/2019\/07\/Veiledningspodden_skrik_440x300.png?fit=440%2C300&ssl=1&resize=350%2C200","width":350,"height":200},"classes":[]}],"_links":{"self":[{"href":"https:\/\/nettop.guru\/wordpress\/wp-json\/wp\/v2\/posts\/4625","targetHints":{"allow":["GET"]}}],"collection":[{"href":"https:\/\/nettop.guru\/wordpress\/wp-json\/wp\/v2\/posts"}],"about":[{"href":"https:\/\/nettop.guru\/wordpress\/wp-json\/wp\/v2\/types\/post"}],"author":[{"embeddable":true,"href":"https:\/\/nettop.guru\/wordpress\/wp-json\/wp\/v2\/users\/5"}],"replies":[{"embeddable":true,"href":"https:\/\/nettop.guru\/wordpress\/wp-json\/wp\/v2\/comments?post=4625"}],"version-history":[{"count":2,"href":"https:\/\/nettop.guru\/wordpress\/wp-json\/wp\/v2\/posts\/4625\/revisions"}],"predecessor-version":[{"id":4628,"href":"https:\/\/nettop.guru\/wordpress\/wp-json\/wp\/v2\/posts\/4625\/revisions\/4628"}],"wp:featuredmedia":[{"embeddable":true,"href":"https:\/\/nettop.guru\/wordpress\/wp-json\/wp\/v2\/media\/4287"}],"wp:attachment":[{"href":"https:\/\/nettop.guru\/wordpress\/wp-json\/wp\/v2\/media?parent=4625"}],"wp:term":[{"taxonomy":"category","embeddable":true,"href":"https:\/\/nettop.guru\/wordpress\/wp-json\/wp\/v2\/categories?post=4625"},{"taxonomy":"post_tag","embeddable":true,"href":"https:\/\/nettop.guru\/wordpress\/wp-json\/wp\/v2\/tags?post=4625"}],"curies":[{"name":"wp","href":"https:\/\/api.w.org\/{rel}","templated":true}]}}