{"id":4667,"date":"2025-11-04T09:05:27","date_gmt":"2025-11-04T08:05:27","guid":{"rendered":"https:\/\/nettop.guru\/wordpress\/?p=4667"},"modified":"2025-11-13T17:47:22","modified_gmt":"2025-11-13T16:47:22","slug":"den-fabelaktige-narsissisten-med-gunhild-bjaalid-og-espen-skorstad","status":"publish","type":"post","link":"https:\/\/nettop.guru\/wordpress\/den-fabelaktige-narsissisten-med-gunhild-bjaalid-og-espen-skorstad\/","title":{"rendered":"Den fabelaktige narsissisten, med Gunhild Bjaalid og Espen Skorstad"},"content":{"rendered":"\n<p>Kva skjer n\u00e5r prestasjonskultur og sj\u00f8lvforherligelse g\u00e5r viralt?<\/p>\n<p>Bli med p\u00e5 ein frisk prat om narsissisme, fr\u00e5 speglande selfies til sj\u00f8lvhevdande sjefar. Med psykolog og forfattar <em>Espen Skorstad<\/em>, og organisasjonsforskar <em>Gunhild Bjaalid<\/em>.<\/p>\n<p>Ein podkast om ego, ambisjon \u2013 og trongen til \u00e5 bli sett.<\/p>\n<p>\u00a0<\/p>\n<p><a href=\"https:\/\/podcast.uis.no\/media\/Mohnitor\/2025_1024_0810_Master.pdf\" target=\"_blank\" rel=\"noopener\">Du finner transkripsjon av episoden her (pdf, \u00e5pnes i nytt vindu).<\/a><\/p>\n<div class=\"powerpress_player\" id=\"powerpress_player_3122\"><audio class=\"wp-audio-shortcode\" id=\"audio-4667-1\" preload=\"none\" style=\"width: 100%;\" controls=\"controls\"><source type=\"audio\/mpeg\" src=\"https:\/\/media.blubrry.com\/erasmus_enfermera_espaola\/dts.podtrac.com\/redirect.mp3\/podcast.uis.no\/media\/Mohnitor\/den_fabelaktige.mp3?_=1\" \/><a href=\"https:\/\/media.blubrry.com\/erasmus_enfermera_espaola\/dts.podtrac.com\/redirect.mp3\/podcast.uis.no\/media\/Mohnitor\/den_fabelaktige.mp3\">https:\/\/media.blubrry.com\/erasmus_enfermera_espaola\/dts.podtrac.com\/redirect.mp3\/podcast.uis.no\/media\/Mohnitor\/den_fabelaktige.mp3<\/a><\/audio><\/div><p class=\"powerpress_links powerpress_links_mp3\" style=\"margin-bottom: 1px !important;\">Podcast: <a href=\"https:\/\/media.blubrry.com\/erasmus_enfermera_espaola\/dts.podtrac.com\/redirect.mp3\/podcast.uis.no\/media\/Mohnitor\/den_fabelaktige.mp3\" class=\"powerpress_link_pinw\" target=\"_blank\" title=\"Play in new window\" onclick=\"return powerpress_pinw('https:\/\/nettop.guru\/wordpress\/?powerpress_pinw=4667-podcast');\" rel=\"nofollow\">Play in new window<\/a> | <a href=\"https:\/\/media.blubrry.com\/erasmus_enfermera_espaola\/dts.podtrac.com\/redirect.mp3\/podcast.uis.no\/media\/Mohnitor\/den_fabelaktige.mp3\" class=\"powerpress_link_d\" title=\"Download\" rel=\"nofollow\" download=\"den_fabelaktige.mp3\">Download<\/a> (Duration: 40:07 &#8212; 55.1MB) | <a href=\"#\" class=\"powerpress_link_e\" title=\"Embed\" onclick=\"return powerpress_show_embed('4667-podcast');\" rel=\"nofollow\">Embed<\/a><\/p><p class=\"powerpress_embed_box\" id=\"powerpress_embed_4667-podcast\" style=\"display: none;\"><input id=\"powerpress_embed_4667-podcast_t\" type=\"text\" value=\"&lt;iframe width=&quot;320&quot; height=&quot;30&quot; src=&quot;https:\/\/nettop.guru\/wordpress\/?powerpress_embed=4667-podcast&amp;amp;powerpress_player=mediaelement-audio&quot; title=&quot;Blubrry Podcast Player&quot; frameborder=&quot;0&quot; scrolling=&quot;no&quot;&gt;&lt;\/iframe&gt;\" onclick=\"javascript: this.select();\" onfocus=\"javascript: this.select();\" style=\"width: 70%;\" readOnly><\/p><p class=\"powerpress_links powerpress_subscribe_links\">Subscribe: <a href=\"https:\/\/subscribebyemail.com\/nettop.guru\/wordpress\/feed\/podcast\/\" class=\"powerpress_link_subscribe powerpress_link_subscribe_email\" target=\"_blank\" title=\"Subscribe by Email\" rel=\"nofollow\">Email<\/a> | <a href=\"https:\/\/nettop.guru\/wordpress\/feed\/podcast\/\" class=\"powerpress_link_subscribe powerpress_link_subscribe_rss\" target=\"_blank\" title=\"Subscribe via RSS\" rel=\"nofollow\">RSS<\/a> | <a href=\"https:\/\/nettop.guru\/wordpress\/\" class=\"powerpress_link_subscribe powerpress_link_subscribe_more\" target=\"_blank\" title=\"More\" rel=\"nofollow\">More<\/a><\/p><!--powerpress_player-->","protected":false},"excerpt":{"rendered":"<p>Kva skjer n\u00e5r prestasjonskultur og sj\u00f8lvforherligelse g\u00e5r viralt? Bli med p\u00e5 ein frisk prat om narsissisme, fr\u00e5 speglande selfies til sj\u00f8lvhevdande sjefar. Med psykolog og forfattar Espen Skorstad, og organisasjonsforskar Gunhild Bjaalid. Ein podkast om ego, ambisjon \u2013 og trongen <span class=\"readmore\"><a href=\"https:\/\/nettop.guru\/wordpress\/den-fabelaktige-narsissisten-med-gunhild-bjaalid-og-espen-skorstad\/\">Les mer &#8230;<\/a><\/span><\/p>\n","protected":false},"author":5,"featured_media":4287,"comment_status":"closed","ping_status":"closed","sticky":false,"template":"","format":"standard","meta":{"jetpack_post_was_ever_published":false,"_jetpack_newsletter_access":"","_jetpack_dont_email_post_to_subs":false,"_jetpack_newsletter_tier_id":0,"_jetpack_memberships_contains_paywalled_content":false,"_jetpack_memberships_contains_paid_content":false,"footnotes":"","jetpack_publicize_message":"","jetpack_publicize_feature_enabled":true,"jetpack_social_post_already_shared":true,"jetpack_social_options":{"image_generator_settings":{"template":"highway","default_image_id":0,"font":"","enabled":false},"version":2}},"categories":[2148],"tags":[2442,2454,2455],"class_list":["post-4667","post","type-post","status-publish","format-standard","has-post-thumbnail","hentry","category-mohnitor","tag-narsissisme-2","tag-espen-skorstad","tag-gunhild-bjaalid"],"jetpack_publicize_connections":[],"jetpack_featured_media_url":"https:\/\/i0.wp.com\/nettop.guru\/wordpress\/wp-content\/uploads\/2025\/01\/mohnitor_440x300.jpg?fit=440%2C300&ssl=1","jetpack_sharing_enabled":true,"jetpack_shortlink":"https:\/\/wp.me\/p7OAJ5-1dh","jetpack-related-posts":[{"id":1224,"url":"https:\/\/nettop.guru\/wordpress\/for-noen-er-skoleveien-mye-brattere\/","url_meta":{"origin":4667,"position":0},"title":"Hva kan gj\u00f8res med skolevegring?","author":"NettOp UiS","date":"15\/05\/2018","format":false,"excerpt":"Strever du med \u00e5 f\u00e5 barnet ditt p\u00e5 skolen? Eller strever du med barn som faktisk kommer p\u00e5 skolen? Trude Havik ved Nasjonalt senter for l\u00e6ringsmilj\u00f8 og atferdsforskning har forsket p\u00e5 skolefrav\u00e6r og skolevegring. Hun gir r\u00e5d om hva foreldre og l\u00e6rere b\u00f8r \u2013 og ikke b\u00f8r \u2013 gj\u00f8re. Programleder:\u2026","rel":"","context":"In &quot;Auditorium UiS - Popul\u00e6rvitenskap&quot;","block_context":{"text":"Auditorium UiS - Popul\u00e6rvitenskap","link":"https:\/\/nettop.guru\/wordpress\/category\/auditorium-uis\/"},"img":{"alt_text":"","src":"https:\/\/i0.wp.com\/nettop.guru\/wordpress\/wp-content\/uploads\/2017\/12\/auditorium_post_440.jpg?fit=440%2C300&ssl=1&resize=350%2C200","width":350,"height":200},"classes":[]},{"id":1013,"url":"https:\/\/nettop.guru\/wordpress\/auditorium-uis-22-august-2017\/","url_meta":{"origin":4667,"position":1},"title":"Fremtidsforskning og megatrender","author":"NettOp UiS","date":"18\/12\/2017","format":false,"excerpt":"Hva er en megatrend? Hvordan kan virksomheter og organisasjoner forutse, og til og med dra fordel av, slike trender? Hva m\u00e5 de kunne for \u00e5 greie det? Professor emeritus og fremtidsforsker Jan Erik Karlsen har forsket p\u00e5 det moderne produksjonslivet i 45 \u00e5r. Programleder: Espen Reiss Mathiesen.","rel":"","context":"In &quot;Auditorium UiS - Popul\u00e6rvitenskap&quot;","block_context":{"text":"Auditorium UiS - Popul\u00e6rvitenskap","link":"https:\/\/nettop.guru\/wordpress\/category\/auditorium-uis\/"},"img":{"alt_text":"","src":"https:\/\/i0.wp.com\/nettop.guru\/wordpress\/wp-content\/uploads\/2017\/12\/auditorium_post_440.jpg?fit=440%2C300&ssl=1&resize=350%2C200","width":350,"height":200},"classes":[]},{"id":4876,"url":"https:\/\/nettop.guru\/wordpress\/fra-erfaren-til-masterstudent-og-novise-en-aerlig-samtale-med-andrearsstudenter-om-overganger-og-utvikling\/","url_meta":{"origin":4667,"position":2},"title":"Fra erfaren til masterstudent og novise \u2013 en \u00e6rlig samtale med andre\u00e5rsstudenter om overganger og utvikling","author":"NettOp UiS","date":"20\/04\/2026","format":false,"excerpt":"I denne episoden m\u00f8ter vi to masterstudenter som deler hvordan det er \u00e5 g\u00e5 fra en etablert karriere til \u00e5 bli student igjen. De snakker om forskjellene mellom bachelor- og masterstudier, om \u00e5 v\u00e6re student p\u00e5 sin fremtidige arbeidsplass, og om overgangen fra \u00e5 v\u00e6re f\u00f8rste- til andre\u00e5rsstudent p\u00e5 master\u2026","rel":"","context":"In &quot;Steril sone&quot;","block_context":{"text":"Steril sone","link":"https:\/\/nettop.guru\/wordpress\/category\/sterilsone\/"},"img":{"alt_text":"","src":"https:\/\/i0.wp.com\/nettop.guru\/wordpress\/wp-content\/uploads\/2025\/03\/Sterilsone_UiS_440x300px.png?fit=440%2C300&ssl=1&resize=350%2C200","width":350,"height":200},"classes":[]},{"id":4304,"url":"https:\/\/nettop.guru\/wordpress\/kvifor-vil-ikkje-fleire-bli-laerar\/","url_meta":{"origin":4667,"position":3},"title":"Kvifor vil ikkje fleire bli l\u00e6rar? Med Kari N. Nordtun, Elaine Munthe og Hege E. R\u00f8en","author":"NettOp UiS","date":"24\/01\/2025","format":false,"excerpt":"Alle kan einast om at l\u00e6rarane gjer ein viktig og verdifull jobb. Kvifor st\u00e5r d\u00e5 ikkje ungdommen i k\u00f8 for \u00e5 bli l\u00e6rar? Klaus Mohn samtaler med kunnskapsminister Kari Nessa Nordtun, professor Elaine Munthe og skolesjef i Sandnes Hege Egaas R\u00f8en om kva som ligg bak fr\u00e5fallet av s\u00f8kjarar til\u2026","rel":"","context":"In &quot;mohnitor&quot;","block_context":{"text":"mohnitor","link":"https:\/\/nettop.guru\/wordpress\/category\/mohnitor\/"},"img":{"alt_text":"","src":"https:\/\/i0.wp.com\/nettop.guru\/wordpress\/wp-content\/uploads\/2025\/01\/mohnitor_440x300.jpg?fit=440%2C300&ssl=1&resize=350%2C200","width":350,"height":200},"classes":[]},{"id":1387,"url":"https:\/\/nettop.guru\/wordpress\/norront-sprak-og-gamle-stedsnavn\/","url_meta":{"origin":4667,"position":4},"title":"Norr\u00f8nt spr\u00e5k og gamle stedsnavn","author":"NettOp UiS","date":"02\/07\/2018","format":false,"excerpt":"Professor i nordisk spr\u00e5k, Inge S\u00e6rheim, forteller om norr\u00f8nt spr\u00e5k og gamle stedsnavn. Visste du for eksempel at mange gamle stedsnavn langs kysten skulle advare om farlige skj\u00e6r, trange viker og grunner? Auditorium er en podkastserie fra UiS som er ment \u00e5 gj\u00f8re deg litt klokere. I denne serien blir\u2026","rel":"","context":"In &quot;Auditorium UiS - Popul\u00e6rvitenskap&quot;","block_context":{"text":"Auditorium UiS - Popul\u00e6rvitenskap","link":"https:\/\/nettop.guru\/wordpress\/category\/auditorium-uis\/"},"img":{"alt_text":"","src":"https:\/\/i0.wp.com\/nettop.guru\/wordpress\/wp-content\/uploads\/2018\/08\/audit440ny.jpg?fit=440%2C300&ssl=1&resize=350%2C200","width":350,"height":200},"classes":[]},{"id":4732,"url":"https:\/\/nettop.guru\/wordpress\/episode-42-korleis-meistre-god-klasseleiing\/","url_meta":{"origin":4667,"position":5},"title":"Episode 42: Korleis meistre god klasseleiing?","author":"NettOp UiS","date":"19\/12\/2025","format":false,"excerpt":"L\u00e6rarar har meir \u00e5 stri med enn nokon gong \u2013 mange er sletne og fleire endar opp med \u00e5 slutte i jobben. Kan god st\u00f8tte til klasseleiing v\u00e6re ein del av l\u00f8ysinga for \u00e5 f\u00e5 fleire l\u00e6rarar til \u00e5 bli i jobben? Og kva rolle kan interaksjonar mellom l\u00e6rar og\u2026","rel":"","context":"In &quot;L\u00e6ringsmilj\u00f8 i skole og barnehage&quot;","block_context":{"text":"L\u00e6ringsmilj\u00f8 i skole og barnehage","link":"https:\/\/nettop.guru\/wordpress\/category\/laeringsmiljo-i-skole-og-barnehage\/"},"img":{"alt_text":"","src":"https:\/\/i0.wp.com\/nettop.guru\/wordpress\/wp-content\/uploads\/2023\/01\/Laringsmiljosenteret_LiSkoleBhge_440x300.jpg?fit=440%2C300&ssl=1&resize=350%2C200","width":350,"height":200},"classes":[]}],"_links":{"self":[{"href":"https:\/\/nettop.guru\/wordpress\/wp-json\/wp\/v2\/posts\/4667","targetHints":{"allow":["GET"]}}],"collection":[{"href":"https:\/\/nettop.guru\/wordpress\/wp-json\/wp\/v2\/posts"}],"about":[{"href":"https:\/\/nettop.guru\/wordpress\/wp-json\/wp\/v2\/types\/post"}],"author":[{"embeddable":true,"href":"https:\/\/nettop.guru\/wordpress\/wp-json\/wp\/v2\/users\/5"}],"replies":[{"embeddable":true,"href":"https:\/\/nettop.guru\/wordpress\/wp-json\/wp\/v2\/comments?post=4667"}],"version-history":[{"count":2,"href":"https:\/\/nettop.guru\/wordpress\/wp-json\/wp\/v2\/posts\/4667\/revisions"}],"predecessor-version":[{"id":4678,"href":"https:\/\/nettop.guru\/wordpress\/wp-json\/wp\/v2\/posts\/4667\/revisions\/4678"}],"wp:featuredmedia":[{"embeddable":true,"href":"https:\/\/nettop.guru\/wordpress\/wp-json\/wp\/v2\/media\/4287"}],"wp:attachment":[{"href":"https:\/\/nettop.guru\/wordpress\/wp-json\/wp\/v2\/media?parent=4667"}],"wp:term":[{"taxonomy":"category","embeddable":true,"href":"https:\/\/nettop.guru\/wordpress\/wp-json\/wp\/v2\/categories?post=4667"},{"taxonomy":"post_tag","embeddable":true,"href":"https:\/\/nettop.guru\/wordpress\/wp-json\/wp\/v2\/tags?post=4667"}],"curies":[{"name":"wp","href":"https:\/\/api.w.org\/{rel}","templated":true}]}}