{"id":4689,"date":"2025-11-17T09:18:16","date_gmt":"2025-11-17T08:18:16","guid":{"rendered":"https:\/\/nettop.guru\/wordpress\/?p=4689"},"modified":"2025-11-17T09:18:18","modified_gmt":"2025-11-17T08:18:18","slug":"episode-11-lar-jussen-seg-kombinere-erfaringer-fra-to-studenter","status":"publish","type":"post","link":"https:\/\/nettop.guru\/wordpress\/episode-11-lar-jussen-seg-kombinere-erfaringer-fra-to-studenter\/","title":{"rendered":"Episode 11 &#8211; Lar jussen seg kombinere? Erfaringer fra to studenter"},"content":{"rendered":"\n<p>Denne episoden handler om studieliv. N\u00e6rmere sagt om jusstudiet lar seg kombinere med andre tidkrevende forpliktelser. Til \u00e5 dele sine erfaringer og perspektiver har vi f\u00e5tt bes\u00f8k av to jusstudenter som har en studiehverdag utenom det vanlige. Theodor Middelthon seiler for det norske landslaget og Sanna Rana er aktiv politiker. I episoden blir vi kjent med studentene, diskuterer forventninger, studieteknikk og erfaringer rundt det \u00e5 f\u00e5 hverdagen til \u00e5 g\u00e5 opp.\u00a0<\/p>\n<p><a href=\"https:\/\/podcast.uis.no\/media\/Paragrafprat\/2025_0930_1005.pdf\" target=\"_blank\" rel=\"noopener\">Transkripsjon av episoden her<\/a><\/p>\n<div class=\"powerpress_player\" id=\"powerpress_player_944\"><audio class=\"wp-audio-shortcode\" id=\"audio-4689-1\" preload=\"none\" style=\"width: 100%;\" controls=\"controls\"><source type=\"audio\/mpeg\" src=\"https:\/\/media.blubrry.com\/erasmus_enfermera_espaola\/dts.podtrac.com\/redirect.mp3\/podcast.uis.no\/media\/Paragrafprat\/2025_0930_1005_master.mp3?_=1\" \/><a href=\"https:\/\/media.blubrry.com\/erasmus_enfermera_espaola\/dts.podtrac.com\/redirect.mp3\/podcast.uis.no\/media\/Paragrafprat\/2025_0930_1005_master.mp3\">https:\/\/media.blubrry.com\/erasmus_enfermera_espaola\/dts.podtrac.com\/redirect.mp3\/podcast.uis.no\/media\/Paragrafprat\/2025_0930_1005_master.mp3<\/a><\/audio><\/div><p class=\"powerpress_links powerpress_links_mp3\" style=\"margin-bottom: 1px !important;\">Podcast: <a href=\"https:\/\/media.blubrry.com\/erasmus_enfermera_espaola\/dts.podtrac.com\/redirect.mp3\/podcast.uis.no\/media\/Paragrafprat\/2025_0930_1005_master.mp3\" class=\"powerpress_link_pinw\" target=\"_blank\" title=\"Play in new window\" onclick=\"return powerpress_pinw('https:\/\/nettop.guru\/wordpress\/?powerpress_pinw=4689-podcast');\" rel=\"nofollow\">Play in new window<\/a> | <a href=\"https:\/\/media.blubrry.com\/erasmus_enfermera_espaola\/dts.podtrac.com\/redirect.mp3\/podcast.uis.no\/media\/Paragrafprat\/2025_0930_1005_master.mp3\" class=\"powerpress_link_d\" title=\"Download\" rel=\"nofollow\" download=\"2025_0930_1005_master.mp3\">Download<\/a> (Duration: 37:22 &#8212; 51.3MB) | <a href=\"#\" class=\"powerpress_link_e\" title=\"Embed\" onclick=\"return powerpress_show_embed('4689-podcast');\" rel=\"nofollow\">Embed<\/a><\/p><p class=\"powerpress_embed_box\" id=\"powerpress_embed_4689-podcast\" style=\"display: none;\"><input id=\"powerpress_embed_4689-podcast_t\" type=\"text\" value=\"&lt;iframe width=&quot;320&quot; height=&quot;30&quot; src=&quot;https:\/\/nettop.guru\/wordpress\/?powerpress_embed=4689-podcast&amp;amp;powerpress_player=mediaelement-audio&quot; title=&quot;Blubrry Podcast Player&quot; frameborder=&quot;0&quot; scrolling=&quot;no&quot;&gt;&lt;\/iframe&gt;\" onclick=\"javascript: this.select();\" onfocus=\"javascript: this.select();\" style=\"width: 70%;\" readOnly><\/p><p class=\"powerpress_links powerpress_subscribe_links\">Subscribe: <a href=\"https:\/\/subscribebyemail.com\/nettop.guru\/wordpress\/feed\/podcast\/\" class=\"powerpress_link_subscribe powerpress_link_subscribe_email\" target=\"_blank\" title=\"Subscribe by Email\" rel=\"nofollow\">Email<\/a> | <a href=\"https:\/\/nettop.guru\/wordpress\/feed\/podcast\/\" class=\"powerpress_link_subscribe powerpress_link_subscribe_rss\" target=\"_blank\" title=\"Subscribe via RSS\" rel=\"nofollow\">RSS<\/a> | <a href=\"https:\/\/nettop.guru\/wordpress\/\" class=\"powerpress_link_subscribe powerpress_link_subscribe_more\" target=\"_blank\" title=\"More\" rel=\"nofollow\">More<\/a><\/p><!--powerpress_player-->","protected":false},"excerpt":{"rendered":"<p>Denne episoden handler om studieliv. N\u00e6rmere sagt om jusstudiet lar seg kombinere med andre tidkrevende forpliktelser. Til \u00e5 dele sine erfaringer og perspektiver har vi f\u00e5tt bes\u00f8k av to jusstudenter som har en studiehverdag utenom det vanlige. Theodor Middelthon seiler <span class=\"readmore\"><a href=\"https:\/\/nettop.guru\/wordpress\/episode-11-lar-jussen-seg-kombinere-erfaringer-fra-to-studenter\/\">Les mer &#8230;<\/a><\/span><\/p>\n","protected":false},"author":5,"featured_media":4357,"comment_status":"closed","ping_status":"closed","sticky":false,"template":"","format":"standard","meta":{"jetpack_post_was_ever_published":false,"_jetpack_newsletter_access":"","_jetpack_dont_email_post_to_subs":false,"_jetpack_newsletter_tier_id":0,"_jetpack_memberships_contains_paywalled_content":false,"_jetpack_memberships_contains_paid_content":false,"footnotes":"","jetpack_publicize_message":"","jetpack_publicize_feature_enabled":true,"jetpack_social_post_already_shared":true,"jetpack_social_options":{"image_generator_settings":{"template":"highway","default_image_id":0,"font":"","enabled":false},"version":2}},"categories":[2199],"tags":[258,2201,2316,2461],"class_list":["post-4689","post","type-post","status-publish","format-standard","has-post-thumbnail","hentry","category-paragrafprat","tag-studiehverdag","tag-rettsvitenskap","tag-jusstudent","tag-studieliv"],"jetpack_publicize_connections":[],"jetpack_featured_media_url":"https:\/\/i0.wp.com\/nettop.guru\/wordpress\/wp-content\/uploads\/2025\/02\/Paragrafprat_440x300px.png?fit=440%2C300&ssl=1","jetpack_sharing_enabled":true,"jetpack_shortlink":"https:\/\/wp.me\/p7OAJ5-1dD","jetpack-related-posts":[{"id":4751,"url":"https:\/\/nettop.guru\/wordpress\/fra-klasserom-til-operasjonsstue-forventninger-utfordringer-og-aha%e2%80%91oyeblikk-i-forste-semester\/","url_meta":{"origin":4689,"position":0},"title":"Fra klasserom til operasjonsstue: forventninger, utfordringer og aha\u2011\u00f8yeblikk i f\u00f8rste semester","author":"NettOp UiS","date":"12\/01\/2026","format":false,"excerpt":"I denne episoden unders\u00f8ker Malin f\u00f8rste\u00e5rsstudentene Hanne og Lenas forventninger og erfaringer fra \u00e5 begynne p\u00e5 master i spesialsykepleie p\u00e5 UiS og hvordan det har v\u00e6rt \u00e5 fordype seg i operasjonssykepleiefaget s\u00e5 langt. Vi f\u00e5r h\u00f8re om erfaringer med \u00e5 komme tilbake til skolebenken, overgangen fra bachelor til masterniv\u00e5 og\u2026","rel":"","context":"In &quot;Steril sone&quot;","block_context":{"text":"Steril sone","link":"https:\/\/nettop.guru\/wordpress\/category\/sterilsone\/"},"img":{"alt_text":"","src":"https:\/\/i0.wp.com\/nettop.guru\/wordpress\/wp-content\/uploads\/2025\/03\/Sterilsone_UiS_440x300px.png?fit=440%2C300&ssl=1&resize=350%2C200","width":350,"height":200},"classes":[]},{"id":4451,"url":"https:\/\/nettop.guru\/wordpress\/episode-5-rettshjelp-og-boligsosialloven-med-gatejuristen\/","url_meta":{"origin":4689,"position":1},"title":"Episode 5 &#8211; Rettshjelp og boligsosialloven med Gatejuristen","author":"NettOp UiS","date":"14\/04\/2025","format":false,"excerpt":"I denne episoden av paragrafprat har Gatejuristen v\u00e6rt p\u00e5 bes\u00f8k for \u00e5 snakke om sitt rettspolitiske prosjekt \"Gatas stemme\". I dette prosjektet har Gatejuristen satt seg fore \u00e5 samle inn erfaringer rundt norske kommuner sin kjennskap til rettighetene i boligsosialloven. Vi stiller dem sp\u00f8rsm\u00e5l om lovverket og prosjektet, og diskuterer\u2026","rel":"","context":"In &quot;Paragrafprat&quot;","block_context":{"text":"Paragrafprat","link":"https:\/\/nettop.guru\/wordpress\/category\/paragrafprat\/"},"img":{"alt_text":"","src":"https:\/\/i0.wp.com\/nettop.guru\/wordpress\/wp-content\/uploads\/2025\/02\/Paragrafprat_440x300px.png?fit=440%2C300&ssl=1&resize=350%2C200","width":350,"height":200},"classes":[]},{"id":4571,"url":"https:\/\/nettop.guru\/wordpress\/ikke-bare-en-aksent-erfaringer-fra-studenter-med-norsk-som-andresprak\/","url_meta":{"origin":4689,"position":2},"title":"Ikke bare en aksent: Erfaringer fra studenter med norsk som andrespr\u00e5k","author":"NettOp UiS","date":"14\/07\/2025","format":false,"excerpt":"Hvordan er det \u00e5 studere barnevern n\u00e5r norsk ikke er morsm\u00e5let ditt? I denne episoden m\u00f8ter vi N2-studenter som deler sine erfaringer med \u00e5 ta en h\u00f8yere utdanning p\u00e5 et nytt spr\u00e5k \u2013 og ikke minst, med \u00e5 utdanne seg til et yrke som krever b\u00e5de faglig trygghet og spr\u00e5klig\u2026","rel":"","context":"In &quot;Kaf\u00e9 Student&quot;","block_context":{"text":"Kaf\u00e9 Student","link":"https:\/\/nettop.guru\/wordpress\/category\/kafe-student\/"},"img":{"alt_text":"","src":"https:\/\/i0.wp.com\/nettop.guru\/wordpress\/wp-content\/uploads\/2023\/04\/KafeStudent_440x300px.png?fit=440%2C300&ssl=1&resize=350%2C200","width":350,"height":200},"classes":[]},{"id":4889,"url":"https:\/\/nettop.guru\/wordpress\/innpass-hvordan-fa-tilgang-til-forskningsfeltet\/","url_meta":{"origin":4689,"position":3},"title":"Innpass \u2013 Hvordan f\u00e5 tilgang til forskningsfeltet?","author":"NettOp UiS","date":"21\/04\/2026","format":false,"excerpt":"Hvordan f\u00e5r man tilgang til de milj\u00f8ene eller de menneskene man vil forske p\u00e5? Holder det med en formell godkjenning? Eller kreves det noe mer for \u00e5 f\u00e5 folk til \u00e5 \u00e5pne seg opp og dele av sine erfaringer? Denne episoden av Ugreit\u00a0handler om innpass. Vi f\u00e5r historien om en\u2026","rel":"","context":"In &quot;Ugreit\u00a0&quot;","block_context":{"text":"Ugreit\u00a0","link":"https:\/\/nettop.guru\/wordpress\/category\/ugreit\/"},"img":{"alt_text":"","src":"https:\/\/i0.wp.com\/nettop.guru\/wordpress\/wp-content\/uploads\/2026\/03\/440x300_UGREIT.png?fit=440%2C300&ssl=1&resize=350%2C200","width":350,"height":200},"classes":[]},{"id":4062,"url":"https:\/\/nettop.guru\/wordpress\/studenters-erfaringer-med-korttidsutveksling-bip-i-finland\/","url_meta":{"origin":4689,"position":4},"title":"Studenters erfaringer med korttidsutveksling (BIP) i Finland","author":"NettOp UiS","date":"15\/08\/2024","format":false,"excerpt":"I denne episoden snakker vi med to studenter p\u00e5 bachelorprogrammene i barnevern og sosialt arbeid som reiste til W\u00e4sa i Finland og deltok p\u00e5 et korttidsutvekslingsprogram (BIP \u2013 Blended Intensive Program) sammen med studenter fra tre andre universiteter i Europa. Det fysiske seminaret i Finland varte i en uke, men\u2026","rel":"","context":"In &quot;Welfare Talks&quot;","block_context":{"text":"Welfare Talks","link":"https:\/\/nettop.guru\/wordpress\/category\/welfare-talks\/"},"img":{"alt_text":"","src":"https:\/\/i0.wp.com\/nettop.guru\/wordpress\/wp-content\/uploads\/2023\/01\/UiS_WelfareTalks_440x300px.png?fit=440%2C300&ssl=1&resize=350%2C200","width":350,"height":200},"classes":[]},{"id":4193,"url":"https:\/\/nettop.guru\/wordpress\/fra-vgs-til-uis\/","url_meta":{"origin":4689,"position":5},"title":"Fra vgs til UiS","author":"NettOp UiS","date":"28\/10\/2024","format":false,"excerpt":"Har du kjent p\u00e5 at det er annerledes \u00e5 v\u00e6re student enn \u00e5 v\u00e6re elev? Overgangen fra videreg\u00e5ende skole til h\u00f8yere utdanning kan f\u00f8les krevende n\u00e5r man er ny student. Heldigvis har du mye nyttig kunnskap med deg, i tillegg til at det er god hjelp \u00e5 f\u00e5! I denne\u2026","rel":"","context":"In &quot;Veiledningspodden&quot;","block_context":{"text":"Veiledningspodden","link":"https:\/\/nettop.guru\/wordpress\/category\/veiledningspodden\/"},"img":{"alt_text":"","src":"https:\/\/i0.wp.com\/nettop.guru\/wordpress\/wp-content\/uploads\/2019\/07\/Veiledningspodden_skrik_440x300.png?fit=440%2C300&ssl=1&resize=350%2C200","width":350,"height":200},"classes":[]}],"_links":{"self":[{"href":"https:\/\/nettop.guru\/wordpress\/wp-json\/wp\/v2\/posts\/4689","targetHints":{"allow":["GET"]}}],"collection":[{"href":"https:\/\/nettop.guru\/wordpress\/wp-json\/wp\/v2\/posts"}],"about":[{"href":"https:\/\/nettop.guru\/wordpress\/wp-json\/wp\/v2\/types\/post"}],"author":[{"embeddable":true,"href":"https:\/\/nettop.guru\/wordpress\/wp-json\/wp\/v2\/users\/5"}],"replies":[{"embeddable":true,"href":"https:\/\/nettop.guru\/wordpress\/wp-json\/wp\/v2\/comments?post=4689"}],"version-history":[{"count":2,"href":"https:\/\/nettop.guru\/wordpress\/wp-json\/wp\/v2\/posts\/4689\/revisions"}],"predecessor-version":[{"id":4696,"href":"https:\/\/nettop.guru\/wordpress\/wp-json\/wp\/v2\/posts\/4689\/revisions\/4696"}],"wp:featuredmedia":[{"embeddable":true,"href":"https:\/\/nettop.guru\/wordpress\/wp-json\/wp\/v2\/media\/4357"}],"wp:attachment":[{"href":"https:\/\/nettop.guru\/wordpress\/wp-json\/wp\/v2\/media?parent=4689"}],"wp:term":[{"taxonomy":"category","embeddable":true,"href":"https:\/\/nettop.guru\/wordpress\/wp-json\/wp\/v2\/categories?post=4689"},{"taxonomy":"post_tag","embeddable":true,"href":"https:\/\/nettop.guru\/wordpress\/wp-json\/wp\/v2\/tags?post=4689"}],"curies":[{"name":"wp","href":"https:\/\/api.w.org\/{rel}","templated":true}]}}