{"id":4778,"date":"2026-02-05T10:01:00","date_gmt":"2026-02-05T09:01:00","guid":{"rendered":"https:\/\/nettop.guru\/wordpress\/?p=4778"},"modified":"2026-01-23T10:03:54","modified_gmt":"2026-01-23T09:03:54","slug":"episode-19-mapuchene-urfolk-i-sor-chile-og-statkraft-religion-og-land-under-press","status":"publish","type":"post","link":"https:\/\/nettop.guru\/wordpress\/episode-19-mapuchene-urfolk-i-sor-chile-og-statkraft-religion-og-land-under-press\/","title":{"rendered":"Episode 19: Mapuchene\u2013urfolk i S\u00f8r Chile og Statkraft: Religion og land under press"},"content":{"rendered":"\n<p style=\"font-weight: 400;\">Lektor Victor McGregor tilbrakte tre m\u00e5neder i 2024 hos mapuche\u2011folket i S\u00f8r-Chile, der han unders\u00f8kte deres kamp mot utbyggingen av vannkraftverk i regi av Statkraft. I denne episoden deler han innsikt fra feltarbeidet sitt og fra masteravhandlingen han skrev p\u00e5 bakgrunn av oppholdet. Samtalen gir et n\u00e6rt innblikk i hvordan en urfolkgruppe kjemper for \u00e5 bevare land, kultur og tradisjoner i m\u00f8te med utbyggingsprosjekter. Victor forteller om mapuchenes religi\u00f8se praksiser, deres forhold til naturen, og hvilke historiske og politiske forhold som preger situasjonen i dag. Episoden passer s\u00e6rlig godt for l\u00e6rere og elever som arbeider med temaene urbefolkning, menneskerettigheter og konflikter knyttet til naturressurser, og kan fungere som et sterkt utgangspunkt for undervisning og refleksjon i skolen.<\/p>\n<p style=\"font-weight: 400;\">\u00a0<\/p>\n<p style=\"font-weight: 400;\">Hvis du \u00f8nsker \u00e5 vite mer:<\/p>\n<p style=\"font-weight: 400;\">Victor McGregor (2024<em>). \u201cThis is the Land of our Ancestors\u201d: The Roles of Religion in the Pilmaiken Conflict between the Mapuche-Huilliche and Statkraft<\/em> [Masteravhandling]. Universitetet i Bergen.\u00a0<a href=\"https:\/\/bora.uib.no\/bora-xmlui\/handle\/11250\/3203459\">https:\/\/bora.uib.no\/bora-xmlui\/handle\/11250\/3203459<\/a>\u00a0<\/p>\n<p style=\"font-weight: 400;\">Elida H\u00f8eg (21.09.2025). Statkraft utnytter vart hellige territorium. <a href=\"https:\/\/www.morgenbladet.no\/samfunn\/statkraft-utnytter-vart-hellige-territorium\/9954800\">https:\/\/www.morgenbladet.no\/samfunn\/statkraft-utnytter-vart-hellige-territorium\/9954800<\/a><\/p>\n<p style=\"font-weight: 400;\">Globalpilmaiken: <a href=\"https:\/\/www.instagram.com\/globalpilmaiken\/\">https:\/\/www.instagram.com\/globalpilmaiken\/<\/a> og <a href=\"https:\/\/www.instagram.com\/p\/DH8RPy1Op4-\/\">https:\/\/www.instagram.com\/p\/DH8RPy1Op4-\/<\/a>\u00a0<\/p>\n<div class=\"powerpress_player\" id=\"powerpress_player_7096\"><audio class=\"wp-audio-shortcode\" id=\"audio-4778-1\" preload=\"none\" style=\"width: 100%;\" controls=\"controls\"><source type=\"audio\/mpeg\" src=\"https:\/\/media.blubrry.com\/erasmus_enfermera_espaola\/dts.podtrac.com\/redirect.mp3\/podcast.uis.no\/media\/Refill\/2025_1211_1431_Master.mp3?_=1\" \/><a href=\"https:\/\/media.blubrry.com\/erasmus_enfermera_espaola\/dts.podtrac.com\/redirect.mp3\/podcast.uis.no\/media\/Refill\/2025_1211_1431_Master.mp3\">https:\/\/media.blubrry.com\/erasmus_enfermera_espaola\/dts.podtrac.com\/redirect.mp3\/podcast.uis.no\/media\/Refill\/2025_1211_1431_Master.mp3<\/a><\/audio><\/div><p class=\"powerpress_links powerpress_links_mp3\" style=\"margin-bottom: 1px !important;\">Podcast: <a href=\"https:\/\/media.blubrry.com\/erasmus_enfermera_espaola\/dts.podtrac.com\/redirect.mp3\/podcast.uis.no\/media\/Refill\/2025_1211_1431_Master.mp3\" class=\"powerpress_link_pinw\" target=\"_blank\" title=\"Play in new window\" onclick=\"return powerpress_pinw('https:\/\/nettop.guru\/wordpress\/?powerpress_pinw=4778-podcast');\" rel=\"nofollow\">Play in new window<\/a> | <a href=\"https:\/\/media.blubrry.com\/erasmus_enfermera_espaola\/dts.podtrac.com\/redirect.mp3\/podcast.uis.no\/media\/Refill\/2025_1211_1431_Master.mp3\" class=\"powerpress_link_d\" title=\"Download\" rel=\"nofollow\" download=\"2025_1211_1431_Master.mp3\">Download<\/a> (Duration: 40:57 &#8212; 56.2MB) | <a href=\"#\" class=\"powerpress_link_e\" title=\"Embed\" onclick=\"return powerpress_show_embed('4778-podcast');\" rel=\"nofollow\">Embed<\/a><\/p><p class=\"powerpress_embed_box\" id=\"powerpress_embed_4778-podcast\" style=\"display: none;\"><input id=\"powerpress_embed_4778-podcast_t\" type=\"text\" value=\"&lt;iframe width=&quot;320&quot; height=&quot;30&quot; src=&quot;https:\/\/nettop.guru\/wordpress\/?powerpress_embed=4778-podcast&amp;amp;powerpress_player=mediaelement-audio&quot; title=&quot;Blubrry Podcast Player&quot; frameborder=&quot;0&quot; scrolling=&quot;no&quot;&gt;&lt;\/iframe&gt;\" onclick=\"javascript: this.select();\" onfocus=\"javascript: this.select();\" style=\"width: 70%;\" readOnly><\/p><p class=\"powerpress_links powerpress_subscribe_links\">Subscribe: <a href=\"https:\/\/subscribebyemail.com\/nettop.guru\/wordpress\/feed\/podcast\/\" class=\"powerpress_link_subscribe powerpress_link_subscribe_email\" target=\"_blank\" title=\"Subscribe by Email\" rel=\"nofollow\">Email<\/a> | <a href=\"https:\/\/nettop.guru\/wordpress\/feed\/podcast\/\" class=\"powerpress_link_subscribe powerpress_link_subscribe_rss\" target=\"_blank\" title=\"Subscribe via RSS\" rel=\"nofollow\">RSS<\/a> | <a href=\"https:\/\/nettop.guru\/wordpress\/\" class=\"powerpress_link_subscribe powerpress_link_subscribe_more\" target=\"_blank\" title=\"More\" rel=\"nofollow\">More<\/a><\/p><!--powerpress_player-->","protected":false},"excerpt":{"rendered":"<p>Lektor Victor McGregor tilbrakte tre m\u00e5neder i 2024 hos mapuche\u2011folket i S\u00f8r-Chile, der han unders\u00f8kte deres kamp mot utbyggingen av vannkraftverk i regi av Statkraft. I denne episoden deler han innsikt fra feltarbeidet sitt og fra masteravhandlingen han skrev p\u00e5 <span class=\"readmore\"><a href=\"https:\/\/nettop.guru\/wordpress\/episode-19-mapuchene-urfolk-i-sor-chile-og-statkraft-religion-og-land-under-press\/\">Les mer &#8230;<\/a><\/span><\/p>\n","protected":false},"author":5,"featured_media":4262,"comment_status":"closed","ping_status":"closed","sticky":false,"template":"","format":"standard","meta":{"jetpack_post_was_ever_published":false,"_jetpack_newsletter_access":"","_jetpack_dont_email_post_to_subs":false,"_jetpack_newsletter_tier_id":0,"_jetpack_memberships_contains_paywalled_content":false,"_jetpack_memberships_contains_paid_content":false,"footnotes":"","jetpack_publicize_message":"","jetpack_publicize_feature_enabled":true,"jetpack_social_post_already_shared":true,"jetpack_social_options":{"image_generator_settings":{"template":"highway","default_image_id":0,"font":"","enabled":false},"version":2}},"categories":[2126],"tags":[2220,2507,2508],"class_list":["post-4778","post","type-post","status-publish","format-standard","has-post-thumbnail","hentry","category-refill-en-podkast-om-religion-filosofi-og-livssyn","tag-urfolk","tag-mapuche","tag-chile"],"jetpack_publicize_connections":[],"jetpack_featured_media_url":"https:\/\/i0.wp.com\/nettop.guru\/wordpress\/wp-content\/uploads\/2024\/12\/UiS_REFILL_Podcast_440x300px.png?fit=440%2C300&ssl=1","jetpack_sharing_enabled":true,"jetpack_shortlink":"https:\/\/wp.me\/p7OAJ5-1f4","jetpack-related-posts":[{"id":4376,"url":"https:\/\/nettop.guru\/wordpress\/4376-2\/","url_meta":{"origin":4778,"position":0},"title":"Episode 6: Hva er Urfolk?","author":"NettOp UiS","date":"04\/03\/2025","format":false,"excerpt":"En samtale med professor Bj\u00f8rn Ola Tafjord, UiB, om urfolk globalt og lokalt, med eksempler fra Talamanca, Costa Rica.\u00a0 Her finner du informasjon, inspirasjon og ressurser fra fagmilj\u00f8et for religion, filosofi og livssyn ved Universitetet i Stavanger. Transkripsjon av episoden.","rel":"","context":"In &quot;Refill&quot;","block_context":{"text":"Refill","link":"https:\/\/nettop.guru\/wordpress\/category\/refill-en-podkast-om-religion-filosofi-og-livssyn\/"},"img":{"alt_text":"","src":"https:\/\/i0.wp.com\/nettop.guru\/wordpress\/wp-content\/uploads\/2024\/12\/UiS_REFILL_Podcast_440x300px.png?fit=440%2C300&ssl=1&resize=350%2C200","width":350,"height":200},"classes":[]},{"id":3464,"url":"https:\/\/nettop.guru\/wordpress\/skolestart-hvordan-skape-en-trygg-og-god-start\/","url_meta":{"origin":4778,"position":1},"title":"Episode 14: Skolestart: Hvordan skape en trygg og god start?","author":"NettOp UiS","date":"14\/04\/2023","format":false,"excerpt":"Hvorfor er det s\u00e5 viktig at barna v\u00e5re opplever en trygg og god start n\u00e5r de skal begynne p\u00e5 skolen? Hvordan kan skolen best mulig legge til rette for en god skolestart for 5-6-\u00e5ringene som skal begynne p\u00e5 skolen for aller f\u00f8rste gang, men ogs\u00e5 s\u00f8rge for at resten av\u2026","rel":"","context":"In &quot;L\u00e6ringsmilj\u00f8 i skole og barnehage&quot;","block_context":{"text":"L\u00e6ringsmilj\u00f8 i skole og barnehage","link":"https:\/\/nettop.guru\/wordpress\/category\/laeringsmiljo-i-skole-og-barnehage\/"},"img":{"alt_text":"","src":"https:\/\/i0.wp.com\/nettop.guru\/wordpress\/wp-content\/uploads\/2023\/01\/Laringsmiljosenteret_LiSkoleBhge_440x300.jpg?fit=440%2C300&ssl=1&resize=350%2C200","width":350,"height":200},"classes":[]},{"id":4876,"url":"https:\/\/nettop.guru\/wordpress\/fra-erfaren-til-masterstudent-og-novise-en-aerlig-samtale-med-andrearsstudenter-om-overganger-og-utvikling\/","url_meta":{"origin":4778,"position":2},"title":"Fra erfaren til masterstudent og novise \u2013 en \u00e6rlig samtale med andre\u00e5rsstudenter om overganger og utvikling","author":"NettOp UiS","date":"20\/04\/2026","format":false,"excerpt":"I denne episoden m\u00f8ter vi to masterstudenter som deler hvordan det er \u00e5 g\u00e5 fra en etablert karriere til \u00e5 bli student igjen. De snakker om forskjellene mellom bachelor- og masterstudier, om \u00e5 v\u00e6re student p\u00e5 sin fremtidige arbeidsplass, og om overgangen fra \u00e5 v\u00e6re f\u00f8rste- til andre\u00e5rsstudent p\u00e5 master\u2026","rel":"","context":"In &quot;Steril sone&quot;","block_context":{"text":"Steril sone","link":"https:\/\/nettop.guru\/wordpress\/category\/sterilsone\/"},"img":{"alt_text":"","src":"https:\/\/i0.wp.com\/nettop.guru\/wordpress\/wp-content\/uploads\/2025\/03\/Sterilsone_UiS_440x300px.png?fit=440%2C300&ssl=1&resize=350%2C200","width":350,"height":200},"classes":[]},{"id":3613,"url":"https:\/\/nettop.guru\/wordpress\/saksbehandling-i-barnevernstjenesten-3-3-tidlig-oppstart-av-undersokelsen\/","url_meta":{"origin":4778,"position":3},"title":"Saksbehandling i barnevernstjenesten ( 3\/3 ): Tidlig oppstart av unders\u00f8kelsen","author":"NettOp UiS","date":"03\/07\/2023","format":false,"excerpt":"Episoden retter s\u00f8kelyset mot saksbehandling i barnevernstjenesten, og spesielt p\u00e5 oppstart av en unders\u00f8kelse. For \u00e5 arbeide mot et godt samarbeid med foreldre og barn fra oppstart av en barnevernssak, prater Marit Klemp Stephansen, fra Sandnes barnevernstjeneste og Wenche Hovland, fra Uis, i episode om \u00e5 benytte Antonovskys begreper om\u2026","rel":"","context":"In &quot;Kaf\u00e9 Student&quot;","block_context":{"text":"Kaf\u00e9 Student","link":"https:\/\/nettop.guru\/wordpress\/category\/kafe-student\/"},"img":{"alt_text":"","src":"https:\/\/i0.wp.com\/nettop.guru\/wordpress\/wp-content\/uploads\/2023\/04\/KafeStudent_440x300px.png?fit=440%2C300&ssl=1&resize=350%2C200","width":350,"height":200},"classes":[]},{"id":4707,"url":"https:\/\/nettop.guru\/wordpress\/barns-medvirkning-i-nemnda-samtale-med-nemndsleder-kathrine-sevheim\/","url_meta":{"origin":4778,"position":4},"title":"Barns medvirkning i nemnda \u2013 samtale med nemndsleder Kathrine Sevheim","author":"NettOp UiS","date":"25\/11\/2025","format":false,"excerpt":"Hvordan sikrer vi at barn ikke bare blir lyttet til, men faktisk f\u00e5r innflytelse i saker som gjelder deres eget liv? I denne episoden m\u00f8ter Wenche Hovland nemndleder Kathrine Sevheim fra Barneverns- og helsenemnda. Med over ti \u00e5rs erfaring l\u00f8fter Sevheim fram hva medvirkning betyr i praksis \u2013 fra f\u00f8rste\u2026","rel":"","context":"In &quot;Kaf\u00e9 Student&quot;","block_context":{"text":"Kaf\u00e9 Student","link":"https:\/\/nettop.guru\/wordpress\/category\/kafe-student\/"},"img":{"alt_text":"","src":"https:\/\/i0.wp.com\/nettop.guru\/wordpress\/wp-content\/uploads\/2023\/04\/KafeStudent_440x300px.png?fit=440%2C300&ssl=1&resize=350%2C200","width":350,"height":200},"classes":[]},{"id":4788,"url":"https:\/\/nettop.guru\/wordpress\/episode-7-hverdagsmatematikk-mestring-og-inkludering-forskerperspektiver-fra-verdi\/","url_meta":{"origin":4778,"position":5},"title":"Episode 7 &#8211; Hverdagsmatematikk, mestring og inkludering \u2013 forskerperspektiver fra VERDI","author":"NettOp UiS","date":"09\/02\/2026","format":false,"excerpt":"I denne episoden av Matematikk for livet m\u00f8ter vi forskerne Mona Rosenlund og Martin Stokke, som deler sine perspektiver p\u00e5 hverdagsmatematikk og betydningen av matematisk kompetanse for \u00e5 mestre livet. Samtalen viser hvordan matematikk ikke bare handler om skolefag, men om \u00e5 forst\u00e5 verden rundt oss \u2013 gjennom tid, \u00f8konomi,\u2026","rel":"","context":"In &quot;Matematikk for livet&quot;","block_context":{"text":"Matematikk for livet","link":"https:\/\/nettop.guru\/wordpress\/category\/matematikk-for-livet\/"},"img":{"alt_text":"","src":"https:\/\/i0.wp.com\/nettop.guru\/wordpress\/wp-content\/uploads\/2025\/12\/Matematikk_for_livet_UiS_logo_Podcast_440x300px_mal-copy.png?fit=440%2C300&ssl=1&resize=350%2C200","width":350,"height":200},"classes":[]}],"_links":{"self":[{"href":"https:\/\/nettop.guru\/wordpress\/wp-json\/wp\/v2\/posts\/4778","targetHints":{"allow":["GET"]}}],"collection":[{"href":"https:\/\/nettop.guru\/wordpress\/wp-json\/wp\/v2\/posts"}],"about":[{"href":"https:\/\/nettop.guru\/wordpress\/wp-json\/wp\/v2\/types\/post"}],"author":[{"embeddable":true,"href":"https:\/\/nettop.guru\/wordpress\/wp-json\/wp\/v2\/users\/5"}],"replies":[{"embeddable":true,"href":"https:\/\/nettop.guru\/wordpress\/wp-json\/wp\/v2\/comments?post=4778"}],"version-history":[{"count":1,"href":"https:\/\/nettop.guru\/wordpress\/wp-json\/wp\/v2\/posts\/4778\/revisions"}],"predecessor-version":[{"id":4779,"href":"https:\/\/nettop.guru\/wordpress\/wp-json\/wp\/v2\/posts\/4778\/revisions\/4779"}],"wp:featuredmedia":[{"embeddable":true,"href":"https:\/\/nettop.guru\/wordpress\/wp-json\/wp\/v2\/media\/4262"}],"wp:attachment":[{"href":"https:\/\/nettop.guru\/wordpress\/wp-json\/wp\/v2\/media?parent=4778"}],"wp:term":[{"taxonomy":"category","embeddable":true,"href":"https:\/\/nettop.guru\/wordpress\/wp-json\/wp\/v2\/categories?post=4778"},{"taxonomy":"post_tag","embeddable":true,"href":"https:\/\/nettop.guru\/wordpress\/wp-json\/wp\/v2\/tags?post=4778"}],"curies":[{"name":"wp","href":"https:\/\/api.w.org\/{rel}","templated":true}]}}