{"id":4900,"date":"2026-04-27T10:07:07","date_gmt":"2026-04-27T08:07:07","guid":{"rendered":"https:\/\/nettop.guru\/wordpress\/?p=4900"},"modified":"2026-04-27T10:07:10","modified_gmt":"2026-04-27T08:07:10","slug":"kor-ofte-lyg-du","status":"publish","type":"post","link":"https:\/\/nettop.guru\/wordpress\/kor-ofte-lyg-du\/","title":{"rendered":"Kor ofte lyg du?"},"content":{"rendered":"\n<p><span class=\"s2\">I denne podkasten blir det utforska kvifor menneske ikkje snakkar sant.<\/span> <span class=\"s2\">Kva som f\u00e5r dei til \u00e5 halde tilbake informasjon, og kvifor mange endar opp med \u00e5 overdrive eller seie ting som ikkje heilt stemmer.<\/span> <span class=\"s2\">N\u00e5r nokon lyg, \u00a0tek dei ein sjanse, for dersom l\u00f8gna er grov nok, kan tilliten bli borte for godt.<\/span> <span class=\"s2\">H\u00f8yr p\u00e5 podkasten, og ta ein prat med nokon du kjenner om erfaringar med folk som ikkje alltid seier ting som de<\/span><span class=\"s2\">i<\/span><span class=\"s2\"> er.<\/span><\/p>\n<p><a href=\"https:\/\/podcast.uis.no\/media\/Omdomme_rykte_sladder\/2026_0323_1303.pdf\" target=\"_blank\" rel=\"noopener\">Transkripsjon av episoden<\/a><\/p>\n<div class=\"powerpress_player\" id=\"powerpress_player_620\"><audio class=\"wp-audio-shortcode\" id=\"audio-4900-1\" preload=\"none\" style=\"width: 100%;\" controls=\"controls\"><source type=\"audio\/mpeg\" src=\"https:\/\/media.blubrry.com\/erasmus_enfermera_espaola\/dts.podtrac.com\/redirect.mp3\/podcast.uis.no\/media\/Omdomme_rykte_sladder\/2026_0323_1303_MASTER.mp3?_=1\" \/><a href=\"https:\/\/media.blubrry.com\/erasmus_enfermera_espaola\/dts.podtrac.com\/redirect.mp3\/podcast.uis.no\/media\/Omdomme_rykte_sladder\/2026_0323_1303_MASTER.mp3\">https:\/\/media.blubrry.com\/erasmus_enfermera_espaola\/dts.podtrac.com\/redirect.mp3\/podcast.uis.no\/media\/Omdomme_rykte_sladder\/2026_0323_1303_MASTER.mp3<\/a><\/audio><\/div><p class=\"powerpress_links powerpress_links_mp3\" style=\"margin-bottom: 1px !important;\">Podcast: <a href=\"https:\/\/media.blubrry.com\/erasmus_enfermera_espaola\/dts.podtrac.com\/redirect.mp3\/podcast.uis.no\/media\/Omdomme_rykte_sladder\/2026_0323_1303_MASTER.mp3\" class=\"powerpress_link_pinw\" target=\"_blank\" title=\"Play in new window\" onclick=\"return powerpress_pinw('https:\/\/nettop.guru\/wordpress\/?powerpress_pinw=4900-podcast');\" rel=\"nofollow\">Play in new window<\/a> | <a href=\"https:\/\/media.blubrry.com\/erasmus_enfermera_espaola\/dts.podtrac.com\/redirect.mp3\/podcast.uis.no\/media\/Omdomme_rykte_sladder\/2026_0323_1303_MASTER.mp3\" class=\"powerpress_link_d\" title=\"Download\" rel=\"nofollow\" download=\"2026_0323_1303_MASTER.mp3\">Download<\/a> (Duration: 7:48 &#8212; 8.9MB) | <a href=\"#\" class=\"powerpress_link_e\" title=\"Embed\" onclick=\"return powerpress_show_embed('4900-podcast');\" rel=\"nofollow\">Embed<\/a><\/p><p class=\"powerpress_embed_box\" id=\"powerpress_embed_4900-podcast\" style=\"display: none;\"><input id=\"powerpress_embed_4900-podcast_t\" type=\"text\" value=\"&lt;iframe width=&quot;320&quot; height=&quot;30&quot; src=&quot;https:\/\/nettop.guru\/wordpress\/?powerpress_embed=4900-podcast&amp;amp;powerpress_player=mediaelement-audio&quot; title=&quot;Blubrry Podcast Player&quot; frameborder=&quot;0&quot; scrolling=&quot;no&quot;&gt;&lt;\/iframe&gt;\" onclick=\"javascript: this.select();\" onfocus=\"javascript: this.select();\" style=\"width: 70%;\" readOnly><\/p><p class=\"powerpress_links powerpress_subscribe_links\">Subscribe: <a href=\"https:\/\/subscribebyemail.com\/nettop.guru\/wordpress\/feed\/podcast\/\" class=\"powerpress_link_subscribe powerpress_link_subscribe_email\" target=\"_blank\" title=\"Subscribe by Email\" rel=\"nofollow\">Email<\/a> | <a href=\"https:\/\/nettop.guru\/wordpress\/feed\/podcast\/\" class=\"powerpress_link_subscribe powerpress_link_subscribe_rss\" target=\"_blank\" title=\"Subscribe via RSS\" rel=\"nofollow\">RSS<\/a> | <a href=\"https:\/\/nettop.guru\/wordpress\/\" class=\"powerpress_link_subscribe powerpress_link_subscribe_more\" target=\"_blank\" title=\"More\" rel=\"nofollow\">More<\/a><\/p><!--powerpress_player-->","protected":false},"excerpt":{"rendered":"<p>I denne podkasten blir det utforska kvifor menneske ikkje snakkar sant. Kva som f\u00e5r dei til \u00e5 halde tilbake informasjon, og kvifor mange endar opp med \u00e5 overdrive eller seie ting som ikkje heilt stemmer. N\u00e5r nokon lyg, \u00a0tek dei <span class=\"readmore\"><a href=\"https:\/\/nettop.guru\/wordpress\/kor-ofte-lyg-du\/\">Les mer &#8230;<\/a><\/span><\/p>\n","protected":false},"author":5,"featured_media":4245,"comment_status":"closed","ping_status":"closed","sticky":false,"template":"","format":"standard","meta":{"jetpack_post_was_ever_published":false,"_jetpack_newsletter_access":"","_jetpack_dont_email_post_to_subs":false,"_jetpack_newsletter_tier_id":0,"_jetpack_memberships_contains_paywalled_content":false,"_jetpack_memberships_contains_paid_content":false,"footnotes":"","jetpack_publicize_message":"","jetpack_publicize_feature_enabled":true,"jetpack_social_post_already_shared":true,"jetpack_social_options":{"image_generator_settings":{"template":"highway","default_image_id":0,"font":"","enabled":false},"version":2}},"categories":[2125],"tags":[2553,2554],"class_list":["post-4900","post","type-post","status-publish","format-standard","has-post-thumbnail","hentry","category-omdomme-rykte-og-sladder","tag-logn","tag-omdommeforskning"],"jetpack_publicize_connections":[],"jetpack_featured_media_url":"https:\/\/i0.wp.com\/nettop.guru\/wordpress\/wp-content\/uploads\/2024\/12\/Podcast_OmdommeNarveDolve_440x300px.png?fit=440%2C300&ssl=1","jetpack_sharing_enabled":true,"jetpack_shortlink":"https:\/\/wp.me\/p7OAJ5-1h2","jetpack-related-posts":[{"id":4304,"url":"https:\/\/nettop.guru\/wordpress\/kvifor-vil-ikkje-fleire-bli-laerar\/","url_meta":{"origin":4900,"position":0},"title":"Kvifor vil ikkje fleire bli l\u00e6rar? Med Kari N. Nordtun, Elaine Munthe og Hege E. R\u00f8en","author":"NettOp UiS","date":"24\/01\/2025","format":false,"excerpt":"Alle kan einast om at l\u00e6rarane gjer ein viktig og verdifull jobb. Kvifor st\u00e5r d\u00e5 ikkje ungdommen i k\u00f8 for \u00e5 bli l\u00e6rar? Klaus Mohn samtaler med kunnskapsminister Kari Nessa Nordtun, professor Elaine Munthe og skolesjef i Sandnes Hege Egaas R\u00f8en om kva som ligg bak fr\u00e5fallet av s\u00f8kjarar til\u2026","rel":"","context":"In &quot;mohnitor&quot;","block_context":{"text":"mohnitor","link":"https:\/\/nettop.guru\/wordpress\/category\/mohnitor\/"},"img":{"alt_text":"","src":"https:\/\/i0.wp.com\/nettop.guru\/wordpress\/wp-content\/uploads\/2025\/01\/mohnitor_440x300.jpg?fit=440%2C300&ssl=1&resize=350%2C200","width":350,"height":200},"classes":[]},{"id":3975,"url":"https:\/\/nettop.guru\/wordpress\/episode-24-skulen-sitt-forste-mote-med-elevar-og-foresette\/","url_meta":{"origin":4900,"position":1},"title":"Episode 24: Skulen sitt f\u00f8rste m\u00f8te med elevar og f\u00f8resette","author":"NettOp UiS","date":"13\/05\/2024","format":false,"excerpt":"I desse dagar er det mange 5-6-\u00e5ringar som vitjar skulen dei skal byrje p\u00e5 i haust. Dei er sj\u00f8lvsagt spente p\u00e5 kva skulen eigentleg er, og kva det \u00e5 byrje p\u00e5 skulen faktisk inneber. Men det er ikkje berre borna som skal byrje p\u00e5 skulen til hausten som er spente.\u2026","rel":"","context":"In &quot;L\u00e6ringsmilj\u00f8 i skole og barnehage&quot;","block_context":{"text":"L\u00e6ringsmilj\u00f8 i skole og barnehage","link":"https:\/\/nettop.guru\/wordpress\/category\/laeringsmiljo-i-skole-og-barnehage\/"},"img":{"alt_text":"","src":"https:\/\/i0.wp.com\/nettop.guru\/wordpress\/wp-content\/uploads\/2023\/01\/Laringsmiljosenteret_LiSkoleBhge_440x300.jpg?fit=440%2C300&ssl=1&resize=350%2C200","width":350,"height":200},"classes":[]},{"id":3596,"url":"https:\/\/nettop.guru\/wordpress\/kan-kan-ikkje-kvifor-er-skjonn-sa-viktig-og-vanskelig\/","url_meta":{"origin":4900,"position":2},"title":"Kan, kan ikkje, &#8211; kvifor er skj\u00f8nn s\u00e5 viktig og -vanskelig?","author":"NettOp UiS","date":"12\/09\/2023","format":false,"excerpt":"I episoden m\u00f8ter du tre fagpersoner, \u00a0Anne Birkeland (Nav- leder), Kirsten Olsen (Nav- Rogaland) og Liv Jorunn B. Skippervik (Universitetet i Stavanger) som snakkar om skj\u00f8nn i NAV fr\u00e5 deira respektive st\u00e5stader og perspektiv. Deltakarane reflekterer rundt behovet for og plassen til skj\u00f8nns- og regelbruk \u00a0i NAV-kontoret. \u00a0Eit sentralt poeng\u2026","rel":"","context":"In &quot;Welfare Talks&quot;","block_context":{"text":"Welfare Talks","link":"https:\/\/nettop.guru\/wordpress\/category\/welfare-talks\/"},"img":{"alt_text":"","src":"https:\/\/i0.wp.com\/nettop.guru\/wordpress\/wp-content\/uploads\/2023\/01\/UiS_WelfareTalks_440x300px.png?fit=440%2C300&ssl=1&resize=350%2C200","width":350,"height":200},"classes":[]},{"id":3776,"url":"https:\/\/nettop.guru\/wordpress\/episode-18-vaksne-som-mobbar-eigne-elevar\/","url_meta":{"origin":4900,"position":3},"title":"Episode 18: Vaksne som mobbar eigne elevar","author":"NettOp UiS","date":"13\/11\/2023","format":false,"excerpt":"At elevar vert utsett for mobbing av vaksne p\u00e5 skolen, er eit globalt problem. I dei fleste tilfella dreier det seg om l\u00e6rarar som krenkjer eller mobbar sine eigne elevar. Kvifor gjer dei det? Og kva gjer dette med elevane som opplev \u00e5 verte mobba eller krenkja av ein vaksen\u2026","rel":"","context":"In &quot;L\u00e6ringsmilj\u00f8 i skole og barnehage&quot;","block_context":{"text":"L\u00e6ringsmilj\u00f8 i skole og barnehage","link":"https:\/\/nettop.guru\/wordpress\/category\/laeringsmiljo-i-skole-og-barnehage\/"},"img":{"alt_text":"","src":"https:\/\/i0.wp.com\/nettop.guru\/wordpress\/wp-content\/uploads\/2023\/01\/Laringsmiljosenteret_LiSkoleBhge_440x300.jpg?fit=440%2C300&ssl=1&resize=350%2C200","width":350,"height":200},"classes":[]},{"id":3744,"url":"https:\/\/nettop.guru\/wordpress\/korleis-kan-barnehagen-stimulere-barn-sin-luktesans-og-kvifor-er-det-sa-viktig\/","url_meta":{"origin":4900,"position":4},"title":"Episode 17: Korleis kan barnehagen stimulere barn sin luktesans \u2013 og kvifor er det s\u00e5 viktig?","author":"NettOp UiS","date":"25\/10\/2023","format":false,"excerpt":"Luktesansen er den sansen som vert minst forst\u00e5tt, meiner professor Natalia Ingebretsen Kucirkova. I denne podcasten fortel ho om luktesansen, og kvifor den er s\u00e5 viktig. Eit tips kan vere \u00e5 ta med barnehagegruppa p\u00e5 \u00abduftetur\u00bb i n\u00e6romr\u00e5det. Men det finnes ogs\u00e5 mange andre m\u00e5tar dei tilsette i barnehagane kan\u2026","rel":"","context":"In &quot;L\u00e6ringsmilj\u00f8 i skole og barnehage&quot;","block_context":{"text":"L\u00e6ringsmilj\u00f8 i skole og barnehage","link":"https:\/\/nettop.guru\/wordpress\/category\/laeringsmiljo-i-skole-og-barnehage\/"},"img":{"alt_text":"","src":"https:\/\/i0.wp.com\/nettop.guru\/wordpress\/wp-content\/uploads\/2023\/01\/Laringsmiljosenteret_LiSkoleBhge_440x300.jpg?fit=440%2C300&ssl=1&resize=350%2C200","width":350,"height":200},"classes":[]},{"id":4728,"url":"https:\/\/nettop.guru\/wordpress\/episode-41-born-si-oppleving-av-meistring\/","url_meta":{"origin":4900,"position":5},"title":"Episode 41: Born si oppleving av meistring","author":"NettOp UiS","date":"05\/12\/2025","format":false,"excerpt":"Alle som har born eller jobbar i barnehage, har h\u00f8yrt f\u00f8lgjande frase fr\u00e5 ein barnemunn: \u00abJammen, eg f\u00e5r det ikkje til\u00bb. Men kva skjer om vi legg til \u00abenno\u00bb i setninga? \u00abEg har ikkje f\u00e5tt det til, enno\u00bb. \u00a0 Korleis kan dette ordet \u00abenno\u00bb seiast \u00e5 vere litt magisk n\u00e5r\u2026","rel":"","context":"In &quot;L\u00e6ringsmilj\u00f8 i skole og barnehage&quot;","block_context":{"text":"L\u00e6ringsmilj\u00f8 i skole og barnehage","link":"https:\/\/nettop.guru\/wordpress\/category\/laeringsmiljo-i-skole-og-barnehage\/"},"img":{"alt_text":"","src":"https:\/\/i0.wp.com\/nettop.guru\/wordpress\/wp-content\/uploads\/2023\/01\/Laringsmiljosenteret_LiSkoleBhge_440x300.jpg?fit=440%2C300&ssl=1&resize=350%2C200","width":350,"height":200},"classes":[]}],"_links":{"self":[{"href":"https:\/\/nettop.guru\/wordpress\/wp-json\/wp\/v2\/posts\/4900","targetHints":{"allow":["GET"]}}],"collection":[{"href":"https:\/\/nettop.guru\/wordpress\/wp-json\/wp\/v2\/posts"}],"about":[{"href":"https:\/\/nettop.guru\/wordpress\/wp-json\/wp\/v2\/types\/post"}],"author":[{"embeddable":true,"href":"https:\/\/nettop.guru\/wordpress\/wp-json\/wp\/v2\/users\/5"}],"replies":[{"embeddable":true,"href":"https:\/\/nettop.guru\/wordpress\/wp-json\/wp\/v2\/comments?post=4900"}],"version-history":[{"count":1,"href":"https:\/\/nettop.guru\/wordpress\/wp-json\/wp\/v2\/posts\/4900\/revisions"}],"predecessor-version":[{"id":4901,"href":"https:\/\/nettop.guru\/wordpress\/wp-json\/wp\/v2\/posts\/4900\/revisions\/4901"}],"wp:featuredmedia":[{"embeddable":true,"href":"https:\/\/nettop.guru\/wordpress\/wp-json\/wp\/v2\/media\/4245"}],"wp:attachment":[{"href":"https:\/\/nettop.guru\/wordpress\/wp-json\/wp\/v2\/media?parent=4900"}],"wp:term":[{"taxonomy":"category","embeddable":true,"href":"https:\/\/nettop.guru\/wordpress\/wp-json\/wp\/v2\/categories?post=4900"},{"taxonomy":"post_tag","embeddable":true,"href":"https:\/\/nettop.guru\/wordpress\/wp-json\/wp\/v2\/tags?post=4900"}],"curies":[{"name":"wp","href":"https:\/\/api.w.org\/{rel}","templated":true}]}}