{"id":764,"date":"2016-08-23T13:21:25","date_gmt":"2016-08-23T11:21:25","guid":{"rendered":"http:\/\/nettop.guru\/wordpress\/?p=764"},"modified":"2022-03-02T10:19:55","modified_gmt":"2022-03-02T09:19:55","slug":"psykiatri-selvmord-og-selvmordsforebygging","status":"publish","type":"post","link":"https:\/\/nettop.guru\/wordpress\/psykiatri-selvmord-og-selvmordsforebygging\/","title":{"rendered":"Psykiatri: Selvmord og selvmordsforebygging"},"content":{"rendered":"<p>Manusforfatter: Alla A. M. Passeniouk, MD. 2012 V.1<br \/>Spr\u00e5kvask og innlesing: Kjell Inge Torgersen 2012<\/p>\n\n<div class=\"powerpress_player\" id=\"powerpress_player_8537\"><audio class=\"wp-audio-shortcode\" id=\"audio-764-1\" preload=\"none\" style=\"width: 100%;\" controls=\"controls\"><source type=\"audio\/mpeg\" src=\"https:\/\/media.blubrry.com\/erasmus_enfermera_espaola\/dts.podtrac.com\/redirect.mp3\/podcast.uis.no\/media\/Sykepleie\/BSY252\/BSY252_Psykiatri-Selvmord-og-selvmordsforebygging.mp3?_=1\" \/><a href=\"https:\/\/media.blubrry.com\/erasmus_enfermera_espaola\/dts.podtrac.com\/redirect.mp3\/podcast.uis.no\/media\/Sykepleie\/BSY252\/BSY252_Psykiatri-Selvmord-og-selvmordsforebygging.mp3\">https:\/\/media.blubrry.com\/erasmus_enfermera_espaola\/dts.podtrac.com\/redirect.mp3\/podcast.uis.no\/media\/Sykepleie\/BSY252\/BSY252_Psykiatri-Selvmord-og-selvmordsforebygging.mp3<\/a><\/audio><\/div><p class=\"powerpress_links powerpress_links_mp3\" style=\"margin-bottom: 1px !important;\">Podcast: <a href=\"https:\/\/media.blubrry.com\/erasmus_enfermera_espaola\/dts.podtrac.com\/redirect.mp3\/podcast.uis.no\/media\/Sykepleie\/BSY252\/BSY252_Psykiatri-Selvmord-og-selvmordsforebygging.mp3\" class=\"powerpress_link_pinw\" target=\"_blank\" title=\"Play in new window\" onclick=\"return powerpress_pinw('https:\/\/nettop.guru\/wordpress\/?powerpress_pinw=764-podcast');\" rel=\"nofollow\">Play in new window<\/a> | <a href=\"https:\/\/media.blubrry.com\/erasmus_enfermera_espaola\/dts.podtrac.com\/redirect.mp3\/podcast.uis.no\/media\/Sykepleie\/BSY252\/BSY252_Psykiatri-Selvmord-og-selvmordsforebygging.mp3\" class=\"powerpress_link_d\" title=\"Download\" rel=\"nofollow\" download=\"BSY252_Psykiatri-Selvmord-og-selvmordsforebygging.mp3\">Download<\/a> (Duration: 45:30 &#8212; 39.9MB) | <a href=\"#\" class=\"powerpress_link_e\" title=\"Embed\" onclick=\"return powerpress_show_embed('764-podcast');\" rel=\"nofollow\">Embed<\/a><\/p><p class=\"powerpress_embed_box\" id=\"powerpress_embed_764-podcast\" style=\"display: none;\"><input id=\"powerpress_embed_764-podcast_t\" type=\"text\" value=\"&lt;iframe width=&quot;320&quot; height=&quot;30&quot; src=&quot;https:\/\/nettop.guru\/wordpress\/?powerpress_embed=764-podcast&amp;amp;powerpress_player=mediaelement-audio&quot; title=&quot;Blubrry Podcast Player&quot; frameborder=&quot;0&quot; scrolling=&quot;no&quot;&gt;&lt;\/iframe&gt;\" onclick=\"javascript: this.select();\" onfocus=\"javascript: this.select();\" style=\"width: 70%;\" readOnly><\/p><p class=\"powerpress_links powerpress_subscribe_links\">Subscribe: <a href=\"https:\/\/subscribebyemail.com\/nettop.guru\/wordpress\/feed\/podcast\/\" class=\"powerpress_link_subscribe powerpress_link_subscribe_email\" target=\"_blank\" title=\"Subscribe by Email\" rel=\"nofollow\">Email<\/a> | <a href=\"https:\/\/nettop.guru\/wordpress\/feed\/podcast\/\" class=\"powerpress_link_subscribe powerpress_link_subscribe_rss\" target=\"_blank\" title=\"Subscribe via RSS\" rel=\"nofollow\">RSS<\/a> | <a href=\"https:\/\/nettop.guru\/wordpress\/\" class=\"powerpress_link_subscribe powerpress_link_subscribe_more\" target=\"_blank\" title=\"More\" rel=\"nofollow\">More<\/a><\/p><!--powerpress_player-->","protected":false},"excerpt":{"rendered":"<p>Manusforfatter: Alla A. M. Passeniouk, MD. 2012 V.1Spr\u00e5kvask og innlesing: Kjell Inge Torgersen 2012 https:\/\/media.blubrry.com\/erasmus_enfermera_espaola\/dts.podtrac.com\/redirect.mp3\/podcast.uis.no\/media\/Sykepleie\/BSY252\/BSY252_Psykiatri-Selvmord-og-selvmordsforebygging.mp3 Podcast: Play in new window | Download (Duration: 45:30 &#8212; 39.9MB) | Embed Subscribe: Email | RSS | More<\/p>\n","protected":false},"author":5,"featured_media":0,"comment_status":"closed","ping_status":"closed","sticky":false,"template":"","format":"standard","meta":{"jetpack_post_was_ever_published":false,"_jetpack_newsletter_access":"","_jetpack_dont_email_post_to_subs":false,"_jetpack_newsletter_tier_id":0,"_jetpack_memberships_contains_paywalled_content":false,"_jetpack_memberships_contains_paid_content":false,"footnotes":"","jetpack_publicize_message":"","jetpack_publicize_feature_enabled":true,"jetpack_social_post_already_shared":true,"jetpack_social_options":{"image_generator_settings":{"template":"highway","default_image_id":0,"font":"","enabled":false},"version":2}},"categories":[20],"tags":[338],"class_list":["post-764","post","type-post","status-publish","format-standard","hentry","category-bsy252","tag-sykepleie"],"jetpack_publicize_connections":[],"jetpack_featured_media_url":"","jetpack_sharing_enabled":true,"jetpack_shortlink":"https:\/\/wp.me\/p7OAJ5-ck","jetpack-related-posts":[{"id":739,"url":"https:\/\/nettop.guru\/wordpress\/svangerskap-fodsel-og-barsel\/","url_meta":{"origin":764,"position":0},"title":"Svangerskap, f\u00f8dsel og barsel","author":"NettOp UiS","date":"23\/08\/2016","format":false,"excerpt":"Manusforfatter: Anikken Forgaard 2012 Spr\u00e5kvask og innlesing: Kjell Inge Torgersen 2012","rel":"","context":"In &quot;Sykepleie til pasient og p\u00e5r\u00f8rende. Del 2&quot;","block_context":{"text":"Sykepleie til pasient og p\u00e5r\u00f8rende. Del 2","link":"https:\/\/nettop.guru\/wordpress\/category\/bsy251\/"},"img":{"alt_text":"","src":"","width":0,"height":0},"classes":[]},{"id":760,"url":"https:\/\/nettop.guru\/wordpress\/psykiatri-psykose-og-nevrose\/","url_meta":{"origin":764,"position":1},"title":"Psykiatri: Psykose og nevrose","author":"NettOp UiS","date":"23\/08\/2016","format":false,"excerpt":"Manusforfatter: Alla A. M. Passeniouk, MD. 2012 V.1 Spr\u00e5kvask og innlesing: Kjell Inge Torgersen 2012","rel":"","context":"In &quot;Sykepleiens naturvitenskapelige og medisinske grunnlag 2 Del A&quot;","block_context":{"text":"Sykepleiens naturvitenskapelige og medisinske grunnlag 2 Del A","link":"https:\/\/nettop.guru\/wordpress\/category\/bsy252\/"},"img":{"alt_text":"","src":"","width":0,"height":0},"classes":[]},{"id":455,"url":"https:\/\/nettop.guru\/wordpress\/kvalitativ-metode\/","url_meta":{"origin":764,"position":2},"title":"Kvalitativ metode","author":"NettOp UiS","date":"22\/08\/2016","format":false,"excerpt":"Manusforfatter: Margareth Kristoffersen 2012 Spr\u00e5kvask og innlesing: Kjell Inge Torgersen 2012","rel":"","context":"In &quot;Selvstendighet og ansvar i sykepleien&quot;","block_context":{"text":"Selvstendighet og ansvar i sykepleien","link":"https:\/\/nettop.guru\/wordpress\/category\/bsybac\/"},"img":{"alt_text":"","src":"","width":0,"height":0},"classes":[]},{"id":458,"url":"https:\/\/nettop.guru\/wordpress\/statistikk\/","url_meta":{"origin":764,"position":3},"title":"Statistikk","author":"NettOp UiS","date":"22\/08\/2016","format":false,"excerpt":"Manusforfatter: Jan Terje Kval\u00f8y, dr.ing 2012 Spr\u00e5kvask og innlesing: Kjell Inge Torgersen 2012","rel":"","context":"In &quot;Selvstendighet og ansvar i sykepleien&quot;","block_context":{"text":"Selvstendighet og ansvar i sykepleien","link":"https:\/\/nettop.guru\/wordpress\/category\/bsybac\/"},"img":{"alt_text":"","src":"","width":0,"height":0},"classes":[]},{"id":453,"url":"https:\/\/nettop.guru\/wordpress\/introduksjon-til-forskningsprosessen\/","url_meta":{"origin":764,"position":4},"title":"Introduksjon til forskningsprosessen","author":"NettOp UiS","date":"22\/08\/2016","format":false,"excerpt":"Manusforfatter: Margareth Kristoffersen 2012 Spr\u00e5kvask og innlesning: Kjell Inge Torgersen 2012","rel":"","context":"In &quot;Selvstendighet og ansvar i sykepleien&quot;","block_context":{"text":"Selvstendighet og ansvar i sykepleien","link":"https:\/\/nettop.guru\/wordpress\/category\/bsybac\/"},"img":{"alt_text":"","src":"","width":0,"height":0},"classes":[]},{"id":736,"url":"https:\/\/nettop.guru\/wordpress\/sykepleie-ved-demens\/","url_meta":{"origin":764,"position":5},"title":"Sykepleie ved demens","author":"NettOp UiS","date":"23\/08\/2016","format":false,"excerpt":"Manusforfatter: H\u00e5vard Knutsen 2012 Spr\u00e5kvask og innlesing: Kjell Inge Torgersen 2012","rel":"","context":"In &quot;Sykepleie til pasient og p\u00e5r\u00f8rende. Del 2&quot;","block_context":{"text":"Sykepleie til pasient og p\u00e5r\u00f8rende. Del 2","link":"https:\/\/nettop.guru\/wordpress\/category\/bsy251\/"},"img":{"alt_text":"","src":"","width":0,"height":0},"classes":[]}],"_links":{"self":[{"href":"https:\/\/nettop.guru\/wordpress\/wp-json\/wp\/v2\/posts\/764","targetHints":{"allow":["GET"]}}],"collection":[{"href":"https:\/\/nettop.guru\/wordpress\/wp-json\/wp\/v2\/posts"}],"about":[{"href":"https:\/\/nettop.guru\/wordpress\/wp-json\/wp\/v2\/types\/post"}],"author":[{"embeddable":true,"href":"https:\/\/nettop.guru\/wordpress\/wp-json\/wp\/v2\/users\/5"}],"replies":[{"embeddable":true,"href":"https:\/\/nettop.guru\/wordpress\/wp-json\/wp\/v2\/comments?post=764"}],"version-history":[{"count":2,"href":"https:\/\/nettop.guru\/wordpress\/wp-json\/wp\/v2\/posts\/764\/revisions"}],"predecessor-version":[{"id":3087,"href":"https:\/\/nettop.guru\/wordpress\/wp-json\/wp\/v2\/posts\/764\/revisions\/3087"}],"wp:attachment":[{"href":"https:\/\/nettop.guru\/wordpress\/wp-json\/wp\/v2\/media?parent=764"}],"wp:term":[{"taxonomy":"category","embeddable":true,"href":"https:\/\/nettop.guru\/wordpress\/wp-json\/wp\/v2\/categories?post=764"},{"taxonomy":"post_tag","embeddable":true,"href":"https:\/\/nettop.guru\/wordpress\/wp-json\/wp\/v2\/tags?post=764"}],"curies":[{"name":"wp","href":"https:\/\/api.w.org\/{rel}","templated":true}]}}